{"id":23444,"date":"2022-10-25T09:35:16","date_gmt":"2022-10-25T12:35:16","guid":{"rendered":"https:\/\/radiorevelacionfm.cl\/?p=23444"},"modified":"2022-10-25T09:35:16","modified_gmt":"2022-10-25T12:35:16","slug":"proyecto-reposicion-escuela-despertar-de-puerto-aysen-obtiene-anhelado-rs","status":"publish","type":"post","link":"https:\/\/radiorevelacionfm.cl\/?p=23444","title":{"rendered":"Proyecto reposici\u00f3n Escuela Despertar de Puerto Ays\u00e9n obtiene anhelado RS"},"content":{"rendered":"<div class=\"flex_column av_one_full  flex_column_div av-zero-column-padding first  avia-builder-el-0  el_before_av_one_full  avia-builder-el-first  \" style='border-radius:0px; '><div  class='avia-image-container  av-styling-    avia-builder-el-1  avia-builder-el-no-sibling  avia-align-center '  itemprop=\"image\" itemscope=\"itemscope\" itemtype=\"https:\/\/schema.org\/ImageObject\"  ><div class='avia-image-container-inner'><div class='avia-image-overlay-wrap'><img decoding=\"async\" class='wp-image-23445 avia-img-lazy-loading-not-23445 avia_image' src=\"https:\/\/radiorevelacionfm.cl\/wp-content\/uploads\/2022\/10\/312868042_992183285066765_7065567445494020692_n-1-1.jpg\" alt='' title='312868042_992183285066765_7065567445494020692_n (1) (1)' height=\"600\" width=\"800\"  itemprop=\"thumbnailUrl\" srcset=\"https:\/\/radiorevelacionfm.cl\/wp-content\/uploads\/2022\/10\/312868042_992183285066765_7065567445494020692_n-1-1.jpg 800w, https:\/\/radiorevelacionfm.cl\/wp-content\/uploads\/2022\/10\/312868042_992183285066765_7065567445494020692_n-1-1-300x225.jpg 300w, https:\/\/radiorevelacionfm.cl\/wp-content\/uploads\/2022\/10\/312868042_992183285066765_7065567445494020692_n-1-1-768x576.jpg 768w, https:\/\/radiorevelacionfm.cl\/wp-content\/uploads\/2022\/10\/312868042_992183285066765_7065567445494020692_n-1-1-705x529.jpg 705w, https:\/\/radiorevelacionfm.cl\/wp-content\/uploads\/2022\/10\/312868042_992183285066765_7065567445494020692_n-1-1-600x450.jpg 600w\" sizes=\"(max-width: 800px) 100vw, 800px\" \/><\/div><\/div><\/div><\/div><div class=\"flex_column av_one_full  flex_column_div av-zero-column-padding first  avia-builder-el-2  el_after_av_one_full  el_before_av_one_full  column-top-margin\" style='border-radius:0px; '><section class=\"av_textblock_section \"  itemscope=\"itemscope\" itemtype=\"https:\/\/schema.org\/BlogPosting\" itemprop=\"blogPost\" ><div class='avia_textblock  '   itemprop=\"text\" ><p style=\"text-align: center;\"><strong><span style=\"font-size: 18pt;\">Proyecto reposici\u00f3n Escuela Despertar de Puerto Ays\u00e9n obtiene anhelado RS <\/span><\/strong><\/p>\n<div id=\"gtx-trans\" style=\"position: absolute; left: -50px; top: 4.31534px;\">\n<div class=\"gtx-trans-icon\"><\/div>\n<\/div>\n<\/div><\/section><\/div><div class=\"flex_column av_one_full  flex_column_div av-zero-column-padding first  avia-builder-el-4  el_after_av_one_full  el_before_av_hr  column-top-margin\" style='border-radius:0px; '><section class=\"av_textblock_section \"  itemscope=\"itemscope\" itemtype=\"https:\/\/schema.org\/BlogPosting\" itemprop=\"blogPost\" ><div class='avia_textblock  '   itemprop=\"text\" ><p style=\"text-align: justify;\">El siguiente paso es lograr el financiamiento que permita la ejecuci\u00f3n de la iniciativa.<\/p>\n<p style=\"text-align: justify;\">\u201cNos vamos muy contentos, alegres por este gran paso\u201d, manifest\u00f3 Andrea Paillacar, presidenta del centro general de Padres y Apoderados de la escuela Despertar, tras la reuni\u00f3n que convocaran este lunes, en la que participaron autoridades regionales, provinciales y comunales, adem\u00e1s de profesores, especialistas, apoderados y estudiantes del establecimiento educacional aysenino.<\/p>\n<p style=\"text-align: justify;\">Ello, con la finalidad de oficializar la reciente obtenci\u00f3n de la Recomendaci\u00f3n Favorable por parte del ministerio de Desarrollo Social. Instancia que les permite continuar con el proceso, de cara al siguiente paso, que es la consecuci\u00f3n de los recursos en el Gobierno Regional para su ejecuci\u00f3n.<\/p>\n<p style=\"text-align: justify;\">\u201cHoy nos informaron que est\u00e1n todas las buenas intenciones para que sea puesto en tabla para que pueda ser financiado por el Gobierno Regional. Ojal\u00e1 terminar este 2022 con el c\u00f3digo proyecto para empezar el 2023 con todo el empuje, as\u00ed que estamos felices como comunidad educativa, especialmente, nuestros hijos que son los que se merecen esto, que sea un digno lugar para venir a estudiar\u201d, explic\u00f3 emocionada la presidenta del CGA.<\/p>\n<p style=\"text-align: justify;\">Al respecto, durante mucho tiempo la iniciativa se vio entrampada en la revisi\u00f3n de antecedentes, lo cual no permit\u00eda dar continuidad al proyecto, que surgi\u00f3 en 2016. A casi seis a\u00f1os desde su g\u00e9nesis, y luego de diversas gestiones a nivel regional y nacional -que implic\u00f3 por parte de las autoridades de la regi\u00f3n reunirse recientemente con el ministro de Desarrollo Social, Giorgio Jackson, entre otras acciones-, este viernes \u00faltimo fue anunciado a la comunidad educativa la obtenci\u00f3n de la recomendaci\u00f3n t\u00e9cnica favorable, dado que el proyecto logr\u00f3 cumplir con todos los est\u00e1ndares definidos por el sistema nacional de inversiones.<\/p>\n<p style=\"text-align: justify;\">\u201cEstamos muy contentos, mucha emoci\u00f3n por parte de los padres y apoderados al recibir esta noticia, nosotros hemos trabajado fuertemente para que este proyecto pudiera salir lo m\u00e1s pronto posible. Lo logramos, aqu\u00ed ha habido muchas personas que han ayudado a que esto sea as\u00ed a trav\u00e9s de los ministerios de vivienda y desarrollo social a nivel regi\u00f3n, quienes apuraron el proyecto, reevaluaron, y eso no tiene muy contentos. El apoyo de la gobernadora para abrir esta posibilidad, entre otros\u201d, se\u00f1al\u00f3 el edil aysenino, Julio Uribe, agregando que \u201cahora a esperar que lo m\u00e1s pronto posible sea puesto en tabla para su financiamiento, porque d\u00eda a d\u00eda van subiendo los costos de materiales, los costos tecnol\u00f3gicos, por lo tanto, es importante que esto sea pueda financiar lo m\u00e1s pronto posible para entrar en proceso de ejecuci\u00f3n\u201d.<\/p>\n<p style=\"text-align: justify;\">Por su parte, la seremi de la cartera de Desarrollo Social y Familia, Karina Acevedo, relev\u00f3 el esfuerzo mancomunado tras esta determinaci\u00f3n, que hoy m\u00e1s que nunca aviva las esperanzas de contar con un establecimiento acorde a los desaf\u00edos que implica la atenci\u00f3n de estudiantes con capacidades distintas. \u201cHa sido un trabajo arduo que ha hecho el equipo del DEM junto con el alcalde. Hemos tenido varias reuniones para ir avanzando, revisando cada uno de las observaciones pero, en definitiva, lo que hicimos fue trabajar en forma equipada, en forma coordinada. Estamos comprometidos con lo que estamos haciendo. Es nuestro deber como seremi, adem\u00e1s, que los recursos se queden en la regi\u00f3n, potencien las iniciativas regionales\u201d.<\/p>\n<p style=\"text-align: justify;\">Asimismo, la gobernadora regional, Andrea Mac\u00edas, se mostr\u00f3 muy satisfecha por el resultado de las gestiones y lo que ello implica para este recinto educativo, \u00fanico en su tipo en la comuna aysenina, y que busca otorgar una mejor calidad de vida a sus alumnos, de manera que puedan desarrollarse en la medida de su capacidad y aspirar a una relativa independencia y sobre todo mejorar su est\u00e1ndar de vida.<\/p>\n<p style=\"text-align: justify;\">\u201cLa verdad es que para nosotros esto es un tremendo hito, muchos a\u00f1os que esta comunidad educativa esperaba por poder mejorar las condiciones, la dignidad con que se educa hoy d\u00eda sobre todo a personas con discapacidad. En ese sentido, como gobierno regional hoy reafirmamos nuestro compromiso. Es una inversi\u00f3n gigante, son M$5.800 pero que la escuela Despertar requiere. Cuando la pol\u00edtica p\u00fablica dice que hay que poner a las personas en el centro, estas son acciones concretas que van en esa l\u00ednea. Inversi\u00f3n p\u00fablica que impacta en la vida de cada una de las personas que habita la regi\u00f3n\u201d, indic\u00f3 la primera autoridad regional.<\/p>\n<p style=\"text-align: justify;\">Esta iniciativa de reposici\u00f3n -gestionada por la Unidad de proyectos de la Direcci\u00f3n de Educaci\u00f3n Municipal-, proyecta una superficie de construcci\u00f3n estimada de 2.500 m2, cuyo dise\u00f1o est\u00e1 conformado por una estructura mixta, de acero y hormig\u00f3n armado, en torno a un patio central de juegos. Entre los recintos destacan los talleres de especialidad; como lavander\u00eda y cocina, un invernadero adosado de policarbonato, sala de fisioterapia, hidroterapia, biblioteca interactiva, entre otros espacios, el cual durante su ejecuci\u00f3n permitir\u00e1 una arquitectura atractiva que aporte al urbanismo de la capital comunal, asimismo, una importante cuota en cuanto a absorci\u00f3n de mano de obra.<\/p>\n<p style=\"text-align: justify;\">\u201cSon muy buenas noticias para la escuela, una espera anhelada. Estamos muy contentos como equipo. Esperemos que de aqu\u00ed en adelante sean puras buenas noticias, para un establecimiento nuevo que nuestros estudiantes realmente se merecen pensando en sus capacidades, en los diagn\u00f3sticos, pero adem\u00e1s porque es un derecho para nuestros ni\u00f1os y j\u00f3venes, es dignidad. Agradecemos a todas las autoridades, apoderados, centro de padres, porque cuando se unen voluntades ac\u00e1 est\u00e1 el resultado\u201d, concluy\u00f3 la directora de la escuela Despertar, Claudia Retamal.<\/p>\n<\/div><\/section><\/div><div  style='height:50px' class='hr hr-invisible   avia-builder-el-6  el_after_av_one_full  el_before_av_social_share '><span class='hr-inner ' ><span class='hr-inner-style'><\/span><\/span><\/div><\/p>\n<div  class='av-social-sharing-box  avia-builder-el-7  el_after_av_hr  el_before_av_hr  '><div class='av-share-box'><h5 class='av-share-link-description av-no-toc '>Compartir esta noticia<\/h5><ul class='av-share-box-list noLightbox'><li class='av-share-link av-social-link-facebook' ><a target=\"_blank\" aria-label=\"Compartir en Facebook\" href='https:\/\/www.facebook.com\/sharer.php?u=https:\/\/radiorevelacionfm.cl\/?p=23444&#038;t=Proyecto%20reposici%C3%B3n%20Escuela%20Despertar%20de%20Puerto%20Ays%C3%A9n%20obtiene%20anhelado%20RS' aria-hidden='false' data-av_icon='\ue8f3' data-av_iconfont='entypo-fontello' title='' data-avia-related-tooltip='Compartir en Facebook' rel=\"noopener\"><span class='avia_hidden_link_text'>Compartir en Facebook<\/span><\/a><\/li><li class='av-share-link av-social-link-twitter' ><a target=\"_blank\" aria-label=\"Compartir en Twitter\" href='https:\/\/twitter.com\/share?text=Proyecto%20reposici%C3%B3n%20Escuela%20Despertar%20de%20Puerto%20Ays%C3%A9n%20obtiene%20anhelado%20RS&#038;url=https:\/\/radiorevelacionfm.cl\/?p=23444' aria-hidden='false' data-av_icon='\ue8f1' data-av_iconfont='entypo-fontello' title='' data-avia-related-tooltip='Compartir en Twitter' rel=\"noopener\"><span class='avia_hidden_link_text'>Compartir en Twitter<\/span><\/a><\/li><li class='av-share-link av-social-link-whatsapp' ><a target=\"_blank\" aria-label=\"Compartir en Whatsapp\" href='https:\/\/api.whatsapp.com\/send?text=https:\/\/radiorevelacionfm.cl\/?p=23444' aria-hidden='false' data-av_icon='\uf232' data-av_iconfont='entypo-fontello' title='' data-avia-related-tooltip='Compartir en Whatsapp' rel=\"noopener\"><span class='avia_hidden_link_text'>Compartir en Whatsapp<\/span><\/a><\/li><li class='av-share-link av-social-link-linkedin' ><a target=\"_blank\" aria-label=\"Compartir en LinkedIn\" href='https:\/\/linkedin.com\/shareArticle?mini=true&#038;title=Proyecto%20reposici%C3%B3n%20Escuela%20Despertar%20de%20Puerto%20Ays%C3%A9n%20obtiene%20anhelado%20RS&#038;url=https:\/\/radiorevelacionfm.cl\/?p=23444' aria-hidden='false' data-av_icon='\ue8fc' data-av_iconfont='entypo-fontello' title='' data-avia-related-tooltip='Compartir en LinkedIn' rel=\"noopener\"><span class='avia_hidden_link_text'>Compartir en LinkedIn<\/span><\/a><\/li><li class='av-share-link av-social-link-mail' ><a  aria-label=\"Compartir por correo\" href='mailto:?subject=Proyecto%20reposici%C3%B3n%20Escuela%20Despertar%20de%20Puerto%20Ays%C3%A9n%20obtiene%20anhelado%20RS&#038;body=https:\/\/radiorevelacionfm.cl\/?p=23444' aria-hidden='false' data-av_icon='\ue805' data-av_iconfont='entypo-fontello' title='' data-avia-related-tooltip='Compartir por correo'><span class='avia_hidden_link_text'>Compartir por correo<\/span><\/a><\/li><\/ul><\/div><\/div>\n<div  style='height:50px' class='hr hr-invisible   avia-builder-el-8  el_after_av_social_share  el_before_av_comments_list '><span class='hr-inner ' ><span class='hr-inner-style'><\/span><\/span><\/div>\n<div  class='av-buildercomment  av-blog-meta-html-info-disabled av-blog-meta-tag-disabled  '><\/div>\n","protected":false},"excerpt":{"rendered":"","protected":false},"author":1,"featured_media":23445,"comment_status":"open","ping_status":"open","sticky":false,"template":"","format":"standard","meta":{"footnotes":""},"categories":[38],"tags":[],"class_list":["post-23444","post","type-post","status-publish","format-standard","has-post-thumbnail","hentry","category-regional"],"jetpack_featured_media_url":"https:\/\/radiorevelacionfm.cl\/wp-content\/uploads\/2022\/10\/312868042_992183285066765_7065567445494020692_n-1-1.jpg","_links":{"self":[{"href":"https:\/\/radiorevelacionfm.cl\/index.php?rest_route=\/wp\/v2\/posts\/23444","targetHints":{"allow":["GET"]}}],"collection":[{"href":"https:\/\/radiorevelacionfm.cl\/index.php?rest_route=\/wp\/v2\/posts"}],"about":[{"href":"https:\/\/radiorevelacionfm.cl\/index.php?rest_route=\/wp\/v2\/types\/post"}],"author":[{"embeddable":true,"href":"https:\/\/radiorevelacionfm.cl\/index.php?rest_route=\/wp\/v2\/users\/1"}],"replies":[{"embeddable":true,"href":"https:\/\/radiorevelacionfm.cl\/index.php?rest_route=%2Fwp%2Fv2%2Fcomments&post=23444"}],"version-history":[{"count":2,"href":"https:\/\/radiorevelacionfm.cl\/index.php?rest_route=\/wp\/v2\/posts\/23444\/revisions"}],"predecessor-version":[{"id":23447,"href":"https:\/\/radiorevelacionfm.cl\/index.php?rest_route=\/wp\/v2\/posts\/23444\/revisions\/23447"}],"wp:featuredmedia":[{"embeddable":true,"href":"https:\/\/radiorevelacionfm.cl\/index.php?rest_route=\/wp\/v2\/media\/23445"}],"wp:attachment":[{"href":"https:\/\/radiorevelacionfm.cl\/index.php?rest_route=%2Fwp%2Fv2%2Fmedia&parent=23444"}],"wp:term":[{"taxonomy":"category","embeddable":true,"href":"https:\/\/radiorevelacionfm.cl\/index.php?rest_route=%2Fwp%2Fv2%2Fcategories&post=23444"},{"taxonomy":"post_tag","embeddable":true,"href":"https:\/\/radiorevelacionfm.cl\/index.php?rest_route=%2Fwp%2Fv2%2Ftags&post=23444"}],"curies":[{"name":"wp","href":"https:\/\/api.w.org\/{rel}","templated":true}]}}