{"id":23440,"date":"2022-10-25T09:14:36","date_gmt":"2022-10-25T12:14:36","guid":{"rendered":"https:\/\/radiorevelacionfm.cl\/?p=23440"},"modified":"2022-10-25T09:14:36","modified_gmt":"2022-10-25T12:14:36","slug":"general-patricio-santos-poblete-asume-jefatura-de-la-xi-zona-de-carabineros-aysen","status":"publish","type":"post","link":"https:\/\/radiorevelacionfm.cl\/?p=23440","title":{"rendered":"General Patricio Santos Poblete asume Jefatura de la XI Zona de Carabineros Ays\u00e9n"},"content":{"rendered":"<div class=\"flex_column av_one_full  flex_column_div av-zero-column-padding first  avia-builder-el-0  el_before_av_one_full  avia-builder-el-first  \" style='border-radius:0px; '><div  class='avia-image-container  av-styling-    avia-builder-el-1  avia-builder-el-no-sibling  avia-align-center '  itemprop=\"image\" itemscope=\"itemscope\" itemtype=\"https:\/\/schema.org\/ImageObject\"  ><div class='avia-image-container-inner'><div class='avia-image-overlay-wrap'><img decoding=\"async\" class='wp-image-23441 avia-img-lazy-loading-not-23441 avia_image' src=\"https:\/\/radiorevelacionfm.cl\/wp-content\/uploads\/2022\/10\/20221024_171554-1-1.jpg\" alt='' title='20221024_171554 (1) (1)' height=\"600\" width=\"1099\"  itemprop=\"thumbnailUrl\" srcset=\"https:\/\/radiorevelacionfm.cl\/wp-content\/uploads\/2022\/10\/20221024_171554-1-1.jpg 1099w, https:\/\/radiorevelacionfm.cl\/wp-content\/uploads\/2022\/10\/20221024_171554-1-1-300x164.jpg 300w, https:\/\/radiorevelacionfm.cl\/wp-content\/uploads\/2022\/10\/20221024_171554-1-1-1030x562.jpg 1030w, https:\/\/radiorevelacionfm.cl\/wp-content\/uploads\/2022\/10\/20221024_171554-1-1-768x419.jpg 768w, https:\/\/radiorevelacionfm.cl\/wp-content\/uploads\/2022\/10\/20221024_171554-1-1-705x385.jpg 705w, https:\/\/radiorevelacionfm.cl\/wp-content\/uploads\/2022\/10\/20221024_171554-1-1-600x328.jpg 600w\" sizes=\"(max-width: 1099px) 100vw, 1099px\" \/><\/div><\/div><\/div><\/div><div class=\"flex_column av_one_full  flex_column_div av-zero-column-padding first  avia-builder-el-2  el_after_av_one_full  el_before_av_one_full  column-top-margin\" style='border-radius:0px; '><section class=\"av_textblock_section \"  itemscope=\"itemscope\" itemtype=\"https:\/\/schema.org\/BlogPosting\" itemprop=\"blogPost\" ><div class='avia_textblock  '   itemprop=\"text\" ><p style=\"text-align: center;\"><span style=\"font-size: 18pt;\"><b>General Patricio Santos Poblete asume Jefatura de la XI Zona de Carabineros Ays\u00e9n<\/b><\/span><\/p>\n<div id=\"gtx-trans\" style=\"position: absolute; left: -50px; top: 4.31534px;\">\n<div class=\"gtx-trans-icon\"><\/div>\n<\/div>\n<\/div><\/section><\/div><div class=\"flex_column av_one_full  flex_column_div av-zero-column-padding first  avia-builder-el-4  el_after_av_one_full  el_before_av_hr  column-top-margin\" style='border-radius:0px; '><section class=\"av_textblock_section \"  itemscope=\"itemscope\" itemtype=\"https:\/\/schema.org\/BlogPosting\" itemprop=\"blogPost\" ><div class='avia_textblock  '   itemprop=\"text\" ><p class=\"v1gmail-MsoListParagraphCxSpFirst\" style=\"text-align: justify;\">El solemne acto se llev\u00f3 a efecto en dependencias del hangar de la Secci\u00f3n A\u00e9rea, ocasi\u00f3n en que el General Hugo Zenteno V\u00e1squez hizo traspaso del mando tras ocupar el cargo por dos a\u00f1os, pasando actualmente a retiro.<\/p>\n<p class=\"v1MsoNormal\" style=\"text-align: justify;\">Con un toque de silencio en memoria y homenaje de cada uno de los m\u00e1rtires de la Instituci\u00f3n que perdieron la vida cumpliendo con su promesa de servicio, entre los que se encuentra \u2013en la regi\u00f3n de Ays\u00e9n- el Teniente Hern\u00e1n Merino Correa \u2013H\u00e9roe del Siglo XX- se dio inicio a este acto administrativo.<\/p>\n<p class=\"v1MsoNormal\" style=\"text-align: justify;\">Se trata de 7 carabineros que han rendido la vida en lo que va transcurrido del presente a\u00f1o, totalizando a la fecha 1.229 vidas ofrendadas a la patria. Son los m\u00e1rtires de Carabineros, pero tambi\u00e9n lo son del pa\u00eds.<\/p>\n<p class=\"v1MsoNormal\" style=\"text-align: justify;\">Tras lo anterior se dio inicio a una solemne ceremonia de cambio de mando de la XI Zona de Carabineros Ays\u00e9n, la cual se llev\u00f3 a efecto en dependencias del hangar institucional y que cont\u00f3 con la presencia de diversas autoridades regionales, comunales, Fuerzas Armadas, organizaciones sociales e invitados especiales.<\/p>\n<p class=\"v1MsoNormal\" style=\"text-align: justify;\"><b>Acto administrativo<\/b><\/p>\n<p class=\"v1MsoNormal\" style=\"text-align: justify;\">Jean Monnet, considerado uno de los padres fundadores de la Europa unida, afirm\u00f3 que \u00ablos hombres pasan, pero las instituciones quedan; nada se puede hacer sin las personas, pero nada subsiste sin instituciones\u00bb.<\/p>\n<p class=\"v1MsoNormal\" style=\"text-align: justify;\">De esta manera Carabineros llev\u00f3 a efecto un acto administrativo de entrega de la alta repartici\u00f3n, y que constituye una gran importancia en el \u00e1mbito doctrinal, al ser una instancia en la que se asumen nuevas responsabilidades, pero que a la vez apuntan a la correcci\u00f3n del funcionamiento de las distintas \u00e1reas de la Instituci\u00f3n, cautelando el respeto y la observaci\u00f3n de los principios y valores tanto en la gesti\u00f3n administrativa como operativa.<\/p>\n<p class=\"v1MsoNormal\" style=\"text-align: justify;\">En el solemne acto \u2013tras la firma de actas- el General Hugo Zenteno V\u00e1squez hizo entrega de la XI Zona de Carabineros Ays\u00e9n al General Patricio Santos Poblete, quien asumi\u00f3 como titular de la citada alta repartici\u00f3n, acto administrativo que se llev\u00f3 a cabo ante el Director Nacional de Personal, General Inspector Rodrigo Cerda Navarro, quien presidi\u00f3 la entrega en calidad de interventor.<\/p>\n<p class=\"v1MsoNormal\" style=\"text-align: justify;\"><b>\u00abCrean en sus Carabineros\u00bb<\/b><\/p>\n<p class=\"v1MsoNormal\" style=\"text-align: justify;\">El General Hugo Zenteno V\u00e1squez \u2013tras cumplir dos a\u00f1os en el cargo- deja la Instituci\u00f3n al pasar a retiro, oportunidad en que agradeci\u00f3 el trabajo colaborativo y apoyo de las autoridades, juntas de vecinos, la comunidad y la calidez de sus habitantes, sumado al apoyo incondicional brindado por el personal durante la gesti\u00f3n, e inst\u00f3 a los carabineros a continuar trabajando para que Ays\u00e9n se mantenga tranquila y siga siendo una de las regiones m\u00e1s seguras del pa\u00eds.<\/p>\n<p class=\"v1MsoNormal\" style=\"text-align: justify;\">\u00abHemos cumplido una gran meta en pandemia, sin pandemia, con fr\u00edo, sin fr\u00edo, con nieve, y creo que los carabineros est\u00e1n muy comprometidos, van a seguir cumpliendo con su deber en el mar, en la monta\u00f1a como en tierra y lo m\u00e1s importante, es que crean en sus Carabineros (&#8230;) el General Santos va a continuar con los v\u00ednculos con la comunidad, de acercamiento, de modernizaci\u00f3n y de apoyo constante al m\u00e1s desvalido\u00bb, expres\u00f3.<\/p>\n<p class=\"v1MsoNormal\" style=\"text-align: justify;\"><b>Modernizaci\u00f3n y cercan\u00eda con la comunidad<\/b><\/p>\n<p class=\"v1MsoNormal\" style=\"text-align: justify;\">Por su parte el General Patricio Santos Poblete, comprometi\u00f3 continuar el trabajo y los v\u00ednculos generados por el General Zenteno, llevar adelante el proceso de modernizaci\u00f3n de Carabineros y reforma, conforme lo ha definido el Alto Mando Institucional encabezado por el General Director Ricardo Y\u00e1\u00f1ez Reveco, y que se traduce en contar con carabineros m\u00e1s profesionales y conectados con lo que el pa\u00eds necesita.<\/p>\n<p class=\"v1MsoNormal\" style=\"text-align: justify;\">\u00abRecuperar el contacto desde lo humano, desde la persona, desde el centro, es la raz\u00f3n de nuestro servicio y ese centro ac\u00e1 -en la regi\u00f3n- es el contacto con las personas, el patrullaje que se representa en el saludo, en el intercambio de experiencias, en la ayuda permanente y en todo aquello que guarda relaci\u00f3n con la seguridad\u00bb, profundiz\u00f3.<\/p>\n<p class=\"v1MsoNormal\" style=\"text-align: justify;\">Entre sus preocupaciones estar\u00e1 el bienestar del personal y velar por condiciones dignas y acordes a los tiempos actuales e incorporar tecnolog\u00eda para brindar cada vez un servicio m\u00e1s profesional de acuerdo a las expectativas que la comunidad deposita en la Instituci\u00f3n.<\/p>\n<p class=\"v1MsoNormal\" style=\"text-align: justify;\">Se trata de una regi\u00f3n con muchos lugares de dif\u00edcil acceso, donde muchas veces el \u00fanico contacto con la comunidad es a trav\u00e9s del carabinero y que constituye la ayuda permanente hacia la comunidad.<\/p>\n<p class=\"v1MsoNormal\" style=\"text-align: justify;\">Pr\u00f3ximamente el General Poblete realizar\u00e1 un recorrido por los cuarteles existentes a lo largo del territorio e iniciar\u00e1 un trabajo conjunto con las autoridades regionales, locales y juntas de vecinos para el desarrollo de un trabajo eficiente, profesional ad portas del centenario, con una oferta de seguridad que sea capaz de resolver la mayor\u00eda de los problemas que est\u00e1n a nuestro alcance.<\/p>\n<p class=\"v1MsoNormal\" style=\"text-align: justify;\">Junto con enfatizar en el fortalecimiento y el valor de la familia, indic\u00f3 que ello es clave para controlar estos elementos o desviaciones sociales que constituyen el delito.<\/p>\n<p class=\"v1MsoNormal\" style=\"text-align: justify;\">\u00abEn la medida que construimos una sociedad mejor, disminuye la probabilidad de tener episodios de violencia y de delincuencia\u00bb, expres\u00f3 el Jefe de la XI Zona de Carabineros Ays\u00e9n.<\/p>\n<p class=\"v1MsoNormal\" style=\"text-align: justify;\">El Oficial General indic\u00f3 que pr\u00f3ximamente concretar\u00e1 reuniones con las autoridades locales para recoger sus percepciones y trabajar en ellas, as\u00ed como en el bienestar del personal, potenciar los v\u00ednculos de confianza con la sociedad civil y la comunidad para llevar paz y tranquilidad a la regi\u00f3n y sus habitantes.<\/p>\n<\/div><\/section><\/div><div  style='height:50px' class='hr hr-invisible   avia-builder-el-6  el_after_av_one_full  el_before_av_social_share '><span class='hr-inner ' ><span class='hr-inner-style'><\/span><\/span><\/div><\/p>\n<div  class='av-social-sharing-box  avia-builder-el-7  el_after_av_hr  el_before_av_hr  '><div class='av-share-box'><h5 class='av-share-link-description av-no-toc '>Compartir esta noticia<\/h5><ul class='av-share-box-list noLightbox'><li class='av-share-link av-social-link-facebook' ><a target=\"_blank\" aria-label=\"Compartir en Facebook\" href='https:\/\/www.facebook.com\/sharer.php?u=https:\/\/radiorevelacionfm.cl\/?p=23440&#038;t=General%20Patricio%20Santos%20Poblete%20asume%20Jefatura%20de%20la%20XI%20Zona%20de%20Carabineros%20Ays%C3%A9n' aria-hidden='false' data-av_icon='\ue8f3' data-av_iconfont='entypo-fontello' title='' data-avia-related-tooltip='Compartir en Facebook' rel=\"noopener\"><span class='avia_hidden_link_text'>Compartir en Facebook<\/span><\/a><\/li><li class='av-share-link av-social-link-twitter' ><a target=\"_blank\" aria-label=\"Compartir en Twitter\" href='https:\/\/twitter.com\/share?text=General%20Patricio%20Santos%20Poblete%20asume%20Jefatura%20de%20la%20XI%20Zona%20de%20Carabineros%20Ays%C3%A9n&#038;url=https:\/\/radiorevelacionfm.cl\/?p=23440' aria-hidden='false' data-av_icon='\ue8f1' data-av_iconfont='entypo-fontello' title='' data-avia-related-tooltip='Compartir en Twitter' rel=\"noopener\"><span class='avia_hidden_link_text'>Compartir en Twitter<\/span><\/a><\/li><li class='av-share-link av-social-link-whatsapp' ><a target=\"_blank\" aria-label=\"Compartir en Whatsapp\" href='https:\/\/api.whatsapp.com\/send?text=https:\/\/radiorevelacionfm.cl\/?p=23440' aria-hidden='false' data-av_icon='\uf232' data-av_iconfont='entypo-fontello' title='' data-avia-related-tooltip='Compartir en Whatsapp' rel=\"noopener\"><span class='avia_hidden_link_text'>Compartir en Whatsapp<\/span><\/a><\/li><li class='av-share-link av-social-link-linkedin' ><a target=\"_blank\" aria-label=\"Compartir en LinkedIn\" href='https:\/\/linkedin.com\/shareArticle?mini=true&#038;title=General%20Patricio%20Santos%20Poblete%20asume%20Jefatura%20de%20la%20XI%20Zona%20de%20Carabineros%20Ays%C3%A9n&#038;url=https:\/\/radiorevelacionfm.cl\/?p=23440' aria-hidden='false' data-av_icon='\ue8fc' data-av_iconfont='entypo-fontello' title='' data-avia-related-tooltip='Compartir en LinkedIn' rel=\"noopener\"><span class='avia_hidden_link_text'>Compartir en LinkedIn<\/span><\/a><\/li><li class='av-share-link av-social-link-mail' ><a  aria-label=\"Compartir por correo\" href='mailto:?subject=General%20Patricio%20Santos%20Poblete%20asume%20Jefatura%20de%20la%20XI%20Zona%20de%20Carabineros%20Ays%C3%A9n&#038;body=https:\/\/radiorevelacionfm.cl\/?p=23440' aria-hidden='false' data-av_icon='\ue805' data-av_iconfont='entypo-fontello' title='' data-avia-related-tooltip='Compartir por correo'><span class='avia_hidden_link_text'>Compartir por correo<\/span><\/a><\/li><\/ul><\/div><\/div>\n<div  style='height:50px' class='hr hr-invisible   avia-builder-el-8  el_after_av_social_share  el_before_av_comments_list '><span class='hr-inner ' ><span class='hr-inner-style'><\/span><\/span><\/div>\n<div  class='av-buildercomment  av-blog-meta-html-info-disabled av-blog-meta-tag-disabled  '><\/div>\n","protected":false},"excerpt":{"rendered":"","protected":false},"author":1,"featured_media":23441,"comment_status":"open","ping_status":"open","sticky":false,"template":"","format":"standard","meta":{"footnotes":""},"categories":[36],"tags":[],"class_list":["post-23440","post","type-post","status-publish","format-standard","has-post-thumbnail","hentry","category-policial"],"jetpack_featured_media_url":"https:\/\/radiorevelacionfm.cl\/wp-content\/uploads\/2022\/10\/20221024_171554-1-1.jpg","_links":{"self":[{"href":"https:\/\/radiorevelacionfm.cl\/index.php?rest_route=\/wp\/v2\/posts\/23440","targetHints":{"allow":["GET"]}}],"collection":[{"href":"https:\/\/radiorevelacionfm.cl\/index.php?rest_route=\/wp\/v2\/posts"}],"about":[{"href":"https:\/\/radiorevelacionfm.cl\/index.php?rest_route=\/wp\/v2\/types\/post"}],"author":[{"embeddable":true,"href":"https:\/\/radiorevelacionfm.cl\/index.php?rest_route=\/wp\/v2\/users\/1"}],"replies":[{"embeddable":true,"href":"https:\/\/radiorevelacionfm.cl\/index.php?rest_route=%2Fwp%2Fv2%2Fcomments&post=23440"}],"version-history":[{"count":2,"href":"https:\/\/radiorevelacionfm.cl\/index.php?rest_route=\/wp\/v2\/posts\/23440\/revisions"}],"predecessor-version":[{"id":23443,"href":"https:\/\/radiorevelacionfm.cl\/index.php?rest_route=\/wp\/v2\/posts\/23440\/revisions\/23443"}],"wp:featuredmedia":[{"embeddable":true,"href":"https:\/\/radiorevelacionfm.cl\/index.php?rest_route=\/wp\/v2\/media\/23441"}],"wp:attachment":[{"href":"https:\/\/radiorevelacionfm.cl\/index.php?rest_route=%2Fwp%2Fv2%2Fmedia&parent=23440"}],"wp:term":[{"taxonomy":"category","embeddable":true,"href":"https:\/\/radiorevelacionfm.cl\/index.php?rest_route=%2Fwp%2Fv2%2Fcategories&post=23440"},{"taxonomy":"post_tag","embeddable":true,"href":"https:\/\/radiorevelacionfm.cl\/index.php?rest_route=%2Fwp%2Fv2%2Ftags&post=23440"}],"curies":[{"name":"wp","href":"https:\/\/api.w.org\/{rel}","templated":true}]}}