{"id":23434,"date":"2022-10-24T17:56:55","date_gmt":"2022-10-24T20:56:55","guid":{"rendered":"https:\/\/radiorevelacionfm.cl\/?p=23434"},"modified":"2022-10-24T17:56:55","modified_gmt":"2022-10-24T20:56:55","slug":"decretan-prision-preventiva-de-imputados-por-trafico-de-drogas-y-asociacion-ilicita-tras-incautacion-de-19-kilos-de-cocaina","status":"publish","type":"post","link":"https:\/\/radiorevelacionfm.cl\/?p=23434","title":{"rendered":"Decretan prisi\u00f3n preventiva de imputados por tr\u00e1fico de drogas y asociaci\u00f3n il\u00edcita tras incautaci\u00f3n de 19 kilos de coca\u00edna"},"content":{"rendered":"<div class=\"flex_column av_one_full  flex_column_div av-zero-column-padding first  avia-builder-el-0  el_before_av_one_full  avia-builder-el-first  \" style='border-radius:0px; '><div  class='avia-image-container  av-styling-    avia-builder-el-1  avia-builder-el-no-sibling  avia-align-center '  itemprop=\"image\" itemscope=\"itemscope\" itemtype=\"https:\/\/schema.org\/ImageObject\"  ><div class='avia-image-container-inner'><div class='avia-image-overlay-wrap'><img decoding=\"async\" class='wp-image-23296 avia-img-lazy-loading-not-23296 avia_image' src=\"https:\/\/radiorevelacionfm.cl\/wp-content\/uploads\/2022\/10\/MG_7455-1-1.jpg\" alt='' title='MG_7455 (1) (1)' height=\"600\" width=\"900\"  itemprop=\"thumbnailUrl\" srcset=\"https:\/\/radiorevelacionfm.cl\/wp-content\/uploads\/2022\/10\/MG_7455-1-1.jpg 900w, https:\/\/radiorevelacionfm.cl\/wp-content\/uploads\/2022\/10\/MG_7455-1-1-300x200.jpg 300w, https:\/\/radiorevelacionfm.cl\/wp-content\/uploads\/2022\/10\/MG_7455-1-1-768x512.jpg 768w, https:\/\/radiorevelacionfm.cl\/wp-content\/uploads\/2022\/10\/MG_7455-1-1-705x470.jpg 705w, https:\/\/radiorevelacionfm.cl\/wp-content\/uploads\/2022\/10\/MG_7455-1-1-600x400.jpg 600w\" sizes=\"(max-width: 900px) 100vw, 900px\" \/><\/div><\/div><\/div><\/div><div class=\"flex_column av_one_full  flex_column_div av-zero-column-padding first  avia-builder-el-2  el_after_av_one_full  el_before_av_one_full  column-top-margin\" style='border-radius:0px; '><section class=\"av_textblock_section \"  itemscope=\"itemscope\" itemtype=\"https:\/\/schema.org\/BlogPosting\" itemprop=\"blogPost\" ><div class='avia_textblock  '   itemprop=\"text\" ><p style=\"text-align: center;\"><strong><span style=\"font-size: 18pt;\">Decretan prisi\u00f3n preventiva de imputados por tr\u00e1fico de drogas y asociaci\u00f3n il\u00edcita tras incautaci\u00f3n de 19 kilos de coca\u00edna<\/span><\/strong><\/p>\n<div id=\"gtx-trans\" style=\"position: absolute; left: -50px; top: 4.31534px;\">\n<div class=\"gtx-trans-icon\"><\/div>\n<\/div>\n<\/div><\/section><\/div><div class=\"flex_column av_one_full  flex_column_div av-zero-column-padding first  avia-builder-el-4  el_after_av_one_full  el_before_av_hr  column-top-margin\" style='border-radius:0px; '><section class=\"av_textblock_section \"  itemscope=\"itemscope\" itemtype=\"https:\/\/schema.org\/BlogPosting\" itemprop=\"blogPost\" ><div class='avia_textblock  '   itemprop=\"text\" ><p class=\"v1MsoNormal\" style=\"text-align: justify;\">El Juzgado de Garant\u00eda de Coyhaique dej\u00f3 hoy \u2013lunes 24 de octubre\u2013 sujetos a la medida cautelar de prisi\u00f3n preventiva a F.E.Y.F., R.A.C.C., I.E.Y.T. y F.E.C.T., imputados por el Ministerio P\u00fablico como autores de los delitos de tr\u00e1fico de drogas, asociaci\u00f3n il\u00edcita, apropiaci\u00f3n indebida y estafa. Il\u00edcitos perpetrados desde septiembre, en las regiones de Tarapac\u00e1, Metropolitana y Ays\u00e9n.<\/p>\n<p class=\"v1MsoNormal\" style=\"text-align: justify;\">En la audiencia de formalizaci\u00f3n (causa rol 2377-2022), el magistrado Juan Silva Pedreros orden\u00f3 el ingreso de F.E.Y.F., R.A.C.C., I.E.Y.T. y F.E.C.T al Centro de Detenci\u00f3n Penitenciario Santiago Uno, ente otros penales, por considerar que la libertad de los imputados constituyen un peligro para la seguridad de la sociedad. Adem\u00e1s, fij\u00f3 en 90 d\u00edas el plazo de investigaci\u00f3n.<\/p>\n<p class=\"v1MsoNormal\" style=\"text-align: justify;\">Asimismo, el imputado D.A.U.G. qued\u00f3 en prisi\u00f3n preventiva por su eventual responsabilidad en los delitos de tr\u00e1fico de drogas, asociaci\u00f3n il\u00edcita y apropiaci\u00f3n indebida. En tanto, por el delito consumado de tr\u00e1fico de drogas\u00a0quedaron\u00a0privados de libertad A.B.S.P., V.J.C.G. y R.P.M.<\/p>\n<p class=\"v1MsoNormal\" style=\"text-align: justify;\">Finalmente, respecto del imputado G.V.P.M. se orden\u00f3 su ingreso en tr\u00e1nsito, tras acoger el tribunal la apelaci\u00f3n verbal deducida por la fiscal\u00eda, en contra de la resoluci\u00f3n que no dio lugar a decretar en su contra la cautelar solicitada de prisi\u00f3n preventiva, por lo que dispuso que se eleven los antecedentes ante la Corte de Apelaciones de Coyhaique; tribunal que deber\u00e1 resolver las medidas cautelares que deber\u00e1 cumplir G.V.P.M.<\/p>\n<p class=\"v1MsoNormal\" style=\"text-align: justify;\">Seg\u00fan el ente persecutor, al menos desde septiembre de 2022, D.A.U.G. conform\u00f3 una asociaci\u00f3n il\u00edcita destinada al tr\u00e1fico de drogas junto a los coimputados F.E.Y.F., I.E.Y.T., F.E.C.T. y R.A.C.C. Sumando, posteriormente, a las operaciones de tr\u00e1fico a A.B.S.P. y los ciudadanos extranjeros V.J.C.G., G.V.P.M. y R.P.M.<\/p>\n<p class=\"v1MsoNormal\" style=\"text-align: justify;\">Actividades delictivas que consist\u00edan en la adquisici\u00f3n de droga en el norte de pa\u00eds (en la Regi\u00f3n de Tarapac\u00e1), desde donde era traslada, primero hasta la Regi\u00f3n Metropolitana y, luego, abultada y compactada, era llevada y comercializada en la Regi\u00f3n de Ays\u00e9n, espec\u00edficamente a Coyhaique; ciudad donde la organizaci\u00f3n proced\u00eda a abastecer a diversos traficantes de la zona, teniendo como incentivo el mayor valor que alcanza en la regi\u00f3n la venta de sustancias ilegales en comparaci\u00f3n con otras regiones del pa\u00eds.<\/p>\n<p class=\"v1MsoNormal\" style=\"text-align: justify;\">En el procedimiento, la polic\u00eda logr\u00f3 incautar un total de 19 kilos de coca\u00edna.<\/p>\n<\/div><\/section><\/div><div  style='height:50px' class='hr hr-invisible   avia-builder-el-6  el_after_av_one_full  el_before_av_social_share '><span class='hr-inner ' ><span class='hr-inner-style'><\/span><\/span><\/div><\/p>\n<div  class='av-social-sharing-box  avia-builder-el-7  el_after_av_hr  el_before_av_hr  '><div class='av-share-box'><h5 class='av-share-link-description av-no-toc '>Compartir esta noticia<\/h5><ul class='av-share-box-list noLightbox'><li class='av-share-link av-social-link-facebook' ><a target=\"_blank\" aria-label=\"Compartir en Facebook\" href='https:\/\/www.facebook.com\/sharer.php?u=https:\/\/radiorevelacionfm.cl\/?p=23434&#038;t=Decretan%20prisi%C3%B3n%20preventiva%20de%20imputados%20por%20tr%C3%A1fico%20de%20drogas%20y%20asociaci%C3%B3n%20il%C3%ADcita%20tras%20incautaci%C3%B3n%20de%2019%20kilos%20de%20coca%C3%ADna' aria-hidden='false' data-av_icon='\ue8f3' data-av_iconfont='entypo-fontello' title='' data-avia-related-tooltip='Compartir en Facebook' rel=\"noopener\"><span class='avia_hidden_link_text'>Compartir en Facebook<\/span><\/a><\/li><li class='av-share-link av-social-link-twitter' ><a target=\"_blank\" aria-label=\"Compartir en Twitter\" href='https:\/\/twitter.com\/share?text=Decretan%20prisi%C3%B3n%20preventiva%20de%20imputados%20por%20tr%C3%A1fico%20de%20drogas%20y%20asociaci%C3%B3n%20il%C3%ADcita%20tras%20incautaci%C3%B3n%20de%2019%20kilos%20de%20coca%C3%ADna&#038;url=https:\/\/radiorevelacionfm.cl\/?p=23434' aria-hidden='false' data-av_icon='\ue8f1' data-av_iconfont='entypo-fontello' title='' data-avia-related-tooltip='Compartir en Twitter' rel=\"noopener\"><span class='avia_hidden_link_text'>Compartir en Twitter<\/span><\/a><\/li><li class='av-share-link av-social-link-whatsapp' ><a target=\"_blank\" aria-label=\"Compartir en Whatsapp\" href='https:\/\/api.whatsapp.com\/send?text=https:\/\/radiorevelacionfm.cl\/?p=23434' aria-hidden='false' data-av_icon='\uf232' data-av_iconfont='entypo-fontello' title='' data-avia-related-tooltip='Compartir en Whatsapp' rel=\"noopener\"><span class='avia_hidden_link_text'>Compartir en Whatsapp<\/span><\/a><\/li><li class='av-share-link av-social-link-linkedin' ><a target=\"_blank\" aria-label=\"Compartir en LinkedIn\" href='https:\/\/linkedin.com\/shareArticle?mini=true&#038;title=Decretan%20prisi%C3%B3n%20preventiva%20de%20imputados%20por%20tr%C3%A1fico%20de%20drogas%20y%20asociaci%C3%B3n%20il%C3%ADcita%20tras%20incautaci%C3%B3n%20de%2019%20kilos%20de%20coca%C3%ADna&#038;url=https:\/\/radiorevelacionfm.cl\/?p=23434' aria-hidden='false' data-av_icon='\ue8fc' data-av_iconfont='entypo-fontello' title='' data-avia-related-tooltip='Compartir en LinkedIn' rel=\"noopener\"><span class='avia_hidden_link_text'>Compartir en LinkedIn<\/span><\/a><\/li><li class='av-share-link av-social-link-mail' ><a  aria-label=\"Compartir por correo\" href='mailto:?subject=Decretan%20prisi%C3%B3n%20preventiva%20de%20imputados%20por%20tr%C3%A1fico%20de%20drogas%20y%20asociaci%C3%B3n%20il%C3%ADcita%20tras%20incautaci%C3%B3n%20de%2019%20kilos%20de%20coca%C3%ADna&#038;body=https:\/\/radiorevelacionfm.cl\/?p=23434' aria-hidden='false' data-av_icon='\ue805' data-av_iconfont='entypo-fontello' title='' data-avia-related-tooltip='Compartir por correo'><span class='avia_hidden_link_text'>Compartir por correo<\/span><\/a><\/li><\/ul><\/div><\/div>\n<div  style='height:50px' class='hr hr-invisible   avia-builder-el-8  el_after_av_social_share  el_before_av_comments_list '><span class='hr-inner ' ><span class='hr-inner-style'><\/span><\/span><\/div>\n<div  class='av-buildercomment  av-blog-meta-html-info-disabled av-blog-meta-tag-disabled  '><\/div>\n","protected":false},"excerpt":{"rendered":"","protected":false},"author":1,"featured_media":23296,"comment_status":"open","ping_status":"open","sticky":false,"template":"","format":"standard","meta":{"footnotes":""},"categories":[55],"tags":[],"class_list":["post-23434","post","type-post","status-publish","format-standard","has-post-thumbnail","hentry","category-justicia"],"jetpack_featured_media_url":"https:\/\/radiorevelacionfm.cl\/wp-content\/uploads\/2022\/10\/MG_7455-1-1.jpg","_links":{"self":[{"href":"https:\/\/radiorevelacionfm.cl\/index.php?rest_route=\/wp\/v2\/posts\/23434","targetHints":{"allow":["GET"]}}],"collection":[{"href":"https:\/\/radiorevelacionfm.cl\/index.php?rest_route=\/wp\/v2\/posts"}],"about":[{"href":"https:\/\/radiorevelacionfm.cl\/index.php?rest_route=\/wp\/v2\/types\/post"}],"author":[{"embeddable":true,"href":"https:\/\/radiorevelacionfm.cl\/index.php?rest_route=\/wp\/v2\/users\/1"}],"replies":[{"embeddable":true,"href":"https:\/\/radiorevelacionfm.cl\/index.php?rest_route=%2Fwp%2Fv2%2Fcomments&post=23434"}],"version-history":[{"count":2,"href":"https:\/\/radiorevelacionfm.cl\/index.php?rest_route=\/wp\/v2\/posts\/23434\/revisions"}],"predecessor-version":[{"id":23436,"href":"https:\/\/radiorevelacionfm.cl\/index.php?rest_route=\/wp\/v2\/posts\/23434\/revisions\/23436"}],"wp:featuredmedia":[{"embeddable":true,"href":"https:\/\/radiorevelacionfm.cl\/index.php?rest_route=\/wp\/v2\/media\/23296"}],"wp:attachment":[{"href":"https:\/\/radiorevelacionfm.cl\/index.php?rest_route=%2Fwp%2Fv2%2Fmedia&parent=23434"}],"wp:term":[{"taxonomy":"category","embeddable":true,"href":"https:\/\/radiorevelacionfm.cl\/index.php?rest_route=%2Fwp%2Fv2%2Fcategories&post=23434"},{"taxonomy":"post_tag","embeddable":true,"href":"https:\/\/radiorevelacionfm.cl\/index.php?rest_route=%2Fwp%2Fv2%2Ftags&post=23434"}],"curies":[{"name":"wp","href":"https:\/\/api.w.org\/{rel}","templated":true}]}}