{"id":23431,"date":"2022-10-25T10:48:17","date_gmt":"2022-10-25T13:48:17","guid":{"rendered":"https:\/\/radiorevelacionfm.cl\/?p=23431"},"modified":"2022-10-25T10:48:17","modified_gmt":"2022-10-25T13:48:17","slug":"invitan-a-la-comunidad-participar-en-seminario-de-residuos-y-economia-circular","status":"publish","type":"post","link":"https:\/\/radiorevelacionfm.cl\/?p=23431","title":{"rendered":"Invitan a la comunidad participar en Seminario de Residuos y Econom\u00eda Circular"},"content":{"rendered":"<div class=\"flex_column av_one_full  flex_column_div av-zero-column-padding first  avia-builder-el-0  el_before_av_one_full  avia-builder-el-first  \" style='border-radius:0px; '><div  class='avia-image-container  av-styling-    avia-builder-el-1  avia-builder-el-no-sibling  avia-align-center '  itemprop=\"image\" itemscope=\"itemscope\" itemtype=\"https:\/\/schema.org\/ImageObject\"  ><div class='avia-image-container-inner'><div class='avia-image-overlay-wrap'><img decoding=\"async\" class='wp-image-23432 avia-img-lazy-loading-not-23432 avia_image' src=\"https:\/\/radiorevelacionfm.cl\/wp-content\/uploads\/2022\/10\/MESA-PNEDS-1-1.jpg\" alt='' title='MESA PNEDS (1) (1)' height=\"600\" width=\"1087\"  itemprop=\"thumbnailUrl\" srcset=\"https:\/\/radiorevelacionfm.cl\/wp-content\/uploads\/2022\/10\/MESA-PNEDS-1-1.jpg 1087w, https:\/\/radiorevelacionfm.cl\/wp-content\/uploads\/2022\/10\/MESA-PNEDS-1-1-300x166.jpg 300w, https:\/\/radiorevelacionfm.cl\/wp-content\/uploads\/2022\/10\/MESA-PNEDS-1-1-1030x569.jpg 1030w, https:\/\/radiorevelacionfm.cl\/wp-content\/uploads\/2022\/10\/MESA-PNEDS-1-1-768x424.jpg 768w, https:\/\/radiorevelacionfm.cl\/wp-content\/uploads\/2022\/10\/MESA-PNEDS-1-1-705x389.jpg 705w, https:\/\/radiorevelacionfm.cl\/wp-content\/uploads\/2022\/10\/MESA-PNEDS-1-1-600x331.jpg 600w\" sizes=\"(max-width: 1087px) 100vw, 1087px\" \/><\/div><\/div><\/div><\/div><div class=\"flex_column av_one_full  flex_column_div av-zero-column-padding first  avia-builder-el-2  el_after_av_one_full  el_before_av_one_full  column-top-margin\" style='border-radius:0px; '><section class=\"av_textblock_section \"  itemscope=\"itemscope\" itemtype=\"https:\/\/schema.org\/BlogPosting\" itemprop=\"blogPost\" ><div class='avia_textblock  '   itemprop=\"text\" ><p style=\"text-align: center;\"><span style=\"font-size: 18pt;\"><strong>Invitan a la comunidad participar en Seminario de Residuos y Econom\u00eda Circular<\/strong><\/span><\/p>\n<div id=\"gtx-trans\" style=\"position: absolute; left: -50px; top: 4.31534px;\">\n<div class=\"gtx-trans-icon\"><\/div>\n<\/div>\n<\/div><\/section><\/div><div class=\"flex_column av_one_full  flex_column_div av-zero-column-padding first  avia-builder-el-4  el_after_av_one_full  el_before_av_hr  column-top-margin\" style='border-radius:0px; '><section class=\"av_textblock_section \"  itemscope=\"itemscope\" itemtype=\"https:\/\/schema.org\/BlogPosting\" itemprop=\"blogPost\" ><div class='avia_textblock  '   itemprop=\"text\" ><p style=\"text-align: justify;\">Como parte de las actividades del mes del medio ambiente, la mesa Ays\u00e9n de la Pol\u00edtica Nacional de Educaci\u00f3n para el Desarrollo Sustentable PNEDS, est\u00e1 invitando a la comunidad aysenina a participar de un seminario en residuos y reciclaje. El SEREMI del Medio Ambiente, Juli\u00e1n C\u00e1rdenas, a cargo de la secretar\u00eda ejecutiva de la mesa, indic\u00f3 \u201cEsperamos que todos y todas se sumen a esta jornada que es prueba de que el trabajo conjunto entre el mundo privado, el estado y la ciudadan\u00eda dan frutos, especialmente cuando apostamos por la educaci\u00f3n ambiental, que es el principal agente de transformaci\u00f3n hacia la sustentabilidad, ya que ella no s\u00f3lo es trasmisora de conocimientos, sino que tambi\u00e9n orienta a generar las capacidades de las personas\u201d.<\/p>\n<p style=\"text-align: justify;\">Cada a\u00f1o la mesa Ays\u00e9n define un tema para desarrollar durante todo el a\u00f1o, haciendo frente a los objetivos planteados en la PNEDS, este a\u00f1o el tema a trabajar es la Econom\u00eda Circular, por cuanto la actividad se ha denominado \u201cNuestros Residuos son un Mundo: Oportunidades de Reciclaje, Reutilizaci\u00f3n y Econom\u00eda Circular\u201d.<\/p>\n<p style=\"text-align: justify;\">\u201cContaremos con expertos nacionales y experiencias locales, las que esperamos nos motiven a seguir avanzando en la gesti\u00f3n circular de residuos, sabemos que nuestra comunidad participa activamente de estas oportunidades, y ac\u00e1 conocer\u00e1n nuevas t\u00e9cnicas y peque\u00f1as acciones que pueden marcar una gran diferencia desde el origen y tambi\u00e9n invitarnos a pensar en focos para la transici\u00f3n socio-ecol\u00f3gica justa a la que apuesta nuestro Gobierno\u201d, precis\u00f3 el SEREMI, agregando que la jornada contar\u00e1 con las presentaciones: \u201cEconom\u00eda Circular Acu\u00edcola \u00bfresiduos o materia prima?\u201d por Michel Compagnon, Ingeniero comercial, MIT Professional Educaci\u00f3n Sostenibilidad. La exposici\u00f3n\u00a0 del \u201cProyecto Luxemburgo-Chilo\u00e9: avances y aprendizajes en prevenci\u00f3n y econom\u00eda circular en el archipi\u00e9lago\u201d por Claudio Tapia Coordinador Nacional PNUD del Proyecto Luxemburgo-Chilo\u00e9; \u201cHoja de Ruta Econom\u00eda Circular\u201d, a cargo del SEREMI del Medio Ambiente, Juli\u00e1n C\u00e1rdenas; \u00abRescate y valorizaci\u00f3n de residuos acu\u00edcolas para encadenamientos productivos con recursos locales\u201d de Kattya Inostroza, CEO Pesca Ays\u00e9n y Presidenta de AG ACUIPROV; y finalmente, \u00a0\u201cEl rol de las Empresas Gestoras de Residuos en la Econom\u00eda Circular Colaborativa \/ Presentaci\u00f3n de caso de \u00e9xito\u201d de Rodrigo Villasante Magister en Ciencias de la Ingenier\u00eda y Cristian, Experto I+D y Diplomado en Econom\u00eda Circular UC Berkeley.<\/p>\n<p style=\"text-align: justify;\">La instancia intersectorial que re\u00fane a m\u00e1s de 20 instituciones p\u00fablicas, privadas y organizaciones de la sociedad civil, es presidida en esta gesti\u00f3n, por la Ilustre Municipalidad de Coyhaique, y representada por la profesional Pamela C\u00e1rdenas, quien \u00a0rescat\u00f3 que la econom\u00eda circular busca redefinir la noci\u00f3n de crecimiento al enfocarse en un sistema de aprovechamiento de recursos donde prima la reducci\u00f3n la revalorizaci\u00f3n y el reciclaje, por tanto esta econom\u00eda circular puede representar una importante oportunidad para potenciar la econom\u00eda de la regi\u00f3n y de la comuna \u201cC\u00f3mo mesa de trabajo intersectorial, conformada por actores p\u00fablicos, privados, academia y ONGs les invitamos a participar de este seminario Circular, donde conoceremos iniciativas que dan un segundo uso a los residuos, generan ingresos y disminuimos nuestra huella de carbono\u201d.<\/p>\n<p style=\"text-align: justify;\">La mesa Ays\u00e9n PNEDS, da respuesta al compromiso chileno adquirido en 2002 en la Cumbre Mundial \u00a0ONU de Desarrollo Sostenible en Johannesburgo; \u00a0donde los pa\u00edses y organizaciones participantes coincidieron en que la educaci\u00f3n es fundamental para lograr el desarrollo sustentable y por tanto \u00a0asumir la elaboraci\u00f3n de una Pol\u00edtica Nacional de Educaci\u00f3n para el Desarrollo Sustentable, que permita establecer principios, objetivos y l\u00edneas estrat\u00e9gicas orientadas a lograr una educaci\u00f3n que promueva una ciudadan\u00eda activa en la construcci\u00f3n del desarrollo sustentable del pa\u00eds.<\/p>\n<p style=\"text-align: justify;\">De esta forma, la mesa Ays\u00e9n PNEDS enfoca su gesti\u00f3n intersectorial y transversal en fomentar valores ambientales mediante actividades ciudadanas, talleres, ferias, seminarios e intervenciones. En nuestra regi\u00f3n esta mesa est\u00e1 integrada por las municipalidades de Coyhaique, O\u00b4Higgins, Cochrane, R\u00edo Ib\u00e1\u00f1ez y Ays\u00e9n; las SEREMIS de Medio Ambiente, Salud, Educaci\u00f3n, Energ\u00eda y Agricultura; los servicios SERNATUR y CONAF;\u00a0 Fundaci\u00f3n Integra; Patagonia Sin Residuos; Corp. Patagonia Viva; Fundaci\u00f3n Superaci\u00f3n de la Pobreza; IV Divisi\u00f3n Ej\u00e9rcito; SalmonChile; AQUA Chile; CORPAYSEN; Aguas Patagonia; GORE Ays\u00e9n; Universidad de Ays\u00e9n; y PAR EXPLORA UACH.<\/p>\n<p style=\"text-align: justify;\">El Seminario tendr\u00e1 lugar este mi\u00e9rcoles 26 de octubre en el centro cultural de Coyhaique desde las 9:00 a las 13:00 hrs, abierto a toda la comunidad.<\/p>\n<\/div><\/section><\/div><div  style='height:50px' class='hr hr-invisible   avia-builder-el-6  el_after_av_one_full  el_before_av_social_share '><span class='hr-inner ' ><span class='hr-inner-style'><\/span><\/span><\/div><\/p>\n<div  class='av-social-sharing-box  avia-builder-el-7  el_after_av_hr  el_before_av_hr  '><div class='av-share-box'><h5 class='av-share-link-description av-no-toc '>Compartir esta noticia<\/h5><ul class='av-share-box-list noLightbox'><li class='av-share-link av-social-link-facebook' ><a target=\"_blank\" aria-label=\"Compartir en Facebook\" href='https:\/\/www.facebook.com\/sharer.php?u=https:\/\/radiorevelacionfm.cl\/?p=23431&#038;t=Invitan%20a%20la%20comunidad%20participar%20en%20Seminario%20de%20Residuos%20y%20Econom%C3%ADa%20Circular' aria-hidden='false' data-av_icon='\ue8f3' data-av_iconfont='entypo-fontello' title='' data-avia-related-tooltip='Compartir en Facebook' rel=\"noopener\"><span class='avia_hidden_link_text'>Compartir en Facebook<\/span><\/a><\/li><li class='av-share-link av-social-link-twitter' ><a target=\"_blank\" aria-label=\"Compartir en Twitter\" href='https:\/\/twitter.com\/share?text=Invitan%20a%20la%20comunidad%20participar%20en%20Seminario%20de%20Residuos%20y%20Econom%C3%ADa%20Circular&#038;url=https:\/\/radiorevelacionfm.cl\/?p=23431' aria-hidden='false' data-av_icon='\ue8f1' data-av_iconfont='entypo-fontello' title='' data-avia-related-tooltip='Compartir en Twitter' rel=\"noopener\"><span class='avia_hidden_link_text'>Compartir en Twitter<\/span><\/a><\/li><li class='av-share-link av-social-link-whatsapp' ><a target=\"_blank\" aria-label=\"Compartir en Whatsapp\" href='https:\/\/api.whatsapp.com\/send?text=https:\/\/radiorevelacionfm.cl\/?p=23431' aria-hidden='false' data-av_icon='\uf232' data-av_iconfont='entypo-fontello' title='' data-avia-related-tooltip='Compartir en Whatsapp' rel=\"noopener\"><span class='avia_hidden_link_text'>Compartir en Whatsapp<\/span><\/a><\/li><li class='av-share-link av-social-link-linkedin' ><a target=\"_blank\" aria-label=\"Compartir en LinkedIn\" href='https:\/\/linkedin.com\/shareArticle?mini=true&#038;title=Invitan%20a%20la%20comunidad%20participar%20en%20Seminario%20de%20Residuos%20y%20Econom%C3%ADa%20Circular&#038;url=https:\/\/radiorevelacionfm.cl\/?p=23431' aria-hidden='false' data-av_icon='\ue8fc' data-av_iconfont='entypo-fontello' title='' data-avia-related-tooltip='Compartir en LinkedIn' rel=\"noopener\"><span class='avia_hidden_link_text'>Compartir en LinkedIn<\/span><\/a><\/li><li class='av-share-link av-social-link-mail' ><a  aria-label=\"Compartir por correo\" href='mailto:?subject=Invitan%20a%20la%20comunidad%20participar%20en%20Seminario%20de%20Residuos%20y%20Econom%C3%ADa%20Circular&#038;body=https:\/\/radiorevelacionfm.cl\/?p=23431' aria-hidden='false' data-av_icon='\ue805' data-av_iconfont='entypo-fontello' title='' data-avia-related-tooltip='Compartir por correo'><span class='avia_hidden_link_text'>Compartir por correo<\/span><\/a><\/li><\/ul><\/div><\/div>\n<div  style='height:50px' class='hr hr-invisible   avia-builder-el-8  el_after_av_social_share  el_before_av_comments_list '><span class='hr-inner ' ><span class='hr-inner-style'><\/span><\/span><\/div>\n<div  class='av-buildercomment  av-blog-meta-html-info-disabled av-blog-meta-tag-disabled  '><\/div>\n","protected":false},"excerpt":{"rendered":"","protected":false},"author":1,"featured_media":23432,"comment_status":"open","ping_status":"open","sticky":false,"template":"","format":"standard","meta":{"footnotes":""},"categories":[39],"tags":[],"class_list":["post-23431","post","type-post","status-publish","format-standard","has-post-thumbnail","hentry","category-medio-ambiente"],"jetpack_featured_media_url":"https:\/\/radiorevelacionfm.cl\/wp-content\/uploads\/2022\/10\/MESA-PNEDS-1-1.jpg","_links":{"self":[{"href":"https:\/\/radiorevelacionfm.cl\/index.php?rest_route=\/wp\/v2\/posts\/23431","targetHints":{"allow":["GET"]}}],"collection":[{"href":"https:\/\/radiorevelacionfm.cl\/index.php?rest_route=\/wp\/v2\/posts"}],"about":[{"href":"https:\/\/radiorevelacionfm.cl\/index.php?rest_route=\/wp\/v2\/types\/post"}],"author":[{"embeddable":true,"href":"https:\/\/radiorevelacionfm.cl\/index.php?rest_route=\/wp\/v2\/users\/1"}],"replies":[{"embeddable":true,"href":"https:\/\/radiorevelacionfm.cl\/index.php?rest_route=%2Fwp%2Fv2%2Fcomments&post=23431"}],"version-history":[{"count":2,"href":"https:\/\/radiorevelacionfm.cl\/index.php?rest_route=\/wp\/v2\/posts\/23431\/revisions"}],"predecessor-version":[{"id":23461,"href":"https:\/\/radiorevelacionfm.cl\/index.php?rest_route=\/wp\/v2\/posts\/23431\/revisions\/23461"}],"wp:featuredmedia":[{"embeddable":true,"href":"https:\/\/radiorevelacionfm.cl\/index.php?rest_route=\/wp\/v2\/media\/23432"}],"wp:attachment":[{"href":"https:\/\/radiorevelacionfm.cl\/index.php?rest_route=%2Fwp%2Fv2%2Fmedia&parent=23431"}],"wp:term":[{"taxonomy":"category","embeddable":true,"href":"https:\/\/radiorevelacionfm.cl\/index.php?rest_route=%2Fwp%2Fv2%2Fcategories&post=23431"},{"taxonomy":"post_tag","embeddable":true,"href":"https:\/\/radiorevelacionfm.cl\/index.php?rest_route=%2Fwp%2Fv2%2Ftags&post=23431"}],"curies":[{"name":"wp","href":"https:\/\/api.w.org\/{rel}","templated":true}]}}