{"id":23426,"date":"2022-10-24T17:08:06","date_gmt":"2022-10-24T20:08:06","guid":{"rendered":"https:\/\/radiorevelacionfm.cl\/?p=23426"},"modified":"2022-10-24T17:15:38","modified_gmt":"2022-10-24T20:15:38","slug":"en-su-visita-a-la-region-de-aysen-subsecretario-de-salud-publica-reforzo-encuesta-de-salud-sexualidad-y-genero","status":"publish","type":"post","link":"https:\/\/radiorevelacionfm.cl\/?p=23426","title":{"rendered":"En su visita a la regi\u00f3n de Ays\u00e9n Subsecretario de Salud P\u00fablica reforz\u00f3 encuesta de Salud, Sexualidad y G\u00e9nero"},"content":{"rendered":"<div class=\"flex_column av_one_full  flex_column_div av-zero-column-padding first  avia-builder-el-0  el_before_av_one_full  avia-builder-el-first  \" style='border-radius:0px; '><div  class='avia-image-container  av-styling-    avia-builder-el-1  avia-builder-el-no-sibling  avia-align-center '  itemprop=\"image\" itemscope=\"itemscope\" itemtype=\"https:\/\/schema.org\/ImageObject\"  ><div class='avia-image-container-inner'><div class='avia-image-overlay-wrap'><img decoding=\"async\" class='wp-image-23427 avia-img-lazy-loading-not-23427 avia_image' src=\"https:\/\/radiorevelacionfm.cl\/wp-content\/uploads\/2022\/10\/encuesta-salud-1-1.jpeg\" alt='' title='encuesta salud (1) (1)' height=\"600\" width=\"726\"  itemprop=\"thumbnailUrl\" srcset=\"https:\/\/radiorevelacionfm.cl\/wp-content\/uploads\/2022\/10\/encuesta-salud-1-1.jpeg 726w, https:\/\/radiorevelacionfm.cl\/wp-content\/uploads\/2022\/10\/encuesta-salud-1-1-300x248.jpeg 300w, https:\/\/radiorevelacionfm.cl\/wp-content\/uploads\/2022\/10\/encuesta-salud-1-1-705x583.jpeg 705w, https:\/\/radiorevelacionfm.cl\/wp-content\/uploads\/2022\/10\/encuesta-salud-1-1-600x496.jpeg 600w\" sizes=\"(max-width: 726px) 100vw, 726px\" \/><\/div><\/div><\/div><\/div>\n<div class=\"flex_column av_one_full  flex_column_div av-zero-column-padding first  avia-builder-el-2  el_after_av_one_full  el_before_av_one_full  column-top-margin\" style='border-radius:0px; '><section class=\"av_textblock_section \"  itemscope=\"itemscope\" itemtype=\"https:\/\/schema.org\/BlogPosting\" itemprop=\"blogPost\" ><div class='avia_textblock  '   itemprop=\"text\" ><p style=\"text-align: center;\"><strong><span style=\"font-size: 18pt;\">En su visita a la regi\u00f3n de Ays\u00e9n Subsecretario de Salud P\u00fablica reforz\u00f3 encuesta de Salud, Sexualidad y G\u00e9nero<\/span><\/strong><\/p>\n<div id=\"gtx-trans\" style=\"position: absolute; left: -50px; top: 4.31534px;\">\n<div class=\"gtx-trans-icon\"><\/div>\n<\/div>\n<\/div><\/section><\/div>\n<div class=\"flex_column av_one_full  flex_column_div av-zero-column-padding first  avia-builder-el-4  el_after_av_one_full  el_before_av_hr  column-top-margin\" style='border-radius:0px; '><section class=\"av_textblock_section \"  itemscope=\"itemscope\" itemtype=\"https:\/\/schema.org\/BlogPosting\" itemprop=\"blogPost\" ><div class='avia_textblock  '   itemprop=\"text\" ><p style=\"text-align: justify;\">Durante su reciente visita a la regi\u00f3n, el Subsecretario de Salud P\u00fablica Crist\u00f3bal Cuadrado, desarroll\u00f3 una nutrida agenda de actividades en la zona, destacando reuniones con gremios del sector salud y la promoci\u00f3n de programas gubernamentales en favor de la comunidad, como el #CopagoCero a usuarios de FONASA en sus atenciones en centros de salud p\u00fablica, la importancia de la prevenci\u00f3n de enfermedades como el C\u00e1ncer de Mama, la aplicaci\u00f3n del Ant\u00edgeno en 03 pasos (autotesteo) y el reforzamiento de la Encuesta Nacional de Salud, Sexualidad y G\u00e9nero (ENSSEX), entre otros.<\/p>\n<p style=\"text-align: justify;\">Es en este \u00faltimo punto, referido a la encuesta de salud que ya se est\u00e1 aplicando en la regi\u00f3n, donde el Subsecretario Crist\u00f3bal Cuadrado hizo un \u00e9nfasis especial en su ejecuci\u00f3n, ya que en este proceso se requerir\u00e1 de la colaboraci\u00f3n de la comunidad regional. \u201cEstamos realizando, a lo largo de todo el pa\u00eds, la encuesta Nacional de Salud, Sexualidad y G\u00e9nero que es una encuesta muy importante para poder desarrollar las pol\u00edticas p\u00fablicas en salud, por ejemplo, conocer las brechas que existen en acceso a anticonceptivos; para tal efecto, contamos con encuestadores de la Universidad Cat\u00f3lica que nos est\u00e1n acompa\u00f1ando ac\u00e1, ellos est\u00e1n desplegados y tocando muchas puertas en las comunas de Ays\u00e9n, Coyhaique y Cochrane, donde la invitaci\u00f3n es a la comunidad para que pueda abrir sus puertas con confianza, ya que se trata de una encuesta confidencial.\u00a0 Los encuestadores cuentan con pecheras azules, identificables con nombre, adem\u00e1s de sus credenciales\u201d.<\/p>\n<p style=\"text-align: justify;\">La Encuesta Nacional de Salud, Sexualidad y G\u00e9nero (ENSSEX) 2022-2023 es parte de los estudios que el Departamento de Epidemiolog\u00eda del Ministerio de Salud, para conocer el estado de salud de la poblaci\u00f3n y que a su vez permiten dise\u00f1ar, ejecutar y evaluar pol\u00edticas p\u00fablicas. La encuesta, cuenta con m\u00f3dulos de bienestar y salud, orientaciones normativas, educaci\u00f3n sexual, trayectorias y pr\u00e1cticas sexuales, orientaci\u00f3n sexual, salud sexual y reproductiva, uso de anticonceptivos, embarazos, entre otros.<\/p>\n<p style=\"text-align: justify;\"><strong>Firma Convenio Promoci\u00f3n de Salud con Municipalidad de Tortel<\/strong><\/p>\n<p style=\"text-align: justify;\">Dentro de las actividades desarrolladas por el Subsecretario de Salud P\u00fablica, se encuentra su participaci\u00f3n en la firma de un Convenio de Promoci\u00f3n de Salud con la Municipalidad de Tortel, la cual contempla la entrega de alrededor de 4 millones de pesos anuales, por espacio de tres a\u00f1os (2022-2024), para desarrollar acciones que refuercen planes de salud y estilos de vida saludables en esta comuna. Aportes que fueron valorados por el Alcalde de Tortel, Abel Becerra.<\/p>\n<p style=\"text-align: justify;\">\u201cLa importancia que estos recursos tienen para Caleta Tortel es significativa, porque Tortel tiene una condici\u00f3n distinta porque no tenemos calles, pero tenemos todas las condiciones para hacer actividades al aire libre, es por eso que la inyecci\u00f3n de recursos es relevante para que sigamos con actividades para nuestra poblaci\u00f3n,\u201d puntualiz\u00f3 el edil de Caleta Tortel.<\/p>\n<p style=\"text-align: justify;\">Suma de un trabajo colaborativo e intersectorial, como lo manifest\u00f3 la Seremi de Salud Ays\u00e9n, Carmen Monsalve.\u00a0 \u201cHoy d\u00eda es un ejemplo como estamos trabajando colaborativamente con la municipalidad, instalando entornos saludables para que las familias puedan incorporar estilos de vida y as\u00ed evitar la progresi\u00f3n de enfermedades cr\u00f3nicas no transmisibles que nos afectan gravemente, y tenemos l\u00edneas de trabajo fundamentales como la salud mental, el fortalecimiento de las atenciones primarias, la resolutividad de las listas de espera y GES, ser\u00e1n algunos de los \u00e9nfasis en los que estaremos trabajando\u201d.<\/p>\n<p style=\"text-align: justify;\"><strong>Agenda en Salud Mental<\/strong><\/p>\n<p style=\"text-align: justify;\">En materia de agenda en favor de los planes y programas de Salud Mental, el Subsecretario Crist\u00f3bal Cuadrado se reuni\u00f3 con las agrupaciones AspergerPatagonia y TEAcompa\u00f1amos, instituciones locales que est\u00e1n orientados al trabajo de integraci\u00f3n y valoraci\u00f3n de ni\u00f1@s y adolescentes que forman parte de estas organizaciones.\u00a0 Asimismo, otra de las acciones desarrolladas en esta materia, fue la visita efectuada al Centro Comunitario de Salud Mental Familiar (COSAM) de Coyhaique donde en conjunto con autoridades sectoriales de la regi\u00f3n, se interioriz\u00f3 del trabajo que realiza este centro en favor de las familias de Ays\u00e9n.<\/p>\n<p style=\"text-align: justify;\"><strong>Ant\u00edgeno en 03 Pasos<\/strong><\/p>\n<p style=\"text-align: justify;\">Otra de las acciones efectuadas por la Autoridad Sanitaria del nivel central, fue reforzar el autotesteo por Ant\u00edgeno en 03 Pasos.\u00a0 Esta estrategia, impulsada desde el Minsal, se enfoca en el acceso, donde gracias a la Ley Cenabast y la compra realizada por este organismo, las personas podr\u00e1n adquirir tests de ant\u00edgeno a menos de 3 mil pesos, en 498 farmacias asociadas. Estas farmacias, tanto de cadena como independientes, ir\u00e1n en aumento hasta sobrepasar las mil y podr\u00e1n encontrarse en <a href=\"http:\/\/www.turnosdefarmacia.cl\">www.turnosdefarmacia.cl<\/a><\/p>\n<p style=\"text-align: justify;\">Para hacer posible el reporte adecuado, durante la compra las personas deben presentar su c\u00e9dula de identidad y\/o documento de identificaci\u00f3n porque cada test cuenta con un n\u00famero de folio que se asociar\u00e1 a quien lo adquiere.<\/p>\n<p style=\"text-align: justify;\">Una vez aplicado el test, el reporte del resultado se puede hacer de dos formas: ingresando al formulario creado para ello, a trav\u00e9s del escaneo del c\u00f3digo QR que se encuentra en la caja del kit o tambi\u00e9n llamando al FONO TTA, al 800 371 900.\u00a0 En Ays\u00e9n, este test ya esta disponible en la farmacia SALCOBRAND.<\/p>\n<p style=\"text-align: justify;\"><strong>Medidas Preventivas Hidatidosis<\/strong><\/p>\n<p style=\"text-align: justify;\">Dentro de sus \u00faltimas actividades, el Subsecretario Crist\u00f3bal Cuadrado, particip\u00f3 en una plaza de desparasitaci\u00f3n canina en la localidad de Valle Simpson, oportunidad donde destac\u00f3 el trabajo intersectorial que se realiza en materia de prevenci\u00f3n de la Hidatidosis, donde constantemente, los profesionales de la Unidad de Zoonosis de la Seremi de Salud, desarrollan operativos de vacunaci\u00f3n y desparasitaci\u00f3n entre las mascotas de sectores rurales y urbanas de la regi\u00f3n.<\/p>\n<p style=\"text-align: justify;\">Durante este 2022, en la regi\u00f3n de Ays\u00e9n se han detectado 27 casos de hidatidosis, concentr\u00e1ndose esta enfermedad en los mayores de 18 a\u00f1os.<\/p>\n<p style=\"text-align: justify;\">Dentro de otras acciones, el Subsecretario se reuni\u00f3 con la Asociaci\u00f3n de Funcionarios de la Seremi de Salud Ays\u00e9n (AFASAY) y particip\u00f3 de la ceremonia de celebraci\u00f3n de los 17 a\u00f1os desde la creaci\u00f3n de la Autoridad Sanitaria, creada el a\u00f1o 2005 con la Reforma de Salud.<\/p>\n<\/div><\/section><\/div><div  style='height:50px' class='hr hr-invisible   avia-builder-el-6  el_after_av_one_full  el_before_av_social_share '><span class='hr-inner ' ><span class='hr-inner-style'><\/span><\/span><\/div><\/p>\n<div  class='av-social-sharing-box  avia-builder-el-7  el_after_av_hr  el_before_av_hr  '><div class='av-share-box'><h5 class='av-share-link-description av-no-toc '>Compartir esta noticia<\/h5><ul class='av-share-box-list noLightbox'><li class='av-share-link av-social-link-facebook' ><a target=\"_blank\" aria-label=\"Compartir en Facebook\" href='https:\/\/www.facebook.com\/sharer.php?u=https:\/\/radiorevelacionfm.cl\/?p=23426&#038;t=En%20su%20visita%20a%20la%20regi%C3%B3n%20de%20Ays%C3%A9n%20Subsecretario%20de%20Salud%20P%C3%BAblica%20reforz%C3%B3%20encuesta%20de%20Salud%2C%20Sexualidad%20y%20G%C3%A9nero' aria-hidden='false' data-av_icon='\ue8f3' data-av_iconfont='entypo-fontello' title='' data-avia-related-tooltip='Compartir en Facebook' rel=\"noopener\"><span class='avia_hidden_link_text'>Compartir en Facebook<\/span><\/a><\/li><li class='av-share-link av-social-link-twitter' ><a target=\"_blank\" aria-label=\"Compartir en Twitter\" href='https:\/\/twitter.com\/share?text=En%20su%20visita%20a%20la%20regi%C3%B3n%20de%20Ays%C3%A9n%20Subsecretario%20de%20Salud%20P%C3%BAblica%20reforz%C3%B3%20encuesta%20de%20Salud%2C%20Sexualidad%20y%20G%C3%A9nero&#038;url=https:\/\/radiorevelacionfm.cl\/?p=23426' aria-hidden='false' data-av_icon='\ue8f1' data-av_iconfont='entypo-fontello' title='' data-avia-related-tooltip='Compartir en Twitter' rel=\"noopener\"><span class='avia_hidden_link_text'>Compartir en Twitter<\/span><\/a><\/li><li class='av-share-link av-social-link-whatsapp' ><a target=\"_blank\" aria-label=\"Compartir en Whatsapp\" href='https:\/\/api.whatsapp.com\/send?text=https:\/\/radiorevelacionfm.cl\/?p=23426' aria-hidden='false' data-av_icon='\uf232' data-av_iconfont='entypo-fontello' title='' data-avia-related-tooltip='Compartir en Whatsapp' rel=\"noopener\"><span class='avia_hidden_link_text'>Compartir en Whatsapp<\/span><\/a><\/li><li class='av-share-link av-social-link-linkedin' ><a target=\"_blank\" aria-label=\"Compartir en LinkedIn\" href='https:\/\/linkedin.com\/shareArticle?mini=true&#038;title=En%20su%20visita%20a%20la%20regi%C3%B3n%20de%20Ays%C3%A9n%20Subsecretario%20de%20Salud%20P%C3%BAblica%20reforz%C3%B3%20encuesta%20de%20Salud%2C%20Sexualidad%20y%20G%C3%A9nero&#038;url=https:\/\/radiorevelacionfm.cl\/?p=23426' aria-hidden='false' data-av_icon='\ue8fc' data-av_iconfont='entypo-fontello' title='' data-avia-related-tooltip='Compartir en LinkedIn' rel=\"noopener\"><span class='avia_hidden_link_text'>Compartir en LinkedIn<\/span><\/a><\/li><li class='av-share-link av-social-link-mail' ><a  aria-label=\"Compartir por correo\" href='mailto:?subject=En%20su%20visita%20a%20la%20regi%C3%B3n%20de%20Ays%C3%A9n%20Subsecretario%20de%20Salud%20P%C3%BAblica%20reforz%C3%B3%20encuesta%20de%20Salud%2C%20Sexualidad%20y%20G%C3%A9nero&#038;body=https:\/\/radiorevelacionfm.cl\/?p=23426' aria-hidden='false' data-av_icon='\ue805' data-av_iconfont='entypo-fontello' title='' data-avia-related-tooltip='Compartir por correo'><span class='avia_hidden_link_text'>Compartir por correo<\/span><\/a><\/li><\/ul><\/div><\/div>\n<div  style='height:50px' class='hr hr-invisible   avia-builder-el-8  el_after_av_social_share  el_before_av_comments_list '><span class='hr-inner ' ><span class='hr-inner-style'><\/span><\/span><\/div>\n<div  class='av-buildercomment  av-blog-meta-html-info-disabled av-blog-meta-tag-disabled  '><\/div>\n","protected":false},"excerpt":{"rendered":"","protected":false},"author":1,"featured_media":23427,"comment_status":"open","ping_status":"open","sticky":false,"template":"","format":"standard","meta":{"footnotes":""},"categories":[46],"tags":[],"class_list":["post-23426","post","type-post","status-publish","format-standard","has-post-thumbnail","hentry","category-salud"],"jetpack_featured_media_url":"https:\/\/radiorevelacionfm.cl\/wp-content\/uploads\/2022\/10\/encuesta-salud-1-1.jpeg","_links":{"self":[{"href":"https:\/\/radiorevelacionfm.cl\/index.php?rest_route=\/wp\/v2\/posts\/23426","targetHints":{"allow":["GET"]}}],"collection":[{"href":"https:\/\/radiorevelacionfm.cl\/index.php?rest_route=\/wp\/v2\/posts"}],"about":[{"href":"https:\/\/radiorevelacionfm.cl\/index.php?rest_route=\/wp\/v2\/types\/post"}],"author":[{"embeddable":true,"href":"https:\/\/radiorevelacionfm.cl\/index.php?rest_route=\/wp\/v2\/users\/1"}],"replies":[{"embeddable":true,"href":"https:\/\/radiorevelacionfm.cl\/index.php?rest_route=%2Fwp%2Fv2%2Fcomments&post=23426"}],"version-history":[{"count":3,"href":"https:\/\/radiorevelacionfm.cl\/index.php?rest_route=\/wp\/v2\/posts\/23426\/revisions"}],"predecessor-version":[{"id":23429,"href":"https:\/\/radiorevelacionfm.cl\/index.php?rest_route=\/wp\/v2\/posts\/23426\/revisions\/23429"}],"wp:featuredmedia":[{"embeddable":true,"href":"https:\/\/radiorevelacionfm.cl\/index.php?rest_route=\/wp\/v2\/media\/23427"}],"wp:attachment":[{"href":"https:\/\/radiorevelacionfm.cl\/index.php?rest_route=%2Fwp%2Fv2%2Fmedia&parent=23426"}],"wp:term":[{"taxonomy":"category","embeddable":true,"href":"https:\/\/radiorevelacionfm.cl\/index.php?rest_route=%2Fwp%2Fv2%2Fcategories&post=23426"},{"taxonomy":"post_tag","embeddable":true,"href":"https:\/\/radiorevelacionfm.cl\/index.php?rest_route=%2Fwp%2Fv2%2Ftags&post=23426"}],"curies":[{"name":"wp","href":"https:\/\/api.w.org\/{rel}","templated":true}]}}