{"id":23423,"date":"2022-10-24T21:22:13","date_gmt":"2022-10-25T00:22:13","guid":{"rendered":"https:\/\/radiorevelacionfm.cl\/?p=23423"},"modified":"2022-10-24T21:22:13","modified_gmt":"2022-10-25T00:22:13","slug":"corte-suprema-culmina-jornadas-de-reflexion-2022-con-acuerdos-en-gobierno-judicial-y-perfeccionamiento-de-politica-de-genero-y-no-discriminacion","status":"publish","type":"post","link":"https:\/\/radiorevelacionfm.cl\/?p=23423","title":{"rendered":"Corte Suprema culmina Jornadas de Reflexi\u00f3n 2022 con acuerdos en gobierno judicial y perfeccionamiento de pol\u00edtica de g\u00e9nero y no discriminaci\u00f3n"},"content":{"rendered":"<div class=\"flex_column av_one_full  flex_column_div av-zero-column-padding first  avia-builder-el-0  el_before_av_one_full  avia-builder-el-first  \" style='border-radius:0px; '><div  class='avia-image-container  av-styling-    avia-builder-el-1  avia-builder-el-no-sibling  avia-align-center '  itemprop=\"image\" itemscope=\"itemscope\" itemtype=\"https:\/\/schema.org\/ImageObject\"  ><div class='avia-image-container-inner'><div class='avia-image-overlay-wrap'><img decoding=\"async\" class='wp-image-23424 avia-img-lazy-loading-not-23424 avia_image' src=\"https:\/\/radiorevelacionfm.cl\/wp-content\/uploads\/2022\/10\/foto-001-cierre-1_optimized.jpg\" alt='' title='foto-001-cierre-(1)_optimized' height=\"600\" width=\"1124\"  itemprop=\"thumbnailUrl\" srcset=\"https:\/\/radiorevelacionfm.cl\/wp-content\/uploads\/2022\/10\/foto-001-cierre-1_optimized.jpg 1124w, https:\/\/radiorevelacionfm.cl\/wp-content\/uploads\/2022\/10\/foto-001-cierre-1_optimized-300x160.jpg 300w, https:\/\/radiorevelacionfm.cl\/wp-content\/uploads\/2022\/10\/foto-001-cierre-1_optimized-1030x550.jpg 1030w, https:\/\/radiorevelacionfm.cl\/wp-content\/uploads\/2022\/10\/foto-001-cierre-1_optimized-768x410.jpg 768w, https:\/\/radiorevelacionfm.cl\/wp-content\/uploads\/2022\/10\/foto-001-cierre-1_optimized-705x376.jpg 705w, https:\/\/radiorevelacionfm.cl\/wp-content\/uploads\/2022\/10\/foto-001-cierre-1_optimized-600x320.jpg 600w\" sizes=\"(max-width: 1124px) 100vw, 1124px\" \/><\/div><\/div><\/div><\/div><div class=\"flex_column av_one_full  flex_column_div av-zero-column-padding first  avia-builder-el-2  el_after_av_one_full  el_before_av_one_full  column-top-margin\" style='border-radius:0px; '><section class=\"av_textblock_section \"  itemscope=\"itemscope\" itemtype=\"https:\/\/schema.org\/BlogPosting\" itemprop=\"blogPost\" ><div class='avia_textblock  '   itemprop=\"text\" ><p style=\"text-align: center;\"><span style=\"font-size: 18pt;\"><b>Corte Suprema culmina Jornadas de Reflexi\u00f3n 2022 con acuerdos en gobierno judicial y perfeccionamiento de pol\u00edtica de g\u00e9nero y no discriminaci\u00f3n<\/b><\/span><\/p>\n<div id=\"gtx-trans\" style=\"position: absolute; left: -50px; top: 4.31534px;\">\n<div class=\"gtx-trans-icon\"><\/div>\n<\/div>\n<\/div><\/section><\/div><div class=\"flex_column av_one_full  flex_column_div av-zero-column-padding first  avia-builder-el-4  el_after_av_one_full  el_before_av_hr  column-top-margin\" style='border-radius:0px; '><section class=\"av_textblock_section \"  itemscope=\"itemscope\" itemtype=\"https:\/\/schema.org\/BlogPosting\" itemprop=\"blogPost\" ><div class='avia_textblock  '   itemprop=\"text\" ><p class=\"v1MsoNormal\" style=\"text-align: justify;\">El pleno de la Corte Suprema culmin\u00f3 la edici\u00f3n XXV de sus Jornadas de Reflexi\u00f3n \u2013en la localidad de Puerto Chacabuco\u2013, instancia que durante tres d\u00edas conoci\u00f3 y resolvi\u00f3 temas de inter\u00e9s para el sistema de justicia, como los relativos a gobierno judicial, g\u00e9nero y no discriminaci\u00f3n, entre otros.<\/p>\n<p class=\"v1MsoNormal\" style=\"text-align: justify;\">El m\u00e1ximo tribunal trabaj\u00f3 en la Regi\u00f3n de Ays\u00e9n entre el 20 y 23 de octubre, marcando as\u00ed el retorno a la presencialidad de estas tradicionales labores de an\u00e1lisis y proyecci\u00f3n fuera del Palacio de Tribunales de Santiago.<\/p>\n<p class=\"v1MsoNormal\" style=\"text-align: justify;\"><b>Gobierno Judicial<\/b><\/p>\n<p class=\"v1MsoNormal\" style=\"text-align: justify;\">Uno de los temas prioritarios del encuentro fue reafirmar y actualizar la postura de la Corte Suprema sobre la necesidad de separar la funci\u00f3n jurisdiccional y administrativa, proponiendo la creaci\u00f3n de una entidad nacional y otras a nivel locales que tenga una mayor\u00eda de integrantes judiciales y que se aboque a las tareas de nombramientos, evaluaci\u00f3n de desempe\u00f1o, control disciplinario, administraci\u00f3n y presupuesto; formaci\u00f3n y capacitaci\u00f3n.<\/p>\n<p class=\"v1MsoNormal\" style=\"text-align: justify;\">El pleno de ministros del m\u00e1ximo tribunal del pa\u00eds especific\u00f3 que su proposici\u00f3n incluye la creaci\u00f3n de consejos regionales, que eviten la \u00abexcesiva concentraci\u00f3n de funciones\u00bb y aporte una mirada local y cercana a las realidades judiciales de cada territorio.<\/p>\n<p class=\"v1MsoNormal\" style=\"text-align: justify;\">\u00abUn primer aspecto, constitutivo de una definici\u00f3n central que la Corte Suprema ha adoptado en forma consistente, es la necesidad indiscutida de diferenciar, en forma clara, el ejercicio de funciones jurisdiccionales de las no jurisdiccionales. Esto implica la creaci\u00f3n de un \u00f3rgano nacional con autonom\u00eda constitucional, tipo Consejo de la Magistratura, descentralizado o desconcentrado funcional y territorialmente a nivel regional, que ejerza las funciones propias del gobierno judicial y donde la composici\u00f3n de su instancia superior, tanto a nivel nacional como regional, sea especializada y mayoritariamente judicial\u00bb, estableci\u00f3 la Corte Suprema.<\/p>\n<p class=\"v1MsoNormal\" style=\"text-align: justify;\">\u00abEsta diferenciaci\u00f3n se traduce, adem\u00e1s, en que quienes ejercen jurisdicci\u00f3n no debieran dedicarse al mismo tiempo a funciones distintas a las que se comprenden en ese \u00e1mbito. De este modo, se considera que los miembros de la judicatura no podr\u00edan integrar instancias de gobierno judicial mientras desempe\u00f1en funciones jurisdiccionales, por lo que necesariamente debieran quedar inhibidos de ejercer jurisdicci\u00f3n temporalmente en ese periodo\u00bb, plantea el acuerdo.<\/p>\n<p class=\"v1MsoNormal\" style=\"text-align: justify;\">Sobre la integraci\u00f3n de este \u00f3rgano, los ministros y ministras de la Corte Suprema reiteraron su planteamiento entorno a la necesidad de que cuente con una mayor\u00eda de integrantes de la judicatura y con otros miembros determinados por el Poder Ejecutivo, Legislativo, Colegio de Abogados y facultades de Derecho. Se estim\u00f3 importante que el presidente o presidenta de la Corte Suprema sea, adem\u00e1s, la m\u00e1xima autoridad de esta nueva entidad.<\/p>\n<p class=\"v1MsoNormal\" style=\"text-align: justify;\">Frente a otras tem\u00e1ticas relacionadas al proceso constituyente, el pleno del m\u00e1ximo tribunal valor\u00f3 el actual modelo de integraci\u00f3n, con 21 ministros y ministras, siendo 16 de carrera y 5 externos. Adem\u00e1s, reforz\u00f3 que se deben mantener en los tribunales superiores las acciones constitucionales sobre vulneraci\u00f3n de garant\u00edas, \u00absin perjuicio de entregar en casos especiales su conocimiento a los tribunales de base\u00bb.<\/p>\n<p class=\"v1MsoNormal\" style=\"text-align: justify;\">Tambi\u00e9n calific\u00f3 como \u00abnecesario\u00bb el concepto de unidad judicial y determin\u00f3 que todos los tribunales queden bajo la estructura del Poder Judicial, dejando exentos \u00fanicamente a la Justicia Constitucional y a la Justicia Electoral.<\/p>\n<p class=\"v1MsoNormal\" style=\"text-align: justify;\"><b>G\u00e9nero y no discriminaci\u00f3n\u00a0<\/b><\/p>\n<p class=\"v1MsoNormal\" style=\"text-align: justify;\">Otro de los temas analizados en profundidad fue la propuesta de modificaciones en asuntos de g\u00e9nero y no discriminaci\u00f3n en que se tomaron definiciones en materia de prevenci\u00f3n, reparaci\u00f3n, capacitaci\u00f3n y paridad.<\/p>\n<p class=\"v1MsoNormal\" style=\"text-align: justify;\"><b>En esta materia, la Corte Suprema determin\u00f3:<\/b><\/p>\n<p class=\"v1MsoNormal\" style=\"text-align: justify;\">\u2022 Que la Academia Judicial en conjunto con la Secretar\u00eda T\u00e9cnica de Igualdad de G\u00e9nero y No Discriminaci\u00f3n y la Corporaci\u00f3n Administrativa del Poder Judicial elaboren un Programa de Capacitaci\u00f3n obligatorio en materia de violencia de g\u00e9nero para todas las personas integrantes del escalaf\u00f3n primario del Poder Judicial, en especial para la judicatura con competencia en familia y penal;<\/p>\n<p class=\"v1MsoNormal\" style=\"text-align: justify;\">\u2022 Confeccionar un dec\u00e1logo de actuaci\u00f3n y buenas pr\u00e1cticas, que pueda ser una gu\u00eda para las personas que integran el Poder Judicial en sus relaciones laborales y que ayude a prevenir casos de acoso sexual y sexista dentro de la instituci\u00f3n.<\/p>\n<p class=\"v1MsoNormal\" style=\"text-align: justify;\">\u2022 Brindar recomendaciones de actuaci\u00f3n para personas investigadoras sobre contenci\u00f3n emocional a las personas denunciantes;<\/p>\n<p class=\"v1MsoNormal\" style=\"text-align: justify;\">\u2022 Generar una mesa de trabajo para la evaluaci\u00f3n de modificaciones normativas que permitan evitar la revictimizaci\u00f3n a las personas denunciantes durante el proceso, adem\u00e1s de facilitar las medidas de mitigaci\u00f3n tanto individualmente como en relaci\u00f3n a los espacios laborales;<\/p>\n<p class=\"v1MsoNormal\" style=\"text-align: justify;\">\u2022 Recomendaciones de actuaci\u00f3n para promover la reparaci\u00f3n de las personas v\u00edctimas y de las que se desempe\u00f1an en las unidades laborales, con posterioridad a la sentencia disciplinaria que sanciona por acoso sexual;<\/p>\n<p class=\"v1MsoNormal\" style=\"text-align: justify;\">\u2022 Se estableci\u00f3 que en la formaci\u00f3n de ternas y cinquenas para la integraci\u00f3n de las Cortes de Apelaciones y la Corte Suprema, respectivamente, se recomiende la votaci\u00f3n por, al menos, una mujer y un hombre. Adem\u00e1s, se establecer\u00e1 un sistema de alternancia entre ministras y ministros de Cortes de Apelaciones, por orden de antig\u00fcedad, para servir el cargo de ministros o ministras suplentes en la Corte Suprema.<\/p>\n<p class=\"v1MsoNormal\" style=\"text-align: justify;\"><b>Otras materias<\/b><\/p>\n<p class=\"v1MsoNormal\" style=\"text-align: justify;\">La relaci\u00f3n entre el Poder Judicial y el Poder Legislativo fue abordada en el encuentro determinando que se estima necesario potenciar la colaboraci\u00f3n y comunicaci\u00f3n con los colegisladores. \u00abPara tal objetivo, se acuerda la conformaci\u00f3n de una comisi\u00f3n de ministros que coordine la instancia de vinculaci\u00f3n legislativa\u00bb. \u00abPara estos fines, se acord\u00f3 que podr\u00e1 designarse por la Comisi\u00f3n a un ministro o ministra permanentemente encargado de representar dichas apreciaciones, para lo cual concurrir\u00e1 a las instancias legislativas que se le invite a participar en la tramitaci\u00f3n de los proyectos de ley respectivos. Esta comisi\u00f3n podr\u00e1 colaborar igualmente con los procesos constitucionales en que se requiera la opini\u00f3n de esta Corte o se estime relevante manifestarla\u00bb, se detalla.<\/p>\n<p class=\"v1MsoNormal\" style=\"text-align: justify;\">Sobre la justicia ind\u00edgena, se estim\u00f3 relevante que juezas y jueces conozcan m\u00e1s sobre esta materia y se acord\u00f3 &#8216;proponer al Consejo Directivo de la Academia Judicial la factibilidad de desarrollar un curso de especializaci\u00f3n dirigido al escalaf\u00f3n primario del Poder Judicial sobre justicia ind\u00edgena y est\u00e1ndares del Convenio N\u00b0169 de la OIT sobre Pueblos Ind\u00edgenas y Tribales, con especial \u00e9nfasis en jurisdicciones con presencia de comunidades ind\u00edgenas\u00bb, afirma.<\/p>\n<\/div><\/section><\/div><div  style='height:50px' class='hr hr-invisible   avia-builder-el-6  el_after_av_one_full  el_before_av_social_share '><span class='hr-inner ' ><span class='hr-inner-style'><\/span><\/span><\/div><\/p>\n<div  class='av-social-sharing-box  avia-builder-el-7  el_after_av_hr  el_before_av_hr  '><div class='av-share-box'><h5 class='av-share-link-description av-no-toc '>Compartir esta noticia<\/h5><ul class='av-share-box-list noLightbox'><li class='av-share-link av-social-link-facebook' ><a target=\"_blank\" aria-label=\"Compartir en Facebook\" href='https:\/\/www.facebook.com\/sharer.php?u=https:\/\/radiorevelacionfm.cl\/?p=23423&#038;t=Corte%20Suprema%20culmina%20Jornadas%20de%20Reflexi%C3%B3n%202022%20con%20acuerdos%20en%20gobierno%20judicial%20y%20perfeccionamiento%20de%20pol%C3%ADtica%20de%20g%C3%A9nero%20y%20no%20discriminaci%C3%B3n' aria-hidden='false' data-av_icon='\ue8f3' data-av_iconfont='entypo-fontello' title='' data-avia-related-tooltip='Compartir en Facebook' rel=\"noopener\"><span class='avia_hidden_link_text'>Compartir en Facebook<\/span><\/a><\/li><li class='av-share-link av-social-link-twitter' ><a target=\"_blank\" aria-label=\"Compartir en Twitter\" href='https:\/\/twitter.com\/share?text=Corte%20Suprema%20culmina%20Jornadas%20de%20Reflexi%C3%B3n%202022%20con%20acuerdos%20en%20gobierno%20judicial%20y%20perfeccionamiento%20de%20pol%C3%ADtica%20de%20g%C3%A9nero%20y%20no%20discriminaci%C3%B3n&#038;url=https:\/\/radiorevelacionfm.cl\/?p=23423' aria-hidden='false' data-av_icon='\ue8f1' data-av_iconfont='entypo-fontello' title='' data-avia-related-tooltip='Compartir en Twitter' rel=\"noopener\"><span class='avia_hidden_link_text'>Compartir en Twitter<\/span><\/a><\/li><li class='av-share-link av-social-link-whatsapp' ><a target=\"_blank\" aria-label=\"Compartir en Whatsapp\" href='https:\/\/api.whatsapp.com\/send?text=https:\/\/radiorevelacionfm.cl\/?p=23423' aria-hidden='false' data-av_icon='\uf232' data-av_iconfont='entypo-fontello' title='' data-avia-related-tooltip='Compartir en Whatsapp' rel=\"noopener\"><span class='avia_hidden_link_text'>Compartir en Whatsapp<\/span><\/a><\/li><li class='av-share-link av-social-link-linkedin' ><a target=\"_blank\" aria-label=\"Compartir en LinkedIn\" href='https:\/\/linkedin.com\/shareArticle?mini=true&#038;title=Corte%20Suprema%20culmina%20Jornadas%20de%20Reflexi%C3%B3n%202022%20con%20acuerdos%20en%20gobierno%20judicial%20y%20perfeccionamiento%20de%20pol%C3%ADtica%20de%20g%C3%A9nero%20y%20no%20discriminaci%C3%B3n&#038;url=https:\/\/radiorevelacionfm.cl\/?p=23423' aria-hidden='false' data-av_icon='\ue8fc' data-av_iconfont='entypo-fontello' title='' data-avia-related-tooltip='Compartir en LinkedIn' rel=\"noopener\"><span class='avia_hidden_link_text'>Compartir en LinkedIn<\/span><\/a><\/li><li class='av-share-link av-social-link-mail' ><a  aria-label=\"Compartir por correo\" href='mailto:?subject=Corte%20Suprema%20culmina%20Jornadas%20de%20Reflexi%C3%B3n%202022%20con%20acuerdos%20en%20gobierno%20judicial%20y%20perfeccionamiento%20de%20pol%C3%ADtica%20de%20g%C3%A9nero%20y%20no%20discriminaci%C3%B3n&#038;body=https:\/\/radiorevelacionfm.cl\/?p=23423' aria-hidden='false' data-av_icon='\ue805' data-av_iconfont='entypo-fontello' title='' data-avia-related-tooltip='Compartir por correo'><span class='avia_hidden_link_text'>Compartir por correo<\/span><\/a><\/li><\/ul><\/div><\/div>\n<div  style='height:50px' class='hr hr-invisible   avia-builder-el-8  el_after_av_social_share  el_before_av_comments_list '><span class='hr-inner ' ><span class='hr-inner-style'><\/span><\/span><\/div>\n<div  class='av-buildercomment  av-blog-meta-html-info-disabled av-blog-meta-tag-disabled  '><\/div>\n","protected":false},"excerpt":{"rendered":"","protected":false},"author":1,"featured_media":23424,"comment_status":"open","ping_status":"open","sticky":false,"template":"","format":"standard","meta":{"footnotes":""},"categories":[55],"tags":[],"class_list":["post-23423","post","type-post","status-publish","format-standard","has-post-thumbnail","hentry","category-justicia"],"jetpack_featured_media_url":"https:\/\/radiorevelacionfm.cl\/wp-content\/uploads\/2022\/10\/foto-001-cierre-1_optimized.jpg","_links":{"self":[{"href":"https:\/\/radiorevelacionfm.cl\/index.php?rest_route=\/wp\/v2\/posts\/23423","targetHints":{"allow":["GET"]}}],"collection":[{"href":"https:\/\/radiorevelacionfm.cl\/index.php?rest_route=\/wp\/v2\/posts"}],"about":[{"href":"https:\/\/radiorevelacionfm.cl\/index.php?rest_route=\/wp\/v2\/types\/post"}],"author":[{"embeddable":true,"href":"https:\/\/radiorevelacionfm.cl\/index.php?rest_route=\/wp\/v2\/users\/1"}],"replies":[{"embeddable":true,"href":"https:\/\/radiorevelacionfm.cl\/index.php?rest_route=%2Fwp%2Fv2%2Fcomments&post=23423"}],"version-history":[{"count":2,"href":"https:\/\/radiorevelacionfm.cl\/index.php?rest_route=\/wp\/v2\/posts\/23423\/revisions"}],"predecessor-version":[{"id":23439,"href":"https:\/\/radiorevelacionfm.cl\/index.php?rest_route=\/wp\/v2\/posts\/23423\/revisions\/23439"}],"wp:featuredmedia":[{"embeddable":true,"href":"https:\/\/radiorevelacionfm.cl\/index.php?rest_route=\/wp\/v2\/media\/23424"}],"wp:attachment":[{"href":"https:\/\/radiorevelacionfm.cl\/index.php?rest_route=%2Fwp%2Fv2%2Fmedia&parent=23423"}],"wp:term":[{"taxonomy":"category","embeddable":true,"href":"https:\/\/radiorevelacionfm.cl\/index.php?rest_route=%2Fwp%2Fv2%2Fcategories&post=23423"},{"taxonomy":"post_tag","embeddable":true,"href":"https:\/\/radiorevelacionfm.cl\/index.php?rest_route=%2Fwp%2Fv2%2Ftags&post=23423"}],"curies":[{"name":"wp","href":"https:\/\/api.w.org\/{rel}","templated":true}]}}