{"id":23419,"date":"2022-10-24T16:34:46","date_gmt":"2022-10-24T19:34:46","guid":{"rendered":"https:\/\/radiorevelacionfm.cl\/?p=23419"},"modified":"2022-10-24T16:34:46","modified_gmt":"2022-10-24T19:34:46","slug":"vecinos-de-balmaceda-y-diputado-calisto-piden-a-serviu-terreno-para-construccion-de-un-cesfam-en-la-localidad","status":"publish","type":"post","link":"https:\/\/radiorevelacionfm.cl\/?p=23419","title":{"rendered":"Vecinos de Balmaceda y diputado Calisto piden a Serviu terreno para construcci\u00f3n de un Cesfam en la localidad"},"content":{"rendered":"<div class=\"flex_column av_one_full  flex_column_div av-zero-column-padding first  avia-builder-el-0  el_before_av_one_full  avia-builder-el-first  \" style='border-radius:0px; '><div  class='avia-image-container  av-styling-    avia-builder-el-1  avia-builder-el-no-sibling  avia-align-center '  itemprop=\"image\" itemscope=\"itemscope\" itemtype=\"https:\/\/schema.org\/ImageObject\"  ><div class='avia-image-container-inner'><div class='avia-image-overlay-wrap'><img decoding=\"async\" class='wp-image-23420 avia-img-lazy-loading-not-23420 avia_image' src=\"https:\/\/radiorevelacionfm.cl\/wp-content\/uploads\/2022\/10\/reuniOn-balmaceda-1_optimized-1-1.jpeg\" alt='' title='reuni\u00d3n-balmaceda-(1)_optimized (1) (1)' height=\"612\" width=\"1024\"  itemprop=\"thumbnailUrl\" srcset=\"https:\/\/radiorevelacionfm.cl\/wp-content\/uploads\/2022\/10\/reuniOn-balmaceda-1_optimized-1-1.jpeg 1024w, https:\/\/radiorevelacionfm.cl\/wp-content\/uploads\/2022\/10\/reuniOn-balmaceda-1_optimized-1-1-300x179.jpeg 300w, https:\/\/radiorevelacionfm.cl\/wp-content\/uploads\/2022\/10\/reuniOn-balmaceda-1_optimized-1-1-768x459.jpeg 768w, https:\/\/radiorevelacionfm.cl\/wp-content\/uploads\/2022\/10\/reuniOn-balmaceda-1_optimized-1-1-705x421.jpeg 705w, https:\/\/radiorevelacionfm.cl\/wp-content\/uploads\/2022\/10\/reuniOn-balmaceda-1_optimized-1-1-600x359.jpeg 600w\" sizes=\"(max-width: 1024px) 100vw, 1024px\" \/><\/div><\/div><\/div><\/div><div class=\"flex_column av_one_full  flex_column_div av-zero-column-padding first  avia-builder-el-2  el_after_av_one_full  el_before_av_one_full  column-top-margin\" style='border-radius:0px; '><section class=\"av_textblock_section \"  itemscope=\"itemscope\" itemtype=\"https:\/\/schema.org\/BlogPosting\" itemprop=\"blogPost\" ><div class='avia_textblock  '   itemprop=\"text\" ><p style=\"text-align: center;\"><strong><span style=\"font-size: 18pt;\">Vecinos de Balmaceda y diputado Calisto piden a Serviu terreno para construcci\u00f3n de un Cesfam en la localidad<\/span><\/strong><\/p>\n<div id=\"gtx-trans\" style=\"position: absolute; left: -50px; top: 4.31534px;\">\n<div class=\"gtx-trans-icon\"><\/div>\n<\/div>\n<\/div><\/section><\/div><div class=\"flex_column av_one_full  flex_column_div av-zero-column-padding first  avia-builder-el-4  el_after_av_one_full  el_before_av_hr  column-top-margin\" style='border-radius:0px; '><section class=\"av_textblock_section \"  itemscope=\"itemscope\" itemtype=\"https:\/\/schema.org\/BlogPosting\" itemprop=\"blogPost\" ><div class='avia_textblock  '   itemprop=\"text\" ><p style=\"font-weight: 400; text-align: justify;\">Consciente de las distintas demandas que tienen los habitantes de Balmaceda, quienes llevan un tiempo acusando abandono por parte del Estado, el diputado Miguel \u00c1ngel Calisto coordin\u00f3 una reuni\u00f3n con Serviu y un grupo de vecinos de esa localidad, con el fin de solicitar un terreno para la construcci\u00f3n de un Centro de Salud Familiar que de abasto a la creciente demanda producto del aumento de proyectos habitacionales.<\/p>\n<p style=\"font-weight: 400; text-align: justify;\">Seg\u00fan el diputado Calisto, \u201cjunto a dirigentes del Consejo Ciudadano de Balmaceda planteamos un tema que es fundamental. Ac\u00e1 se necesita con urgencia la construcci\u00f3n de un Cesfam, que permita atender a la poblaci\u00f3n hist\u00f3rica de esta localidad, como tambi\u00e9n a las familias que est\u00e1n llegando producto del aumento de proyectos de vivienda\u201d.<\/p>\n<p style=\"font-weight: 400; text-align: justify;\">\u201cSon m\u00e1s de 300 o 400 familias las que se estar\u00e1n instalando en esta localidad. Lamentablemente, el Estado no ha previsto que debe entregar y facilitar las condiciones, y eso implica obviamente el tema de la salud. Adem\u00e1s, tenemos que considerar que en Balmaceda hay un aeropuerto nacional, que en el futuro ser\u00e1 aeropuerto internacional\u201d, se\u00f1al\u00f3.<\/p>\n<p style=\"font-weight: 400; text-align: justify;\">Calisto agreg\u00f3 que \u201cno puede ser que en una localidad con esta proyecci\u00f3n y con esta importancia geopol\u00edtica no tengamos un centro de salud que sea resolutivo. Estamos apoyando a los vecinos de esta localidad para que mejoremos las condiciones de vida de los vecinos, mejoras en los servicios, en la escuela. Tienen un sin n\u00famero de problemas que hay que ir solucionando, por lo que seguiremos apoy\u00e1ndolos en todo\u201d.<\/p>\n<p style=\"font-weight: 400; text-align: justify;\">Por su parte, el Consejero Regional Felipe Klein, se\u00f1al\u00f3 que \u201cBalmaceda necesita un Cesfam, necesita mayor inversi\u00f3n por parte del Estado de Chile y por parte del actual Gobierno. Hoy vemos que es una localidad que va creciendo d\u00eda a d\u00eda y su poblaci\u00f3n va aumentando considerablemente, pero el Estado no va a la misma velocidad en relaci\u00f3n al desarrollo\u201d.<\/p>\n<p style=\"font-weight: 400; text-align: justify;\">\u201cLo mismo sucede con otras localidades como Valle Simpson, El Blanco, Villa Frei, donde su poblaci\u00f3n va creciendo y el Estado va quedando atr\u00e1s. Hacemos el llamado a las autoridades de Gobierno que se preocupen por estas localidades y avancemos con el terreno para la construcci\u00f3n de un Cesfam en Balmaceda\u201d, indic\u00f3.<\/p>\n<p style=\"font-weight: 400; text-align: justify;\">Finalmente, Claudia \u00c1guila, dirigenta social y presidenta del Comit\u00e9 habitacional Huilli Ruca, afirm\u00f3 que \u201cacabamos de salir de una reuni\u00f3n con el director de Serviu y el diputado, donde solicitamos un terreno para construir un nuevo Cesfam para Balmaceda. Hoy en d\u00eda, con el aumento de poblaci\u00f3n, necesitamos de forma urgente un nuevo centro de salud que de abasto a la demanda de la gente que viven en el sector\u201d.<\/p>\n<\/div><\/section><\/div><div  style='height:50px' class='hr hr-invisible   avia-builder-el-6  el_after_av_one_full  el_before_av_social_share '><span class='hr-inner ' ><span class='hr-inner-style'><\/span><\/span><\/div><\/p>\n<div  class='av-social-sharing-box  avia-builder-el-7  el_after_av_hr  el_before_av_hr  '><div class='av-share-box'><h5 class='av-share-link-description av-no-toc '>Compartir esta noticia<\/h5><ul class='av-share-box-list noLightbox'><li class='av-share-link av-social-link-facebook' ><a target=\"_blank\" aria-label=\"Compartir en Facebook\" href='https:\/\/www.facebook.com\/sharer.php?u=https:\/\/radiorevelacionfm.cl\/?p=23419&#038;t=Vecinos%20de%20Balmaceda%20y%20diputado%20Calisto%20piden%20a%20Serviu%20terreno%20para%20construcci%C3%B3n%20de%20un%20Cesfam%20en%20la%20localidad' aria-hidden='false' data-av_icon='\ue8f3' data-av_iconfont='entypo-fontello' title='' data-avia-related-tooltip='Compartir en Facebook' rel=\"noopener\"><span class='avia_hidden_link_text'>Compartir en Facebook<\/span><\/a><\/li><li class='av-share-link av-social-link-twitter' ><a target=\"_blank\" aria-label=\"Compartir en Twitter\" href='https:\/\/twitter.com\/share?text=Vecinos%20de%20Balmaceda%20y%20diputado%20Calisto%20piden%20a%20Serviu%20terreno%20para%20construcci%C3%B3n%20de%20un%20Cesfam%20en%20la%20localidad&#038;url=https:\/\/radiorevelacionfm.cl\/?p=23419' aria-hidden='false' data-av_icon='\ue8f1' data-av_iconfont='entypo-fontello' title='' data-avia-related-tooltip='Compartir en Twitter' rel=\"noopener\"><span class='avia_hidden_link_text'>Compartir en Twitter<\/span><\/a><\/li><li class='av-share-link av-social-link-whatsapp' ><a target=\"_blank\" aria-label=\"Compartir en Whatsapp\" href='https:\/\/api.whatsapp.com\/send?text=https:\/\/radiorevelacionfm.cl\/?p=23419' aria-hidden='false' data-av_icon='\uf232' data-av_iconfont='entypo-fontello' title='' data-avia-related-tooltip='Compartir en Whatsapp' rel=\"noopener\"><span class='avia_hidden_link_text'>Compartir en Whatsapp<\/span><\/a><\/li><li class='av-share-link av-social-link-linkedin' ><a target=\"_blank\" aria-label=\"Compartir en LinkedIn\" href='https:\/\/linkedin.com\/shareArticle?mini=true&#038;title=Vecinos%20de%20Balmaceda%20y%20diputado%20Calisto%20piden%20a%20Serviu%20terreno%20para%20construcci%C3%B3n%20de%20un%20Cesfam%20en%20la%20localidad&#038;url=https:\/\/radiorevelacionfm.cl\/?p=23419' aria-hidden='false' data-av_icon='\ue8fc' data-av_iconfont='entypo-fontello' title='' data-avia-related-tooltip='Compartir en LinkedIn' rel=\"noopener\"><span class='avia_hidden_link_text'>Compartir en LinkedIn<\/span><\/a><\/li><li class='av-share-link av-social-link-mail' ><a  aria-label=\"Compartir por correo\" href='mailto:?subject=Vecinos%20de%20Balmaceda%20y%20diputado%20Calisto%20piden%20a%20Serviu%20terreno%20para%20construcci%C3%B3n%20de%20un%20Cesfam%20en%20la%20localidad&#038;body=https:\/\/radiorevelacionfm.cl\/?p=23419' aria-hidden='false' data-av_icon='\ue805' data-av_iconfont='entypo-fontello' title='' data-avia-related-tooltip='Compartir por correo'><span class='avia_hidden_link_text'>Compartir por correo<\/span><\/a><\/li><\/ul><\/div><\/div>\n<div  style='height:50px' class='hr hr-invisible   avia-builder-el-8  el_after_av_social_share  el_before_av_comments_list '><span class='hr-inner ' ><span class='hr-inner-style'><\/span><\/span><\/div>\n<div  class='av-buildercomment  av-blog-meta-html-info-disabled av-blog-meta-tag-disabled  '><\/div>\n","protected":false},"excerpt":{"rendered":"","protected":false},"author":1,"featured_media":23420,"comment_status":"open","ping_status":"open","sticky":false,"template":"","format":"standard","meta":{"footnotes":""},"categories":[35],"tags":[],"class_list":["post-23419","post","type-post","status-publish","format-standard","has-post-thumbnail","hentry","category-politica"],"jetpack_featured_media_url":"https:\/\/radiorevelacionfm.cl\/wp-content\/uploads\/2022\/10\/reuniOn-balmaceda-1_optimized-1-1.jpeg","_links":{"self":[{"href":"https:\/\/radiorevelacionfm.cl\/index.php?rest_route=\/wp\/v2\/posts\/23419","targetHints":{"allow":["GET"]}}],"collection":[{"href":"https:\/\/radiorevelacionfm.cl\/index.php?rest_route=\/wp\/v2\/posts"}],"about":[{"href":"https:\/\/radiorevelacionfm.cl\/index.php?rest_route=\/wp\/v2\/types\/post"}],"author":[{"embeddable":true,"href":"https:\/\/radiorevelacionfm.cl\/index.php?rest_route=\/wp\/v2\/users\/1"}],"replies":[{"embeddable":true,"href":"https:\/\/radiorevelacionfm.cl\/index.php?rest_route=%2Fwp%2Fv2%2Fcomments&post=23419"}],"version-history":[{"count":2,"href":"https:\/\/radiorevelacionfm.cl\/index.php?rest_route=\/wp\/v2\/posts\/23419\/revisions"}],"predecessor-version":[{"id":23422,"href":"https:\/\/radiorevelacionfm.cl\/index.php?rest_route=\/wp\/v2\/posts\/23419\/revisions\/23422"}],"wp:featuredmedia":[{"embeddable":true,"href":"https:\/\/radiorevelacionfm.cl\/index.php?rest_route=\/wp\/v2\/media\/23420"}],"wp:attachment":[{"href":"https:\/\/radiorevelacionfm.cl\/index.php?rest_route=%2Fwp%2Fv2%2Fmedia&parent=23419"}],"wp:term":[{"taxonomy":"category","embeddable":true,"href":"https:\/\/radiorevelacionfm.cl\/index.php?rest_route=%2Fwp%2Fv2%2Fcategories&post=23419"},{"taxonomy":"post_tag","embeddable":true,"href":"https:\/\/radiorevelacionfm.cl\/index.php?rest_route=%2Fwp%2Fv2%2Ftags&post=23419"}],"curies":[{"name":"wp","href":"https:\/\/api.w.org\/{rel}","templated":true}]}}