{"id":23416,"date":"2022-10-24T18:44:19","date_gmt":"2022-10-24T21:44:19","guid":{"rendered":"https:\/\/radiorevelacionfm.cl\/?p=23416"},"modified":"2022-10-24T18:44:19","modified_gmt":"2022-10-24T21:44:19","slug":"conectividad-gobernadora-de-aysen-y-consejeros-se-reunen-con-representantes-de-latam","status":"publish","type":"post","link":"https:\/\/radiorevelacionfm.cl\/?p=23416","title":{"rendered":"Conectividad: Gobernadora de Ays\u00e9n y Consejeros se re\u00fanen con representantes de Latam"},"content":{"rendered":"<div class=\"flex_column av_one_full  flex_column_div av-zero-column-padding first  avia-builder-el-0  el_before_av_one_full  avia-builder-el-first  \" style='border-radius:0px; '><div  class='avia-image-container  av-styling-    avia-builder-el-1  avia-builder-el-no-sibling  avia-align-center '  itemprop=\"image\" itemscope=\"itemscope\" itemtype=\"https:\/\/schema.org\/ImageObject\"  ><div class='avia-image-container-inner'><div class='avia-image-overlay-wrap'><img decoding=\"async\" class='wp-image-23417 avia-img-lazy-loading-not-23417 avia_image' src=\"https:\/\/radiorevelacionfm.cl\/wp-content\/uploads\/2022\/10\/L2-1-1.jpeg\" alt='' title='L2 (1) (1)' height=\"600\" width=\"900\"  itemprop=\"thumbnailUrl\" srcset=\"https:\/\/radiorevelacionfm.cl\/wp-content\/uploads\/2022\/10\/L2-1-1.jpeg 900w, https:\/\/radiorevelacionfm.cl\/wp-content\/uploads\/2022\/10\/L2-1-1-300x200.jpeg 300w, https:\/\/radiorevelacionfm.cl\/wp-content\/uploads\/2022\/10\/L2-1-1-768x512.jpeg 768w, https:\/\/radiorevelacionfm.cl\/wp-content\/uploads\/2022\/10\/L2-1-1-705x470.jpeg 705w, https:\/\/radiorevelacionfm.cl\/wp-content\/uploads\/2022\/10\/L2-1-1-600x400.jpeg 600w\" sizes=\"(max-width: 900px) 100vw, 900px\" \/><\/div><\/div><\/div><\/div><div class=\"flex_column av_one_full  flex_column_div av-zero-column-padding first  avia-builder-el-2  el_after_av_one_full  el_before_av_one_full  column-top-margin\" style='border-radius:0px; '><section class=\"av_textblock_section \"  itemscope=\"itemscope\" itemtype=\"https:\/\/schema.org\/BlogPosting\" itemprop=\"blogPost\" ><div class='avia_textblock  '   itemprop=\"text\" ><p style=\"text-align: center;\"><strong><span style=\"font-size: 18pt;\">Conectividad: Gobernadora de Ays\u00e9n y Consejeros se re\u00fanen con representantes de Latam<\/span><\/strong><\/p>\n<div id=\"gtx-trans\" style=\"position: absolute; left: -50px; top: 4.31534px;\">\n<div class=\"gtx-trans-icon\"><\/div>\n<\/div>\n<\/div><\/section><\/div><div class=\"flex_column av_one_full  flex_column_div av-zero-column-padding first  avia-builder-el-4  el_after_av_one_full  el_before_av_hr  column-top-margin\" style='border-radius:0px; '><section class=\"av_textblock_section \"  itemscope=\"itemscope\" itemtype=\"https:\/\/schema.org\/BlogPosting\" itemprop=\"blogPost\" ><div class='avia_textblock  '   itemprop=\"text\" ><p dir=\"ltr\" style=\"text-align: justify;\">La Gobernadora Regional, Andrea Mac\u00edas Palma, se reuni\u00f3 con el Director de Asuntos Corporativos y Sostenibilidad de Latam Airlines Group, Juan Jos\u00e9 Toh\u00e1, el Gerente de Asuntos P\u00fablicos, David Harry, y la encargada de Asuntos Corporativos, Javiera Icaza, para abordar la conectividad a\u00e9rea por parte de la aerol\u00ednea multinacional chilena en la Regi\u00f3n de Ays\u00e9n junto a los Consejeros Jorge Abello, Marco Gillibrand, y Sergio Gonz\u00e1lez.<\/p>\n<p dir=\"ltr\" style=\"text-align: justify;\">Durante la instancia, las autoridades regionales plantearon la necesidad de tener m\u00e1s vuelos hacia el territorio y diversificar los horarios, proponiendo la llegada y salida de otros que sean en horario de la tarde.<\/p>\n<p dir=\"ltr\" style=\"text-align: justify;\">Conocieron sobre \u00abla proyecci\u00f3n que tiene la aerol\u00ednea para el desempe\u00f1o en la regi\u00f3n y, adem\u00e1s, evaluando la posibilidad de iniciar trabajos en conjunto que implican tambi\u00e9n la promoci\u00f3n de la Patagonia como un destino tur\u00edstico que, sin duda, tiene que ir acompa\u00f1ado adem\u00e1s de un plan de desarrollo que nos permita efectivamente crear una oferta que sea atractiva y de calidad para poder recibir a todos los turistas que quieran llegar a nuestra regi\u00f3n\u00bb, dijo la Gobernadora Regional, Andrea Mac\u00edas Palma.<\/p>\n<p dir=\"ltr\" style=\"text-align: justify;\">Desde Latam informaron que durante los meses de temporada alta incrementar\u00e1n los vuelos hacia Balmaceda. Adem\u00e1s, Juan Jos\u00e9 Toh\u00e1 manifest\u00f3 que, de acuerdo a los modelos predictivos, acompa\u00f1ar\u00e1n la demanda existente para la Regi\u00f3n de Ays\u00e9n.<\/p>\n<p dir=\"ltr\" style=\"text-align: justify;\">\u00abDe parte de Latam, agradecer, un orgullo las visitas que recibimos, a la Gobernadora en nuestras oficinas ac\u00e1 en Santiago. Esperamos que la pr\u00f3xima reuni\u00f3n sea en Ays\u00e9n y, por nuestra parte, toda la disposici\u00f3n a ir acompa\u00f1ando el proceso de desarrollo de la regi\u00f3n, ir viendo c\u00f3mo podemos nosotros contribuir para que el desarrollo del turismo en la regi\u00f3n se vaya acelerando y poder jugar nuestro rol en eso\u00bb, expres\u00f3 el Director de Asuntos Corporativos y Sostenibilidad de Latam Airlines Group, Juan Jos\u00e9 Toh\u00e1.<\/p>\n<\/div><\/section><\/div><div  style='height:50px' class='hr hr-invisible   avia-builder-el-6  el_after_av_one_full  el_before_av_social_share '><span class='hr-inner ' ><span class='hr-inner-style'><\/span><\/span><\/div><\/p>\n<div  class='av-social-sharing-box  avia-builder-el-7  el_after_av_hr  el_before_av_hr  '><div class='av-share-box'><h5 class='av-share-link-description av-no-toc '>Compartir esta noticia<\/h5><ul class='av-share-box-list noLightbox'><li class='av-share-link av-social-link-facebook' ><a target=\"_blank\" aria-label=\"Compartir en Facebook\" href='https:\/\/www.facebook.com\/sharer.php?u=https:\/\/radiorevelacionfm.cl\/?p=23416&#038;t=Conectividad%3A%20Gobernadora%20de%20Ays%C3%A9n%20y%20Consejeros%20se%20re%C3%BAnen%20con%20representantes%20de%20Latam' aria-hidden='false' data-av_icon='\ue8f3' data-av_iconfont='entypo-fontello' title='' data-avia-related-tooltip='Compartir en Facebook' rel=\"noopener\"><span class='avia_hidden_link_text'>Compartir en Facebook<\/span><\/a><\/li><li class='av-share-link av-social-link-twitter' ><a target=\"_blank\" aria-label=\"Compartir en Twitter\" href='https:\/\/twitter.com\/share?text=Conectividad%3A%20Gobernadora%20de%20Ays%C3%A9n%20y%20Consejeros%20se%20re%C3%BAnen%20con%20representantes%20de%20Latam&#038;url=https:\/\/radiorevelacionfm.cl\/?p=23416' aria-hidden='false' data-av_icon='\ue8f1' data-av_iconfont='entypo-fontello' title='' data-avia-related-tooltip='Compartir en Twitter' rel=\"noopener\"><span class='avia_hidden_link_text'>Compartir en Twitter<\/span><\/a><\/li><li class='av-share-link av-social-link-whatsapp' ><a target=\"_blank\" aria-label=\"Compartir en Whatsapp\" href='https:\/\/api.whatsapp.com\/send?text=https:\/\/radiorevelacionfm.cl\/?p=23416' aria-hidden='false' data-av_icon='\uf232' data-av_iconfont='entypo-fontello' title='' data-avia-related-tooltip='Compartir en Whatsapp' rel=\"noopener\"><span class='avia_hidden_link_text'>Compartir en Whatsapp<\/span><\/a><\/li><li class='av-share-link av-social-link-linkedin' ><a target=\"_blank\" aria-label=\"Compartir en LinkedIn\" href='https:\/\/linkedin.com\/shareArticle?mini=true&#038;title=Conectividad%3A%20Gobernadora%20de%20Ays%C3%A9n%20y%20Consejeros%20se%20re%C3%BAnen%20con%20representantes%20de%20Latam&#038;url=https:\/\/radiorevelacionfm.cl\/?p=23416' aria-hidden='false' data-av_icon='\ue8fc' data-av_iconfont='entypo-fontello' title='' data-avia-related-tooltip='Compartir en LinkedIn' rel=\"noopener\"><span class='avia_hidden_link_text'>Compartir en LinkedIn<\/span><\/a><\/li><li class='av-share-link av-social-link-mail' ><a  aria-label=\"Compartir por correo\" href='mailto:?subject=Conectividad%3A%20Gobernadora%20de%20Ays%C3%A9n%20y%20Consejeros%20se%20re%C3%BAnen%20con%20representantes%20de%20Latam&#038;body=https:\/\/radiorevelacionfm.cl\/?p=23416' aria-hidden='false' data-av_icon='\ue805' data-av_iconfont='entypo-fontello' title='' data-avia-related-tooltip='Compartir por correo'><span class='avia_hidden_link_text'>Compartir por correo<\/span><\/a><\/li><\/ul><\/div><\/div>\n<div  style='height:50px' class='hr hr-invisible   avia-builder-el-8  el_after_av_social_share  el_before_av_comments_list '><span class='hr-inner ' ><span class='hr-inner-style'><\/span><\/span><\/div>\n<div  class='av-buildercomment  av-blog-meta-html-info-disabled av-blog-meta-tag-disabled  '><\/div>\n","protected":false},"excerpt":{"rendered":"","protected":false},"author":1,"featured_media":23417,"comment_status":"open","ping_status":"open","sticky":false,"template":"","format":"standard","meta":{"footnotes":""},"categories":[38],"tags":[],"class_list":["post-23416","post","type-post","status-publish","format-standard","has-post-thumbnail","hentry","category-regional"],"jetpack_featured_media_url":"https:\/\/radiorevelacionfm.cl\/wp-content\/uploads\/2022\/10\/L2-1-1.jpeg","_links":{"self":[{"href":"https:\/\/radiorevelacionfm.cl\/index.php?rest_route=\/wp\/v2\/posts\/23416","targetHints":{"allow":["GET"]}}],"collection":[{"href":"https:\/\/radiorevelacionfm.cl\/index.php?rest_route=\/wp\/v2\/posts"}],"about":[{"href":"https:\/\/radiorevelacionfm.cl\/index.php?rest_route=\/wp\/v2\/types\/post"}],"author":[{"embeddable":true,"href":"https:\/\/radiorevelacionfm.cl\/index.php?rest_route=\/wp\/v2\/users\/1"}],"replies":[{"embeddable":true,"href":"https:\/\/radiorevelacionfm.cl\/index.php?rest_route=%2Fwp%2Fv2%2Fcomments&post=23416"}],"version-history":[{"count":2,"href":"https:\/\/radiorevelacionfm.cl\/index.php?rest_route=\/wp\/v2\/posts\/23416\/revisions"}],"predecessor-version":[{"id":23437,"href":"https:\/\/radiorevelacionfm.cl\/index.php?rest_route=\/wp\/v2\/posts\/23416\/revisions\/23437"}],"wp:featuredmedia":[{"embeddable":true,"href":"https:\/\/radiorevelacionfm.cl\/index.php?rest_route=\/wp\/v2\/media\/23417"}],"wp:attachment":[{"href":"https:\/\/radiorevelacionfm.cl\/index.php?rest_route=%2Fwp%2Fv2%2Fmedia&parent=23416"}],"wp:term":[{"taxonomy":"category","embeddable":true,"href":"https:\/\/radiorevelacionfm.cl\/index.php?rest_route=%2Fwp%2Fv2%2Fcategories&post=23416"},{"taxonomy":"post_tag","embeddable":true,"href":"https:\/\/radiorevelacionfm.cl\/index.php?rest_route=%2Fwp%2Fv2%2Ftags&post=23416"}],"curies":[{"name":"wp","href":"https:\/\/api.w.org\/{rel}","templated":true}]}}