{"id":23413,"date":"2022-10-25T09:57:14","date_gmt":"2022-10-25T12:57:14","guid":{"rendered":"https:\/\/radiorevelacionfm.cl\/?p=23413"},"modified":"2022-10-25T09:57:14","modified_gmt":"2022-10-25T12:57:14","slug":"profesores-de-la-region-de-aysen-participaron-del-8-congreso-internacional-educacion-para-jovenes-y-adultos-edja","status":"publish","type":"post","link":"https:\/\/radiorevelacionfm.cl\/?p=23413","title":{"rendered":"Profesores de la Regi\u00f3n de Ays\u00e9n participaron del 8\u00b0 Congreso Internacional Educaci\u00f3n para j\u00f3venes y adultos EDJA"},"content":{"rendered":"<div class=\"flex_column av_one_full  flex_column_div av-zero-column-padding first  avia-builder-el-0  el_before_av_one_full  avia-builder-el-first  \" style='border-radius:0px; '><div  class='avia-image-container  av-styling-    avia-builder-el-1  avia-builder-el-no-sibling  avia-align-center '  itemprop=\"image\" itemscope=\"itemscope\" itemtype=\"https:\/\/schema.org\/ImageObject\"  ><div class='avia-image-container-inner'><div class='avia-image-overlay-wrap'><img decoding=\"async\" class='wp-image-23414 avia-img-lazy-loading-not-23414 avia_image' src=\"https:\/\/radiorevelacionfm.cl\/wp-content\/uploads\/2022\/10\/Dlegacion-Aysen-Congreso-Internacional-EPJA-1-1.jpg\" alt='' title='Dlegaci\u00f3n Ays\u00e9n Congreso Internacional EPJA (1) (1)' height=\"600\" width=\"800\"  itemprop=\"thumbnailUrl\" srcset=\"https:\/\/radiorevelacionfm.cl\/wp-content\/uploads\/2022\/10\/Dlegacion-Aysen-Congreso-Internacional-EPJA-1-1.jpg 800w, https:\/\/radiorevelacionfm.cl\/wp-content\/uploads\/2022\/10\/Dlegacion-Aysen-Congreso-Internacional-EPJA-1-1-300x225.jpg 300w, https:\/\/radiorevelacionfm.cl\/wp-content\/uploads\/2022\/10\/Dlegacion-Aysen-Congreso-Internacional-EPJA-1-1-768x576.jpg 768w, https:\/\/radiorevelacionfm.cl\/wp-content\/uploads\/2022\/10\/Dlegacion-Aysen-Congreso-Internacional-EPJA-1-1-705x529.jpg 705w, https:\/\/radiorevelacionfm.cl\/wp-content\/uploads\/2022\/10\/Dlegacion-Aysen-Congreso-Internacional-EPJA-1-1-600x450.jpg 600w\" sizes=\"(max-width: 800px) 100vw, 800px\" \/><\/div><\/div><\/div><\/div><div class=\"flex_column av_one_full  flex_column_div av-zero-column-padding first  avia-builder-el-2  el_after_av_one_full  el_before_av_one_full  column-top-margin\" style='border-radius:0px; '><section class=\"av_textblock_section \"  itemscope=\"itemscope\" itemtype=\"https:\/\/schema.org\/BlogPosting\" itemprop=\"blogPost\" ><div class='avia_textblock  '   itemprop=\"text\" ><p style=\"text-align: center;\"><span style=\"font-size: 18pt;\"><b>Profesores de la Regi\u00f3n de Ays\u00e9n participaron del 8\u00b0 Congreso Internacional Educaci\u00f3n para j\u00f3venes y adultos EDJA<\/b><\/span><\/p>\n<div id=\"gtx-trans\" style=\"position: absolute; left: -50px; top: 4.31534px;\">\n<div class=\"gtx-trans-icon\"><\/div>\n<\/div>\n<\/div><\/section><\/div><div class=\"flex_column av_one_full  flex_column_div av-zero-column-padding first  avia-builder-el-4  el_after_av_one_full  el_before_av_hr  column-top-margin\" style='border-radius:0px; '><section class=\"av_textblock_section \"  itemscope=\"itemscope\" itemtype=\"https:\/\/schema.org\/BlogPosting\" itemprop=\"blogPost\" ><div class='avia_textblock  '   itemprop=\"text\" ><p class=\"v1xmsonormal\" style=\"text-align: justify;\">La Educaci\u00f3n de Personas J\u00f3venes y Adultas (EPJA) es un derecho humano y es la puerta al ejercicio de otros derechos sociales. Una respuesta real a problemas cruciales del mundo actual, con inflaci\u00f3n y altas cifras de desempleo y recesi\u00f3n econ\u00f3mica. La EDJA desarrolla pol\u00edticas educativas que est\u00e1n completamente ligadas a la educaci\u00f3n y al aprendizaje permanente de calidad de toda la poblaci\u00f3n. La EPJA es la clave para garantizar el desarrollo individual, comunitario y la construcci\u00f3n de sociedades m\u00e1s justas en dignidad. La educaci\u00f3n de personas j\u00f3venes y adultas (EPJA) es un campo amplio y complejo que se entrecruza con m\u00faltiples realidades sociales y educativas.<\/p>\n<p class=\"v1xmsonormal\" style=\"text-align: justify;\">En ese contexto se realiz\u00f3 con mucho \u00e9xito y una gran convocatoria el 8\u00b0 Congreso Internacional Educaci\u00f3n para j\u00f3venes y adultos EDJA con sede en la Regi\u00f3n de Coquimbo que tuvo como sellos la figura de \u201cGabriela Mistral\u201d, la \u201cCrisis H\u00eddrica\u201d y la \u201cIgualdad de G\u00e9nero\u201d. con charlas entre el 03 al 05 de octubre en la comuna de La Serena.<\/p>\n<p class=\"v1xmsonormal\" style=\"text-align: justify;\">Como conclusiones de tan alta instancia internacional, se destacaron los desaf\u00edos que tiene la educaci\u00f3n de adultos para una parte importante de la poblaci\u00f3n que no ha concluido sus estudios b\u00e1sicos\u00a0 y como el MINEDUC deber\u00e1 potenciar las capacidades laborales y sociales, que permitan un desarrollo inclusivo y que reviertan los \u00edndices de desigualdad existentes tanto a nivel nacional como latino americano, junto con acrecentar el capital social, que sustente una democracia participativa y no discriminadora, exigen que los horizontes de la educaci\u00f3n de adultos, seg\u00fan el paradigma de educaci\u00f3n para toda la vida se ampli\u00e9 a metas de mayor exigencia.<\/p>\n<p class=\"v1xmsonormal\" style=\"text-align: justify;\">Desde la regi\u00f3n concurri\u00f3 una delegaci\u00f3n integrada por el director del Colegio Josefina M\u00e9ndez Profesor David Navarro Mu\u00f1oz, la Coordinadora de la Tercera Jornada del Liceo Juan Pablo II profesora Sandra Esparza; desde la Seremi de Educaci\u00f3n el Coordinador Regional EDJA Profesor Rene Ordo\u00f1ez y desde la Direcci\u00f3n Provincial de Educaci\u00f3n Coyhaique el Profesor Miguel Angel Rojas.<\/p>\n<p class=\"v1xmsonormal\" style=\"text-align: justify;\">En el 8 congreso EDJA se abordaron las tem\u00e1ticas de convivencia en las comunidades educativas, prevenci\u00f3n del abandono escolar, interculturalidad, inclusi\u00f3n de personas j\u00f3venes y adultas migrantes, apoyo socioemocional para j\u00f3venes y adultos, aprendizajes en contexto de pandemia, g\u00e9nero, diversidad y disidencias, bases curriculares, entre otras. Como dato importante a considerar: A nivel nacional 5.700 docentes trabajan en educaci\u00f3n de personas j\u00f3venes y adultas (EPJA).<\/p>\n<p class=\"v1xmsonormal\" style=\"text-align: justify;\">Dentro de los destacados expositores Internacionales se cont\u00f3 con la presencia de la Dra. Sara Mendoza con su presentaci\u00f3n sobre: \u201cAprendizajes en contextos de pandemia\u201d (M\u00e9xico). El acad\u00e9mico Noel Aguirre con la tem\u00e1tica \u201cInterculturalidad en el Contexto Latino Americano\u201d (Bolivia). Por parte del Ministerio de Educaci\u00f3n (MINEDUC) expusieron Daniela Eroles, jefa de la Divisi\u00f3n General de Educaci\u00f3n del Mineduc, Maria Eugenia Letelier. Coordinadora Nacional \u00c1rea de Trayectorias Educativas y Aprendizajes a lo largo de la Vida del Ministerio de Educaci\u00f3n. Al encuentro concurrieron seremis de Educaci\u00f3n de diversas regiones del pa\u00eds, directivos y profesionales del Mineduc, profesoras (es) y directoras (es) de establecimientos educacionales para personas j\u00f3venes y adultas.<\/p>\n<p class=\"v1xmsonormal\" style=\"text-align: justify;\">A nivel nacional existen 53 redes de educaci\u00f3n de adultos que de Arica a Punta Arenas participaron exponiendo sus experiencias pedag\u00f3gicas en tiempos de pandemia, adem\u00e1s de supervisores del Mineduc que apoyan las redes pedag\u00f3gicas, profesionales y acad\u00e9micos que componen la Red Universitaria de Educaci\u00f3n para Personas J\u00f3venes y Adultas, entre otros invitados.<\/p>\n<\/div><\/section><\/div><div  style='height:50px' class='hr hr-invisible   avia-builder-el-6  el_after_av_one_full  el_before_av_social_share '><span class='hr-inner ' ><span class='hr-inner-style'><\/span><\/span><\/div><\/p>\n<div  class='av-social-sharing-box  avia-builder-el-7  el_after_av_hr  el_before_av_hr  '><div class='av-share-box'><h5 class='av-share-link-description av-no-toc '>Compartir esta noticia<\/h5><ul class='av-share-box-list noLightbox'><li class='av-share-link av-social-link-facebook' ><a target=\"_blank\" aria-label=\"Compartir en Facebook\" href='https:\/\/www.facebook.com\/sharer.php?u=https:\/\/radiorevelacionfm.cl\/?p=23413&#038;t=Profesores%20de%20la%20Regi%C3%B3n%20de%20Ays%C3%A9n%20participaron%20del%208%C2%B0%20Congreso%20Internacional%20Educaci%C3%B3n%20para%20j%C3%B3venes%20y%20adultos%20EDJA' aria-hidden='false' data-av_icon='\ue8f3' data-av_iconfont='entypo-fontello' title='' data-avia-related-tooltip='Compartir en Facebook' rel=\"noopener\"><span class='avia_hidden_link_text'>Compartir en Facebook<\/span><\/a><\/li><li class='av-share-link av-social-link-twitter' ><a target=\"_blank\" aria-label=\"Compartir en Twitter\" href='https:\/\/twitter.com\/share?text=Profesores%20de%20la%20Regi%C3%B3n%20de%20Ays%C3%A9n%20participaron%20del%208%C2%B0%20Congreso%20Internacional%20Educaci%C3%B3n%20para%20j%C3%B3venes%20y%20adultos%20EDJA&#038;url=https:\/\/radiorevelacionfm.cl\/?p=23413' aria-hidden='false' data-av_icon='\ue8f1' data-av_iconfont='entypo-fontello' title='' data-avia-related-tooltip='Compartir en Twitter' rel=\"noopener\"><span class='avia_hidden_link_text'>Compartir en Twitter<\/span><\/a><\/li><li class='av-share-link av-social-link-whatsapp' ><a target=\"_blank\" aria-label=\"Compartir en Whatsapp\" href='https:\/\/api.whatsapp.com\/send?text=https:\/\/radiorevelacionfm.cl\/?p=23413' aria-hidden='false' data-av_icon='\uf232' data-av_iconfont='entypo-fontello' title='' data-avia-related-tooltip='Compartir en Whatsapp' rel=\"noopener\"><span class='avia_hidden_link_text'>Compartir en Whatsapp<\/span><\/a><\/li><li class='av-share-link av-social-link-linkedin' ><a target=\"_blank\" aria-label=\"Compartir en LinkedIn\" href='https:\/\/linkedin.com\/shareArticle?mini=true&#038;title=Profesores%20de%20la%20Regi%C3%B3n%20de%20Ays%C3%A9n%20participaron%20del%208%C2%B0%20Congreso%20Internacional%20Educaci%C3%B3n%20para%20j%C3%B3venes%20y%20adultos%20EDJA&#038;url=https:\/\/radiorevelacionfm.cl\/?p=23413' aria-hidden='false' data-av_icon='\ue8fc' data-av_iconfont='entypo-fontello' title='' data-avia-related-tooltip='Compartir en LinkedIn' rel=\"noopener\"><span class='avia_hidden_link_text'>Compartir en LinkedIn<\/span><\/a><\/li><li class='av-share-link av-social-link-mail' ><a  aria-label=\"Compartir por correo\" href='mailto:?subject=Profesores%20de%20la%20Regi%C3%B3n%20de%20Ays%C3%A9n%20participaron%20del%208%C2%B0%20Congreso%20Internacional%20Educaci%C3%B3n%20para%20j%C3%B3venes%20y%20adultos%20EDJA&#038;body=https:\/\/radiorevelacionfm.cl\/?p=23413' aria-hidden='false' data-av_icon='\ue805' data-av_iconfont='entypo-fontello' title='' data-avia-related-tooltip='Compartir por correo'><span class='avia_hidden_link_text'>Compartir por correo<\/span><\/a><\/li><\/ul><\/div><\/div>\n<div  style='height:50px' class='hr hr-invisible   avia-builder-el-8  el_after_av_social_share  el_before_av_comments_list '><span class='hr-inner ' ><span class='hr-inner-style'><\/span><\/span><\/div>\n<div  class='av-buildercomment  av-blog-meta-html-info-disabled av-blog-meta-tag-disabled  '><\/div>\n","protected":false},"excerpt":{"rendered":"","protected":false},"author":1,"featured_media":23414,"comment_status":"open","ping_status":"open","sticky":false,"template":"","format":"standard","meta":{"footnotes":""},"categories":[49],"tags":[],"class_list":["post-23413","post","type-post","status-publish","format-standard","has-post-thumbnail","hentry","category-educacion"],"jetpack_featured_media_url":"https:\/\/radiorevelacionfm.cl\/wp-content\/uploads\/2022\/10\/Dlegacion-Aysen-Congreso-Internacional-EPJA-1-1.jpg","_links":{"self":[{"href":"https:\/\/radiorevelacionfm.cl\/index.php?rest_route=\/wp\/v2\/posts\/23413","targetHints":{"allow":["GET"]}}],"collection":[{"href":"https:\/\/radiorevelacionfm.cl\/index.php?rest_route=\/wp\/v2\/posts"}],"about":[{"href":"https:\/\/radiorevelacionfm.cl\/index.php?rest_route=\/wp\/v2\/types\/post"}],"author":[{"embeddable":true,"href":"https:\/\/radiorevelacionfm.cl\/index.php?rest_route=\/wp\/v2\/users\/1"}],"replies":[{"embeddable":true,"href":"https:\/\/radiorevelacionfm.cl\/index.php?rest_route=%2Fwp%2Fv2%2Fcomments&post=23413"}],"version-history":[{"count":2,"href":"https:\/\/radiorevelacionfm.cl\/index.php?rest_route=\/wp\/v2\/posts\/23413\/revisions"}],"predecessor-version":[{"id":23452,"href":"https:\/\/radiorevelacionfm.cl\/index.php?rest_route=\/wp\/v2\/posts\/23413\/revisions\/23452"}],"wp:featuredmedia":[{"embeddable":true,"href":"https:\/\/radiorevelacionfm.cl\/index.php?rest_route=\/wp\/v2\/media\/23414"}],"wp:attachment":[{"href":"https:\/\/radiorevelacionfm.cl\/index.php?rest_route=%2Fwp%2Fv2%2Fmedia&parent=23413"}],"wp:term":[{"taxonomy":"category","embeddable":true,"href":"https:\/\/radiorevelacionfm.cl\/index.php?rest_route=%2Fwp%2Fv2%2Fcategories&post=23413"},{"taxonomy":"post_tag","embeddable":true,"href":"https:\/\/radiorevelacionfm.cl\/index.php?rest_route=%2Fwp%2Fv2%2Ftags&post=23413"}],"curies":[{"name":"wp","href":"https:\/\/api.w.org\/{rel}","templated":true}]}}