{"id":2341,"date":"2021-02-03T10:54:09","date_gmt":"2021-02-03T13:54:09","guid":{"rendered":"https:\/\/radiorevelacionfm.cl\/?p=2341"},"modified":"2021-02-03T10:54:09","modified_gmt":"2021-02-03T13:54:09","slug":"seremi-del-trabajo-destaca-nueva-ampliacion-de-la-ley-de-proteccion-del-empleo","status":"publish","type":"post","link":"https:\/\/radiorevelacionfm.cl\/?p=2341","title":{"rendered":"Seremi del Trabajo destaca nueva ampliaci\u00f3n de la Ley de Protecci\u00f3n del Empleo"},"content":{"rendered":"<div class=\"flex_column av_one_full  flex_column_div av-zero-column-padding first  avia-builder-el-0  el_before_av_one_full  avia-builder-el-first  \" style='border-radius:0px; '><div  class='avia-image-container  av-styling-    avia-builder-el-1  avia-builder-el-no-sibling  avia-align-center '  itemprop=\"image\" itemscope=\"itemscope\" itemtype=\"https:\/\/schema.org\/ImageObject\"  ><div class='avia-image-container-inner'><div class='avia-image-overlay-wrap'><img decoding=\"async\" class='wp-image-0 avia-img-lazy-loading-not-0 avia_image' src=\"https:\/\/radiorevelacionfm.cl\/wp-content\/uploads\/2021\/02\/DifusionLabconDT_Coy-1.jpeg\" alt='' title=''   itemprop=\"thumbnailUrl\"  \/><\/div><\/div><\/div><\/div>\n<div class=\"flex_column av_one_full  flex_column_div av-zero-column-padding first  avia-builder-el-2  el_after_av_one_full  el_before_av_one_full  column-top-margin\" style='border-radius:0px; '><section class=\"av_textblock_section \"  itemscope=\"itemscope\" itemtype=\"https:\/\/schema.org\/BlogPosting\" itemprop=\"blogPost\" ><div class='avia_textblock  '   itemprop=\"text\" ><p style=\"text-align: center;\"><span style=\"font-size: 18pt;\"><strong>Seremi del Trabajo destaca nueva ampliaci\u00f3n de la Ley de Protecci\u00f3n del Empleo<\/strong><\/span><\/p>\n<div id=\"gtx-trans\" style=\"position: absolute; left: -50px; top: 4.31534px;\">\n<div class=\"gtx-trans-icon\"><\/div>\n<\/div>\n<\/div><\/section><\/div><div class=\"flex_column av_one_full  flex_column_div av-zero-column-padding first  avia-builder-el-4  el_after_av_one_full  el_before_av_hr  column-top-margin\" style='border-radius:0px; '><section class=\"av_textblock_section \"  itemscope=\"itemscope\" itemtype=\"https:\/\/schema.org\/BlogPosting\" itemprop=\"blogPost\" ><div class='avia_textblock  '   itemprop=\"text\" ><p style=\"font-weight: 400; text-align: justify;\">El Congreso aprob\u00f3 este viernes el proyecto de ley que permitir\u00e1 ampliar la Ley de Protecci\u00f3n del Empleo, lo que apoyar\u00e1, entre otros temas, a los trabajadores con suspensi\u00f3n por acto de autoridad \u2013en comunas con cuarentena-\u00a0 a acceder hasta un m\u00e1ximo de 9 giros adicionales con cargo al Fondo de Cesant\u00eda Solidario.<\/p>\n<p style=\"font-weight: 400; text-align: justify;\">Una nueva ampliaci\u00f3n de la ley de Protecci\u00f3n del Empleo fue aprobada por el Congreso, faltando solamente su promulgaci\u00f3n y publicaci\u00f3n en el Diario Oficial. Hasta diciembre de 2021 regir\u00e1 la Ley de Protecci\u00f3n del Empleo, que permite el acceso a prestaciones del seguro de desempleo, debido a las circunstancias econ\u00f3micas derivadas de la pandemia del coronavirus.<\/p>\n<p style=\"font-weight: 400; text-align: justify;\">La Seremi del Trabajo y Previsi\u00f3n Social, Andrea Ponce, destac\u00f3 esta nueva ampliaci\u00f3n, \u00abEsta es una muy buena noticia, porque de esta manera tenemos una importante herramienta para poder seguir apoyando a muchos trabajadores, sobre todo a quienes est\u00e1n en comunas en cuarentena o en etapa de transici\u00f3n. Recordemos que esta ley fue impulsada por el Gobierno del Presidente Sebasti\u00e1n Pi\u00f1era a trav\u00e9s del Ministerio del Trabajo en marzo del 2020, al inicio de la pandemia de coronavirus y actualmente tiene una vigencia hasta el mes de marzo. Con este proyecto ya aprobado por el Congreso y pr\u00f3ximo a entrar en vigencia, se podr\u00e1 ampliar hasta diciembre de este a\u00f1o, lo que es un gran logro, entregando una cobertura a estos trabajadores, con cargo al Fondo de Cesant\u00eda Solidario con un m\u00e1ximo de 9 giros adicionales\u00bb, afirm\u00f3.<\/p>\n<p style=\"font-weight: 400; text-align: justify;\">Con respecto a los detalles y otras iniciativas en el \u00e1mbito laboral, la autoridad regional del trabajo, coment\u00f3 \u00abSe espera que al estar promulgada y publicada la ley podamos entregar mayor informaci\u00f3n sobre los procedimientos y los detalles, sin embargo, es un gran paso que los trabajadores se puedan acoger a la Ley de Protecci\u00f3n al Empleo y as\u00ed recibir ingresos con el apoyo del Fondo Solidario del Seguro de Cesant\u00eda, ya que el Gobierno entreg\u00f3 recursos para ampliar este apoyo solidario. Adem\u00e1s, les comento que las empresas que est\u00e1n con el Subsidio al Empleo que entrega Sence, durante la Cuarentena de Coyhaique, podr\u00e1n acoger a sus trabajadores a la Ley de Protecci\u00f3n del Empleo, realizando el tr\u00e1mite en la AFC, sin perder la relaci\u00f3n laboral\u00bb, aclar\u00f3 Andrea Ponce.<\/p>\n<p style=\"font-weight: 400; text-align: justify;\">Finalmente, Ponce invit\u00f3 a informarse a trav\u00e9s de los Facebook Live que se realizar\u00e1n, \u00abSabemos que existen dudas y para aclararlas, los invitamos a los Encuentros Ciudadanos que tendremos en los pr\u00f3ximos d\u00edas junto a la Direcci\u00f3n del Trabajo sobre normativa laboral y el Plan Paso a Paso, aclarando dudas sobre las leyes de Protecci\u00f3n del Empleo y suspensi\u00f3n de contratos o reducci\u00f3n de jornada, Teletrabajo, Crianza Protegida, fiscalizaciones y denuncias, entre otros. Del mismo modo, reforzaremos la informaci\u00f3n sobre medidas en los lugares de trabajo contra el coronavirus con el Instituto de Seguridad Laboral, ISL, y las prestaciones o apoyos que deben entregar las mutualidades en estos casos. Los invitamos a informarse sobre las fechas y horarios en nuestras redes sociales, MintrabAys\u00e9n\u00bb, puntualiz\u00f3 la Seremi Andrea Ponce.<\/p>\n<p style=\"font-weight: 400; text-align: justify;\">Los Encuentros Ciudadanos se realizan en la plataforma Facebook de la Seremi del Trabajo\u00a0<a href=\"http:\/\/www.facebook.com\/MintrabAysen\">www.facebook.com\/MintrabAysen<\/a>\u00a0, respondiendo en vivo las preguntas de la comunidad para aclarar todos los temas. Adem\u00e1s, en ese facebook se pueden revisar los Facebook live que la Seremi Andrea Ponce ha realizado las \u00faltimas semanas junto a los directores regionales de Sence, Katherine Kingma; Direcci\u00f3n del Trabajo con respecto a la Cuarentena y al Paso 2, Victoria Sierra y con el director regional subrogante, Christian Aros, y los tr\u00e1mites y servicios del Instituto de Previsi\u00f3n Social, IPS ChileAtiende, con el director Carlos Rodr\u00edguez.<\/p>\n<\/div><\/section><\/div><\/p>\n<div  style='height:50px' class='hr hr-invisible   avia-builder-el-6  el_after_av_one_full  el_before_av_social_share '><span class='hr-inner ' ><span class='hr-inner-style'><\/span><\/span><\/div>\n<div  class='av-social-sharing-box  avia-builder-el-7  el_after_av_hr  el_before_av_hr  '><div class='av-share-box'><h5 class='av-share-link-description av-no-toc '>Compartir esta noticia<\/h5><ul class='av-share-box-list noLightbox'><li class='av-share-link av-social-link-facebook' ><a target=\"_blank\" aria-label=\"Compartir en Facebook\" href='https:\/\/www.facebook.com\/sharer.php?u=https:\/\/radiorevelacionfm.cl\/?p=2341&#038;t=Seremi%20del%20Trabajo%20destaca%20nueva%20ampliaci%C3%B3n%20de%20la%20Ley%20de%20Protecci%C3%B3n%20del%20Empleo' aria-hidden='false' data-av_icon='\ue8f3' data-av_iconfont='entypo-fontello' title='' data-avia-related-tooltip='Compartir en Facebook' rel=\"noopener\"><span class='avia_hidden_link_text'>Compartir en Facebook<\/span><\/a><\/li><li class='av-share-link av-social-link-twitter' ><a target=\"_blank\" aria-label=\"Compartir en Twitter\" href='https:\/\/twitter.com\/share?text=Seremi%20del%20Trabajo%20destaca%20nueva%20ampliaci%C3%B3n%20de%20la%20Ley%20de%20Protecci%C3%B3n%20del%20Empleo&#038;url=https:\/\/radiorevelacionfm.cl\/?p=2341' aria-hidden='false' data-av_icon='\ue8f1' data-av_iconfont='entypo-fontello' title='' data-avia-related-tooltip='Compartir en Twitter' rel=\"noopener\"><span class='avia_hidden_link_text'>Compartir en Twitter<\/span><\/a><\/li><li class='av-share-link av-social-link-whatsapp' ><a target=\"_blank\" aria-label=\"Compartir en Whatsapp\" href='https:\/\/api.whatsapp.com\/send?text=https:\/\/radiorevelacionfm.cl\/?p=2341' aria-hidden='false' data-av_icon='\uf232' data-av_iconfont='entypo-fontello' title='' data-avia-related-tooltip='Compartir en Whatsapp' rel=\"noopener\"><span class='avia_hidden_link_text'>Compartir en Whatsapp<\/span><\/a><\/li><li class='av-share-link av-social-link-linkedin' ><a target=\"_blank\" aria-label=\"Compartir en LinkedIn\" href='https:\/\/linkedin.com\/shareArticle?mini=true&#038;title=Seremi%20del%20Trabajo%20destaca%20nueva%20ampliaci%C3%B3n%20de%20la%20Ley%20de%20Protecci%C3%B3n%20del%20Empleo&#038;url=https:\/\/radiorevelacionfm.cl\/?p=2341' aria-hidden='false' data-av_icon='\ue8fc' data-av_iconfont='entypo-fontello' title='' data-avia-related-tooltip='Compartir en LinkedIn' rel=\"noopener\"><span class='avia_hidden_link_text'>Compartir en LinkedIn<\/span><\/a><\/li><li class='av-share-link av-social-link-mail' ><a  aria-label=\"Compartir por correo\" href='mailto:?subject=Seremi%20del%20Trabajo%20destaca%20nueva%20ampliaci%C3%B3n%20de%20la%20Ley%20de%20Protecci%C3%B3n%20del%20Empleo&#038;body=https:\/\/radiorevelacionfm.cl\/?p=2341' aria-hidden='false' data-av_icon='\ue805' data-av_iconfont='entypo-fontello' title='' data-avia-related-tooltip='Compartir por correo'><span class='avia_hidden_link_text'>Compartir por correo<\/span><\/a><\/li><\/ul><\/div><\/div>\n<div  style='height:50px' class='hr hr-invisible   avia-builder-el-8  el_after_av_social_share  el_before_av_comments_list '><span class='hr-inner ' ><span class='hr-inner-style'><\/span><\/span><\/div>\n<div  class='av-buildercomment  av-blog-meta-html-info-disabled av-blog-meta-tag-disabled  '><\/div>\n","protected":false},"excerpt":{"rendered":"","protected":false},"author":1,"featured_media":0,"comment_status":"open","ping_status":"open","sticky":false,"template":"","format":"standard","meta":{"footnotes":""},"categories":[56],"tags":[],"class_list":["post-2341","post","type-post","status-publish","format-standard","hentry","category-trabajo"],"jetpack_featured_media_url":"","_links":{"self":[{"href":"https:\/\/radiorevelacionfm.cl\/index.php?rest_route=\/wp\/v2\/posts\/2341","targetHints":{"allow":["GET"]}}],"collection":[{"href":"https:\/\/radiorevelacionfm.cl\/index.php?rest_route=\/wp\/v2\/posts"}],"about":[{"href":"https:\/\/radiorevelacionfm.cl\/index.php?rest_route=\/wp\/v2\/types\/post"}],"author":[{"embeddable":true,"href":"https:\/\/radiorevelacionfm.cl\/index.php?rest_route=\/wp\/v2\/users\/1"}],"replies":[{"embeddable":true,"href":"https:\/\/radiorevelacionfm.cl\/index.php?rest_route=%2Fwp%2Fv2%2Fcomments&post=2341"}],"version-history":[{"count":2,"href":"https:\/\/radiorevelacionfm.cl\/index.php?rest_route=\/wp\/v2\/posts\/2341\/revisions"}],"predecessor-version":[{"id":2347,"href":"https:\/\/radiorevelacionfm.cl\/index.php?rest_route=\/wp\/v2\/posts\/2341\/revisions\/2347"}],"wp:attachment":[{"href":"https:\/\/radiorevelacionfm.cl\/index.php?rest_route=%2Fwp%2Fv2%2Fmedia&parent=2341"}],"wp:term":[{"taxonomy":"category","embeddable":true,"href":"https:\/\/radiorevelacionfm.cl\/index.php?rest_route=%2Fwp%2Fv2%2Fcategories&post=2341"},{"taxonomy":"post_tag","embeddable":true,"href":"https:\/\/radiorevelacionfm.cl\/index.php?rest_route=%2Fwp%2Fv2%2Ftags&post=2341"}],"curies":[{"name":"wp","href":"https:\/\/api.w.org\/{rel}","templated":true}]}}