{"id":23406,"date":"2022-10-24T19:20:26","date_gmt":"2022-10-24T22:20:26","guid":{"rendered":"https:\/\/radiorevelacionfm.cl\/?p=23406"},"modified":"2022-10-24T19:20:26","modified_gmt":"2022-10-24T22:20:26","slug":"desde-hoy-estan-disponibles-los-resultados-de-postulacion-para-la-admision-escolar-2023","status":"publish","type":"post","link":"https:\/\/radiorevelacionfm.cl\/?p=23406","title":{"rendered":"Desde hoy est\u00e1n disponibles los resultados de postulaci\u00f3n para la Admisi\u00f3n Escolar 2023"},"content":{"rendered":"<div class=\"flex_column av_one_full  flex_column_div av-zero-column-padding first  avia-builder-el-0  el_before_av_one_full  avia-builder-el-first  \" style='border-radius:0px; '><div  class='avia-image-container  av-styling-    avia-builder-el-1  avia-builder-el-no-sibling  avia-align-center '  itemprop=\"image\" itemscope=\"itemscope\" itemtype=\"https:\/\/schema.org\/ImageObject\"  ><div class='avia-image-container-inner'><div class='avia-image-overlay-wrap'><img decoding=\"async\" class='wp-image-23408 avia-img-lazy-loading-not-23408 avia_image' src=\"https:\/\/radiorevelacionfm.cl\/wp-content\/uploads\/2022\/10\/Resultados-Admision-Escolar-1080X1080-1-1.jpg\" alt='' title='Resultados Admisi\u00f3n Escolar 1080X1080 (1) (1)' height=\"600\" width=\"600\"  itemprop=\"thumbnailUrl\" srcset=\"https:\/\/radiorevelacionfm.cl\/wp-content\/uploads\/2022\/10\/Resultados-Admision-Escolar-1080X1080-1-1.jpg 600w, https:\/\/radiorevelacionfm.cl\/wp-content\/uploads\/2022\/10\/Resultados-Admision-Escolar-1080X1080-1-1-300x300.jpg 300w, https:\/\/radiorevelacionfm.cl\/wp-content\/uploads\/2022\/10\/Resultados-Admision-Escolar-1080X1080-1-1-80x80.jpg 80w, https:\/\/radiorevelacionfm.cl\/wp-content\/uploads\/2022\/10\/Resultados-Admision-Escolar-1080X1080-1-1-36x36.jpg 36w, https:\/\/radiorevelacionfm.cl\/wp-content\/uploads\/2022\/10\/Resultados-Admision-Escolar-1080X1080-1-1-180x180.jpg 180w, https:\/\/radiorevelacionfm.cl\/wp-content\/uploads\/2022\/10\/Resultados-Admision-Escolar-1080X1080-1-1-100x100.jpg 100w\" sizes=\"(max-width: 600px) 100vw, 600px\" \/><\/div><\/div><\/div><\/div><div class=\"flex_column av_one_full  flex_column_div av-zero-column-padding first  avia-builder-el-2  el_after_av_one_full  el_before_av_one_full  column-top-margin\" style='border-radius:0px; '><section class=\"av_textblock_section \"  itemscope=\"itemscope\" itemtype=\"https:\/\/schema.org\/BlogPosting\" itemprop=\"blogPost\" ><div class='avia_textblock  '   itemprop=\"text\" ><p style=\"text-align: center;\"><strong><span style=\"font-size: 18pt;\">Desde hoy est\u00e1n disponibles los resultados de postulaci\u00f3n para la Admisi\u00f3n Escolar 2023<\/span><\/strong><\/p>\n<div id=\"gtx-trans\" style=\"position: absolute; left: -50px; top: 4.31534px;\">\n<div class=\"gtx-trans-icon\"><\/div>\n<\/div>\n<\/div><\/section><\/div><div class=\"flex_column av_one_full  flex_column_div av-zero-column-padding first  avia-builder-el-4  el_after_av_one_full  el_before_av_hr  column-top-margin\" style='border-radius:0px; '><section class=\"av_textblock_section \"  itemscope=\"itemscope\" itemtype=\"https:\/\/schema.org\/BlogPosting\" itemprop=\"blogPost\" ><div class='avia_textblock  '   itemprop=\"text\" ><p class=\"v1MsoNormal\" style=\"text-align: justify;\">Desde hoy lunes 24 y hasta el viernes 28 de octubre (23:59:59 horas), estar\u00e1n disponibles los resultados del periodo principal de postulaci\u00f3n para la Admisi\u00f3n Escolar del a\u00f1o acad\u00e9mico 2023. Esta informaci\u00f3n se puede conocer a trav\u00e9s de la plataforma web\u00a0<a href=\"https:\/\/nam02.safelinks.protection.outlook.com\/?url=http%3A%2F%2Fwww.sistemadeadmisionescolar.cl%2F&amp;data=05%7C01%7Ccamilo.gomez%40mineduc.cl%7Ccd6f7b225bb048a1663308dab5cc935f%7C2e4cfe500580414093874ecde39def60%7C0%7C0%7C638022187499646244%7CUnknown%7CTWFpbGZsb3d8eyJWIjoiMC4wLjAwMDAiLCJQIjoiV2luMzIiLCJBTiI6Ik1haWwiLCJXVCI6Mn0%3D%7C3000%7C%7C%7C&amp;sdata=vNKm7dJgceXS28CCu2ZVqwQBk1CUcHyy96EC9k9iCpo%3D&amp;reserved=0\" target=\"_blank\" rel=\"noopener noreferrer\">www.sistemadeadmisionescolar.cl<\/a>\u00a0ingresando con las credenciales de usuario creadas al momento de postular.<u><\/u><\/p>\n<p class=\"v1MsoNormal\" style=\"text-align: justify;\">Sobre el proceso, el ministro de Educaci\u00f3n, Marco Antonio \u00c1vila, realiz\u00f3 un llamado para que las familias conozcan los resultados durante este periodo y se informen acerca de las pr\u00f3ximas fechas, se\u00f1alando que \u2018\u2019es importante recordar que las y los apoderados que est\u00e9n conformes con el resultado de su postulaci\u00f3n, lo acepten en el mismo sitio y matriculen a sus hijos e hijas en el mes de diciembre, para as\u00ed hacer efectivo su cupo en el establecimiento educacional en el cual quedaron. De igual forma, para aquellas familias que no hayan alcanzado a postular en esta primera etapa o que no est\u00e9n conformes con los resultados, pronto se abrir\u00e1 un nuevo periodo de postulaci\u00f3n\u2019\u2019.<\/p>\n<p class=\"v1MsoNormal\" style=\"text-align: justify;\">Para el pr\u00f3ximo periodo de inscripci\u00f3n, extendido a quienes no hayan alcanzado a postular en los plazos anteriores como tambi\u00e9n para los que rechazaron su asignaci\u00f3n, podr\u00e1n participar del\u00a0<b>periodo complementario de postulaci\u00f3n que estar\u00e1 disponible desde el 22 al 29 de noviembre de 2022<\/b>. Este proceso, al igual que la primera etapa, se debe realizar a trav\u00e9s de la plataforma web\u00a0<a href=\"https:\/\/nam02.safelinks.protection.outlook.com\/?url=http%3A%2F%2Fwww.sistemadeadmisionescolar.cl%2F&amp;data=05%7C01%7Ccamilo.gomez%40mineduc.cl%7Ccd6f7b225bb048a1663308dab5cc935f%7C2e4cfe500580414093874ecde39def60%7C0%7C0%7C638022187499646244%7CUnknown%7CTWFpbGZsb3d8eyJWIjoiMC4wLjAwMDAiLCJQIjoiV2luMzIiLCJBTiI6Ik1haWwiLCJXVCI6Mn0%3D%7C3000%7C%7C%7C&amp;sdata=vNKm7dJgceXS28CCu2ZVqwQBk1CUcHyy96EC9k9iCpo%3D&amp;reserved=0\" target=\"_blank\" rel=\"noopener noreferrer\">www.sistemadeadmisionescolar.cl<\/a>.<\/p>\n<p class=\"v1MsoNormal\" style=\"text-align: justify;\">Cabe recordar, que para el periodo principal de 2022, se registraron\u00a0<b>570.891 postulaciones en total<\/b>. En el proceso del 2021, en la misma etapa, se realizaron 461.233 postulaciones, lo que representa un incremento de m\u00e1s de 109.000 estudiantes participantes este a\u00f1o. El 2021 postularon 26.727 estudiantes extranjeros, para este a\u00f1o lo hicieron 42.711.<\/p>\n<p class=\"v1MsoNormal\" style=\"text-align: justify;\"><b>\u00bfC\u00f3mo se pueden revisar los resultados?<\/b><\/p>\n<ol style=\"text-align: justify;\" start=\"1\" type=\"1\">\n<li class=\"v1MsoNormal\">Ingresar a la plataforma web\u00a0<a href=\"https:\/\/nam02.safelinks.protection.outlook.com\/?url=http%3A%2F%2Fwww.sistemadeadmisionescolar.cl%2F&amp;data=05%7C01%7Ccamilo.gomez%40mineduc.cl%7Ccd6f7b225bb048a1663308dab5cc935f%7C2e4cfe500580414093874ecde39def60%7C0%7C0%7C638022187499646244%7CUnknown%7CTWFpbGZsb3d8eyJWIjoiMC4wLjAwMDAiLCJQIjoiV2luMzIiLCJBTiI6Ik1haWwiLCJXVCI6Mn0%3D%7C3000%7C%7C%7C&amp;sdata=vNKm7dJgceXS28CCu2ZVqwQBk1CUcHyy96EC9k9iCpo%3D&amp;reserved=0\" target=\"_blank\" rel=\"noopener noreferrer\">www.sistemadeadmisionescolar.cl<\/a>\u00a0con las credenciales de usuario (RUN o IPA) creadas al momento de postular.<\/li>\n<li class=\"v1MsoNormal\">Hacer clic en \u2018\u2019VER RESULTADO\u2019\u2019.<\/li>\n<li class=\"v1MsoNormal\">Hacer clic en \u2018\u2019Ver detalle de resultado\u2019\u2019 y verificar la informaci\u00f3n.<\/li>\n<li class=\"v1MsoNormal\"><b>Ingresar una respuesta: aceptar o rechazar la asignaci\u00f3n.<\/b><\/li>\n<li class=\"v1MsoNormal\">Descargar el comprobante.<\/li>\n<\/ol>\n<p class=\"v1MsoNormal\" style=\"text-align: justify;\"><b>Importante:<\/b>\u00a0se podr\u00e1 modificar la respuesta las veces que quieran entre el 24 y 28 de octubre.<\/p>\n<p class=\"v1MsoNormal\" style=\"text-align: justify;\"><u>\u00bfQu\u00e9 deben hacer las familias una vez conocidos los resultados?<\/u><\/p>\n<ol style=\"text-align: justify;\" start=\"1\" type=\"1\">\n<li class=\"v1MsoNormal\"><b><u>Aceptar la asignaci\u00f3n<\/u><\/b><b>:<\/b>\u00a0aceptar el establecimiento educacional asignado. Para hacer efectiva la matr\u00edcula, el apoderado deber\u00e1 ir presencialmente desde el 14 al 27 de diciembre a la escuela o liceo para realizar este proceso.<\/li>\n<li class=\"v1MsoNormal\"><b><u>Aceptar con listas de espera<\/u><\/b>: si el estudiante es asignado a un establecimiento distinto al de su primera preferencia, el apoderado puede elegir la opci\u00f3n \u2018\u2019Aceptar con listas de espera\u00bb, que le permitir\u00e1 aceptar la escuela o liceo que fue asignado, pero con la posibilidad de participar en la lista de espera de los establecimientos de mayor preferencia en caso de que se genere una nueva vacante en algunos de ellos. Entre el 9 y el 10 de noviembre estar\u00e1n estos resultados.<\/li>\n<li class=\"v1MsoNormal\"><b><u>Rechazar<\/u><\/b><b>:<\/b>\u00a0rechaza el establecimiento educacional al que fue asignado, teniendo la opci\u00f3n de postular en el periodo complementario.<\/li>\n<\/ol>\n<p class=\"v1MsoNormal\" style=\"text-align: justify;\">Es importante se\u00f1alar que, si el apoderado no realiza ninguna acci\u00f3n en la plataforma web entre el 24 y el 28 de octubre, se entiende que \u2018\u2019acepta\u2019\u2019 su asignaci\u00f3n.<\/p>\n<p class=\"v1MsoNormal\" style=\"text-align: justify;\">En el caso de \u201csin asignaci\u00f3n\u201d, el estudiante no qued\u00f3 asignado en ninguna de sus preferencias, por lo que participa autom\u00e1ticamente en lista de espera.<\/p>\n<\/div><\/section><\/div><div  style='height:50px' class='hr hr-invisible   avia-builder-el-6  el_after_av_one_full  el_before_av_social_share '><span class='hr-inner ' ><span class='hr-inner-style'><\/span><\/span><\/div><\/p>\n<div  class='av-social-sharing-box  avia-builder-el-7  el_after_av_hr  el_before_av_hr  '><div class='av-share-box'><h5 class='av-share-link-description av-no-toc '>Compartir esta noticia<\/h5><ul class='av-share-box-list noLightbox'><li class='av-share-link av-social-link-facebook' ><a target=\"_blank\" aria-label=\"Compartir en Facebook\" href='https:\/\/www.facebook.com\/sharer.php?u=https:\/\/radiorevelacionfm.cl\/?p=23406&#038;t=Desde%20hoy%20est%C3%A1n%20disponibles%20los%20resultados%20de%20postulaci%C3%B3n%20para%20la%20Admisi%C3%B3n%20Escolar%202023' aria-hidden='false' data-av_icon='\ue8f3' data-av_iconfont='entypo-fontello' title='' data-avia-related-tooltip='Compartir en Facebook' rel=\"noopener\"><span class='avia_hidden_link_text'>Compartir en Facebook<\/span><\/a><\/li><li class='av-share-link av-social-link-twitter' ><a target=\"_blank\" aria-label=\"Compartir en Twitter\" href='https:\/\/twitter.com\/share?text=Desde%20hoy%20est%C3%A1n%20disponibles%20los%20resultados%20de%20postulaci%C3%B3n%20para%20la%20Admisi%C3%B3n%20Escolar%202023&#038;url=https:\/\/radiorevelacionfm.cl\/?p=23406' aria-hidden='false' data-av_icon='\ue8f1' data-av_iconfont='entypo-fontello' title='' data-avia-related-tooltip='Compartir en Twitter' rel=\"noopener\"><span class='avia_hidden_link_text'>Compartir en Twitter<\/span><\/a><\/li><li class='av-share-link av-social-link-whatsapp' ><a target=\"_blank\" aria-label=\"Compartir en Whatsapp\" href='https:\/\/api.whatsapp.com\/send?text=https:\/\/radiorevelacionfm.cl\/?p=23406' aria-hidden='false' data-av_icon='\uf232' data-av_iconfont='entypo-fontello' title='' data-avia-related-tooltip='Compartir en Whatsapp' rel=\"noopener\"><span class='avia_hidden_link_text'>Compartir en Whatsapp<\/span><\/a><\/li><li class='av-share-link av-social-link-linkedin' ><a target=\"_blank\" aria-label=\"Compartir en LinkedIn\" href='https:\/\/linkedin.com\/shareArticle?mini=true&#038;title=Desde%20hoy%20est%C3%A1n%20disponibles%20los%20resultados%20de%20postulaci%C3%B3n%20para%20la%20Admisi%C3%B3n%20Escolar%202023&#038;url=https:\/\/radiorevelacionfm.cl\/?p=23406' aria-hidden='false' data-av_icon='\ue8fc' data-av_iconfont='entypo-fontello' title='' data-avia-related-tooltip='Compartir en LinkedIn' rel=\"noopener\"><span class='avia_hidden_link_text'>Compartir en LinkedIn<\/span><\/a><\/li><li class='av-share-link av-social-link-mail' ><a  aria-label=\"Compartir por correo\" href='mailto:?subject=Desde%20hoy%20est%C3%A1n%20disponibles%20los%20resultados%20de%20postulaci%C3%B3n%20para%20la%20Admisi%C3%B3n%20Escolar%202023&#038;body=https:\/\/radiorevelacionfm.cl\/?p=23406' aria-hidden='false' data-av_icon='\ue805' data-av_iconfont='entypo-fontello' title='' data-avia-related-tooltip='Compartir por correo'><span class='avia_hidden_link_text'>Compartir por correo<\/span><\/a><\/li><\/ul><\/div><\/div>\n<div  style='height:50px' class='hr hr-invisible   avia-builder-el-8  el_after_av_social_share  el_before_av_comments_list '><span class='hr-inner ' ><span class='hr-inner-style'><\/span><\/span><\/div>\n<div  class='av-buildercomment  av-blog-meta-html-info-disabled av-blog-meta-tag-disabled  '><\/div>\n","protected":false},"excerpt":{"rendered":"","protected":false},"author":1,"featured_media":23407,"comment_status":"open","ping_status":"open","sticky":false,"template":"","format":"standard","meta":{"footnotes":""},"categories":[49],"tags":[],"class_list":["post-23406","post","type-post","status-publish","format-standard","has-post-thumbnail","hentry","category-educacion"],"jetpack_featured_media_url":"https:\/\/radiorevelacionfm.cl\/wp-content\/uploads\/2022\/10\/Resultados-Admision-Escolar-1-1-1.jpg","_links":{"self":[{"href":"https:\/\/radiorevelacionfm.cl\/index.php?rest_route=\/wp\/v2\/posts\/23406","targetHints":{"allow":["GET"]}}],"collection":[{"href":"https:\/\/radiorevelacionfm.cl\/index.php?rest_route=\/wp\/v2\/posts"}],"about":[{"href":"https:\/\/radiorevelacionfm.cl\/index.php?rest_route=\/wp\/v2\/types\/post"}],"author":[{"embeddable":true,"href":"https:\/\/radiorevelacionfm.cl\/index.php?rest_route=\/wp\/v2\/users\/1"}],"replies":[{"embeddable":true,"href":"https:\/\/radiorevelacionfm.cl\/index.php?rest_route=%2Fwp%2Fv2%2Fcomments&post=23406"}],"version-history":[{"count":2,"href":"https:\/\/radiorevelacionfm.cl\/index.php?rest_route=\/wp\/v2\/posts\/23406\/revisions"}],"predecessor-version":[{"id":23438,"href":"https:\/\/radiorevelacionfm.cl\/index.php?rest_route=\/wp\/v2\/posts\/23406\/revisions\/23438"}],"wp:featuredmedia":[{"embeddable":true,"href":"https:\/\/radiorevelacionfm.cl\/index.php?rest_route=\/wp\/v2\/media\/23407"}],"wp:attachment":[{"href":"https:\/\/radiorevelacionfm.cl\/index.php?rest_route=%2Fwp%2Fv2%2Fmedia&parent=23406"}],"wp:term":[{"taxonomy":"category","embeddable":true,"href":"https:\/\/radiorevelacionfm.cl\/index.php?rest_route=%2Fwp%2Fv2%2Fcategories&post=23406"},{"taxonomy":"post_tag","embeddable":true,"href":"https:\/\/radiorevelacionfm.cl\/index.php?rest_route=%2Fwp%2Fv2%2Ftags&post=23406"}],"curies":[{"name":"wp","href":"https:\/\/api.w.org\/{rel}","templated":true}]}}