{"id":23401,"date":"2022-10-24T15:40:55","date_gmt":"2022-10-24T18:40:55","guid":{"rendered":"https:\/\/radiorevelacionfm.cl\/?p=23401"},"modified":"2022-10-24T15:40:56","modified_gmt":"2022-10-24T18:40:56","slug":"sernac-oficio-a-sky-airlines-por-suspension-de-vuelo-desde-balmaceda-destino-santiago","status":"publish","type":"post","link":"https:\/\/radiorevelacionfm.cl\/?p=23401","title":{"rendered":"Sernac ofici\u00f3 a Sky Airlines por suspensi\u00f3n de vuelo desde Balmaceda destino Santiago"},"content":{"rendered":"<div class=\"flex_column av_one_full  flex_column_div av-zero-column-padding first  avia-builder-el-0  el_before_av_one_full  avia-builder-el-first  \" style='border-radius:0px; '><div  class='avia-image-container  av-styling-    avia-builder-el-1  avia-builder-el-no-sibling  avia-align-center '  itemprop=\"image\" itemscope=\"itemscope\" itemtype=\"https:\/\/schema.org\/ImageObject\"  ><div class='avia-image-container-inner'><div class='avia-image-overlay-wrap'><img decoding=\"async\" class='wp-image-23403 avia-img-lazy-loading-not-23403 avia_image' src=\"https:\/\/radiorevelacionfm.cl\/wp-content\/uploads\/2022\/10\/Sky.jpg\" alt='' title='Sky' height=\"600\" width=\"800\"  itemprop=\"thumbnailUrl\" srcset=\"https:\/\/radiorevelacionfm.cl\/wp-content\/uploads\/2022\/10\/Sky.jpg 800w, https:\/\/radiorevelacionfm.cl\/wp-content\/uploads\/2022\/10\/Sky-300x225.jpg 300w, https:\/\/radiorevelacionfm.cl\/wp-content\/uploads\/2022\/10\/Sky-768x576.jpg 768w, https:\/\/radiorevelacionfm.cl\/wp-content\/uploads\/2022\/10\/Sky-705x529.jpg 705w, https:\/\/radiorevelacionfm.cl\/wp-content\/uploads\/2022\/10\/Sky-600x450.jpg 600w\" sizes=\"(max-width: 800px) 100vw, 800px\" \/><\/div><\/div><\/div><\/div><div class=\"flex_column av_one_full  flex_column_div av-zero-column-padding first  avia-builder-el-2  el_after_av_one_full  el_before_av_one_full  column-top-margin\" style='border-radius:0px; '><section class=\"av_textblock_section \"  itemscope=\"itemscope\" itemtype=\"https:\/\/schema.org\/BlogPosting\" itemprop=\"blogPost\" ><div class='avia_textblock  '   itemprop=\"text\" ><p style=\"text-align: center;\"><strong><span style=\"font-size: 18pt;\">Sernac ofici\u00f3 a Sky Airlines por suspensi\u00f3n de vuelo desde Balmaceda destino Santiago<\/span><\/strong><\/p>\n<div id=\"gtx-trans\" style=\"position: absolute; left: -50px; top: 4.31534px;\">\n<div class=\"gtx-trans-icon\"><\/div>\n<\/div>\n<\/div><\/section><\/div><div class=\"flex_column av_one_full  flex_column_div av-zero-column-padding first  avia-builder-el-4  el_after_av_one_full  el_before_av_hr  column-top-margin\" style='border-radius:0px; '><section class=\"av_textblock_section \"  itemscope=\"itemscope\" itemtype=\"https:\/\/schema.org\/BlogPosting\" itemprop=\"blogPost\" ><div class='avia_textblock  '   itemprop=\"text\" ><p class=\"v1MsoNormal\" style=\"text-align: justify;\"><span lang=\"ES\">El SERNAC ofici\u00f3 a la aerol\u00ednea Sky Airlines para conocer todos los antecedentes que originaron la cancelaci\u00f3n el viernes pasado del vuelo desde el aeropuerto Balmaceda con destino a Santiago.<\/span><\/p>\n<p class=\"v1MsoNormal\" style=\"text-align: justify;\"><span lang=\"ES\">El prop\u00f3sito de esta acci\u00f3n es conocer los motivos que provocaron la suspensi\u00f3n del viaje, la cantidad de consumidores que fueron afectados, y las medidas de comunicaci\u00f3n para informar con antelaci\u00f3n a los pasajeros.<\/span><\/p>\n<p class=\"v1MsoNormal\" style=\"text-align: justify;\"><span lang=\"ES\">Adem\u00e1s, el Servicio pregunt\u00f3 a la empresa cu\u00e1les fueron las acciones de mitigaci\u00f3n asistencial que brind\u00f3 a los consumidores que fueron afectados por la cancelaci\u00f3n, los plazos de reembolso y los procesos compensatorios a los afectados.\u00a0\u00a0\u00a0<\/span><\/p>\n<p class=\"v1MsoNormal\" style=\"text-align: justify;\"><span lang=\"ES\">Recordemos que el vuelo estaba agendado para el viernes 21 de octubre, pero fue cancelado por la aerol\u00ednea, provocando una serie de inconvenientes a los pasajeros.<\/span><\/p>\n<p class=\"v1MsoNormal\" style=\"text-align: justify;\"><span lang=\"ES\">La SEREMI de Econom\u00eda, Fomento y Turismo de la regi\u00f3n de Ays\u00e9n, Rosa Machacan se\u00f1al\u00f3 que \u00abcomo ministerio estamos en constante monitoreo de las acciones que puedan significar un perjuicio a las y los consumidores en distintas materias, y a trav\u00e9s de SERNAC se realizan todas las gestiones para acompa\u00f1arlos en estos procesos.\u00bb<\/span><\/p>\n<p class=\"v1MsoNormal\" style=\"text-align: justify;\"><span lang=\"ES\">Para la Directora Regional del SERNAC, Mar\u00eda Francisca Ortiz, \u00abel objetivo de esta acci\u00f3n es conocer la mayor cantidad de antecedentes sobre la suspensi\u00f3n del vuelo y los mecanismos dispuestos para indemnizar los perjuicios sufridos por los consumidores que no pudieron viajar\u00bb.<\/span><\/p>\n<p class=\"v1MsoNormal\" style=\"text-align: justify;\"><span lang=\"ES\">El Servicio llama a los consumidores a interponer sus reclamos a trav\u00e9s de\u00a0<\/span><span lang=\"ES\"><a href=\"http:\/\/www.sernac.cl\/\" target=\"_blank\" rel=\"noopener noreferrer\">www.sernac.cl<\/a><\/span><span lang=\"ES\">\u00a0o llamando al n\u00famero 800 700 100; o de manera presencial, en la Oficina Regional ubicada en la calle Presidente Ib\u00e1\u00f1ez n\u00b0355 en la ciudad de Coyhaique. \u00a0<\/span><\/p>\n<p class=\"v1MsoNormal\" style=\"text-align: justify;\"><b>Derechos del consumidor<\/b><\/p>\n<p class=\"v1MsoNormal\" style=\"text-align: justify;\"><span lang=\"ES\">Cuando se produce un retraso o cancelaci\u00f3n de un vuelo por responsabilidad de la aerol\u00ednea, los consumidores pueden exigir el reembolso del valor del pasaje pagado o embarcarse en el primer vuelo disponible, as\u00ed como los derechos de asistencia al pasajero, como alimentaci\u00f3n, estad\u00eda u hotel, llamadas telef\u00f3nicas, movilizaci\u00f3n, entre otras.<\/span><\/p>\n<p class=\"v1MsoNormal\" style=\"text-align: justify;\"><span lang=\"ES\">Adem\u00e1s, los consumidores tienen derecho a ser indemnizados en caso de que el retraso del vuelo sea superior a 3 horas; o 4 cuando el avi\u00f3n tenga una capacidad menor a 29 asientos.<\/span><\/p>\n<p class=\"v1MsoNormal\" style=\"text-align: justify;\"><span lang=\"ES\">Si por condiciones clim\u00e1ticas, de seguridad o fuerza mayor se suspende o se atrasa un viaje, el pasajero tiene derecho a seguir con el viaje con la demora prevista, anular el pasaje o acordar con la aerol\u00ednea el cambio de la fecha del vuelo o cambiar de l\u00ednea a\u00e9rea bajo las mismas condiciones contratadas u otras, que se pacten de com\u00fan acuerdo.<\/span><\/p>\n<\/div><\/section><\/div><div  style='height:50px' class='hr hr-invisible   avia-builder-el-6  el_after_av_one_full  el_before_av_social_share '><span class='hr-inner ' ><span class='hr-inner-style'><\/span><\/span><\/div><\/p>\n<div  class='av-social-sharing-box  avia-builder-el-7  el_after_av_hr  el_before_av_hr  '><div class='av-share-box'><h5 class='av-share-link-description av-no-toc '>Compartir esta noticia<\/h5><ul class='av-share-box-list noLightbox'><li class='av-share-link av-social-link-facebook' ><a target=\"_blank\" aria-label=\"Compartir en Facebook\" href='https:\/\/www.facebook.com\/sharer.php?u=https:\/\/radiorevelacionfm.cl\/?p=23401&#038;t=Sernac%20ofici%C3%B3%20a%20Sky%20Airlines%20por%20suspensi%C3%B3n%20de%20vuelo%20desde%20Balmaceda%20destino%20Santiago' aria-hidden='false' data-av_icon='\ue8f3' data-av_iconfont='entypo-fontello' title='' data-avia-related-tooltip='Compartir en Facebook' rel=\"noopener\"><span class='avia_hidden_link_text'>Compartir en Facebook<\/span><\/a><\/li><li class='av-share-link av-social-link-twitter' ><a target=\"_blank\" aria-label=\"Compartir en Twitter\" href='https:\/\/twitter.com\/share?text=Sernac%20ofici%C3%B3%20a%20Sky%20Airlines%20por%20suspensi%C3%B3n%20de%20vuelo%20desde%20Balmaceda%20destino%20Santiago&#038;url=https:\/\/radiorevelacionfm.cl\/?p=23401' aria-hidden='false' data-av_icon='\ue8f1' data-av_iconfont='entypo-fontello' title='' data-avia-related-tooltip='Compartir en Twitter' rel=\"noopener\"><span class='avia_hidden_link_text'>Compartir en Twitter<\/span><\/a><\/li><li class='av-share-link av-social-link-whatsapp' ><a target=\"_blank\" aria-label=\"Compartir en Whatsapp\" href='https:\/\/api.whatsapp.com\/send?text=https:\/\/radiorevelacionfm.cl\/?p=23401' aria-hidden='false' data-av_icon='\uf232' data-av_iconfont='entypo-fontello' title='' data-avia-related-tooltip='Compartir en Whatsapp' rel=\"noopener\"><span class='avia_hidden_link_text'>Compartir en Whatsapp<\/span><\/a><\/li><li class='av-share-link av-social-link-linkedin' ><a target=\"_blank\" aria-label=\"Compartir en LinkedIn\" href='https:\/\/linkedin.com\/shareArticle?mini=true&#038;title=Sernac%20ofici%C3%B3%20a%20Sky%20Airlines%20por%20suspensi%C3%B3n%20de%20vuelo%20desde%20Balmaceda%20destino%20Santiago&#038;url=https:\/\/radiorevelacionfm.cl\/?p=23401' aria-hidden='false' data-av_icon='\ue8fc' data-av_iconfont='entypo-fontello' title='' data-avia-related-tooltip='Compartir en LinkedIn' rel=\"noopener\"><span class='avia_hidden_link_text'>Compartir en LinkedIn<\/span><\/a><\/li><li class='av-share-link av-social-link-mail' ><a  aria-label=\"Compartir por correo\" href='mailto:?subject=Sernac%20ofici%C3%B3%20a%20Sky%20Airlines%20por%20suspensi%C3%B3n%20de%20vuelo%20desde%20Balmaceda%20destino%20Santiago&#038;body=https:\/\/radiorevelacionfm.cl\/?p=23401' aria-hidden='false' data-av_icon='\ue805' data-av_iconfont='entypo-fontello' title='' data-avia-related-tooltip='Compartir por correo'><span class='avia_hidden_link_text'>Compartir por correo<\/span><\/a><\/li><\/ul><\/div><\/div>\n<div  style='height:50px' class='hr hr-invisible   avia-builder-el-8  el_after_av_social_share  el_before_av_comments_list '><span class='hr-inner ' ><span class='hr-inner-style'><\/span><\/span><\/div>\n<div  class='av-buildercomment  av-blog-meta-html-info-disabled av-blog-meta-tag-disabled  '><\/div>\n","protected":false},"excerpt":{"rendered":"","protected":false},"author":1,"featured_media":23403,"comment_status":"open","ping_status":"open","sticky":false,"template":"","format":"standard","meta":{"footnotes":""},"categories":[45],"tags":[],"class_list":["post-23401","post","type-post","status-publish","format-standard","has-post-thumbnail","hentry","category-comercio"],"jetpack_featured_media_url":"https:\/\/radiorevelacionfm.cl\/wp-content\/uploads\/2022\/10\/Sky.jpg","_links":{"self":[{"href":"https:\/\/radiorevelacionfm.cl\/index.php?rest_route=\/wp\/v2\/posts\/23401","targetHints":{"allow":["GET"]}}],"collection":[{"href":"https:\/\/radiorevelacionfm.cl\/index.php?rest_route=\/wp\/v2\/posts"}],"about":[{"href":"https:\/\/radiorevelacionfm.cl\/index.php?rest_route=\/wp\/v2\/types\/post"}],"author":[{"embeddable":true,"href":"https:\/\/radiorevelacionfm.cl\/index.php?rest_route=\/wp\/v2\/users\/1"}],"replies":[{"embeddable":true,"href":"https:\/\/radiorevelacionfm.cl\/index.php?rest_route=%2Fwp%2Fv2%2Fcomments&post=23401"}],"version-history":[{"count":2,"href":"https:\/\/radiorevelacionfm.cl\/index.php?rest_route=\/wp\/v2\/posts\/23401\/revisions"}],"predecessor-version":[{"id":23405,"href":"https:\/\/radiorevelacionfm.cl\/index.php?rest_route=\/wp\/v2\/posts\/23401\/revisions\/23405"}],"wp:featuredmedia":[{"embeddable":true,"href":"https:\/\/radiorevelacionfm.cl\/index.php?rest_route=\/wp\/v2\/media\/23403"}],"wp:attachment":[{"href":"https:\/\/radiorevelacionfm.cl\/index.php?rest_route=%2Fwp%2Fv2%2Fmedia&parent=23401"}],"wp:term":[{"taxonomy":"category","embeddable":true,"href":"https:\/\/radiorevelacionfm.cl\/index.php?rest_route=%2Fwp%2Fv2%2Fcategories&post=23401"},{"taxonomy":"post_tag","embeddable":true,"href":"https:\/\/radiorevelacionfm.cl\/index.php?rest_route=%2Fwp%2Fv2%2Ftags&post=23401"}],"curies":[{"name":"wp","href":"https:\/\/api.w.org\/{rel}","templated":true}]}}