{"id":23397,"date":"2022-10-24T15:07:29","date_gmt":"2022-10-24T18:07:29","guid":{"rendered":"https:\/\/radiorevelacionfm.cl\/?p=23397"},"modified":"2022-10-24T15:07:29","modified_gmt":"2022-10-24T18:07:29","slug":"inauguran-totem-del-registro-civil-en-puerto-chacabuco","status":"publish","type":"post","link":"https:\/\/radiorevelacionfm.cl\/?p=23397","title":{"rendered":"Inauguran T\u00f3tem del Registro Civil en Puerto Chacabuco"},"content":{"rendered":"<div class=\"flex_column av_one_full  flex_column_div av-zero-column-padding first  avia-builder-el-0  el_before_av_one_full  avia-builder-el-first  \" style='border-radius:0px; '><div  class='avia-image-container  av-styling-    avia-builder-el-1  avia-builder-el-no-sibling  avia-align-center '  itemprop=\"image\" itemscope=\"itemscope\" itemtype=\"https:\/\/schema.org\/ImageObject\"  ><div class='avia-image-container-inner'><div class='avia-image-overlay-wrap'><img decoding=\"async\" class='wp-image-23398 avia-img-lazy-loading-not-23398 avia_image' src=\"https:\/\/radiorevelacionfm.cl\/wp-content\/uploads\/2022\/10\/totem-chacabuco-2-1-1.jpg\" alt='' title='totem chacabuco 2 (1) (1)' height=\"600\" width=\"800\"  itemprop=\"thumbnailUrl\" srcset=\"https:\/\/radiorevelacionfm.cl\/wp-content\/uploads\/2022\/10\/totem-chacabuco-2-1-1.jpg 800w, https:\/\/radiorevelacionfm.cl\/wp-content\/uploads\/2022\/10\/totem-chacabuco-2-1-1-300x225.jpg 300w, https:\/\/radiorevelacionfm.cl\/wp-content\/uploads\/2022\/10\/totem-chacabuco-2-1-1-768x576.jpg 768w, https:\/\/radiorevelacionfm.cl\/wp-content\/uploads\/2022\/10\/totem-chacabuco-2-1-1-705x529.jpg 705w, https:\/\/radiorevelacionfm.cl\/wp-content\/uploads\/2022\/10\/totem-chacabuco-2-1-1-600x450.jpg 600w\" sizes=\"(max-width: 800px) 100vw, 800px\" \/><\/div><\/div><\/div><\/div><div class=\"flex_column av_one_full  flex_column_div av-zero-column-padding first  avia-builder-el-2  el_after_av_one_full  el_before_av_one_full  column-top-margin\" style='border-radius:0px; '><section class=\"av_textblock_section \"  itemscope=\"itemscope\" itemtype=\"https:\/\/schema.org\/BlogPosting\" itemprop=\"blogPost\" ><div class='avia_textblock  '   itemprop=\"text\" ><p style=\"text-align: center;\"><span style=\"font-size: 18pt;\"><strong>Inauguran T\u00f3tem del Registro Civil en Puerto Chacabuco<\/strong><\/span><\/p>\n<div id=\"gtx-trans\" style=\"position: absolute; left: -50px; top: 4.31534px;\">\n<div class=\"gtx-trans-icon\"><\/div>\n<\/div>\n<\/div><\/section><\/div><div class=\"flex_column av_one_full  flex_column_div av-zero-column-padding first  avia-builder-el-4  el_after_av_one_full  el_before_av_hr  column-top-margin\" style='border-radius:0px; '><section class=\"av_textblock_section \"  itemscope=\"itemscope\" itemtype=\"https:\/\/schema.org\/BlogPosting\" itemprop=\"blogPost\" ><div class='avia_textblock  '   itemprop=\"text\" ><p style=\"text-align: justify;\">En el marco de la visita a la regi\u00f3n de la Ministra de Justicia y Derechos Humanos Marcela R\u00edos Tobar, se llev\u00f3 a cabo la inauguraci\u00f3n de un moderno t\u00f3tem de autoservicio del Registro Civil en dependencias de la Mutual de Seguridad en Puerto Chacabuco, equipo tecnol\u00f3gico que permite la obtenci\u00f3n de diversos servicios que entrega este servicio, entre ellos certificados y claves \u00fanicas.<\/p>\n<p style=\"text-align: justify;\">La actividad se realiz\u00f3 la semana reci\u00e9n pasada, y reuni\u00f3 a autoridades regionales, locales y a dirigentes sociales, quienes agradecieron el contar con este equipo en el principal puerto de entrada a nuestra regi\u00f3n.<\/p>\n<p style=\"text-align: justify;\">Tras la ceremonia, la Ministra de Justicia y Derechos Humanos Marcela R\u00edos Tobar se\u00f1al\u00f3 que \u201cmuchos de los tr\u00e1mites que se hacen presencialmente en las oficinas del Registro Civil que son solicitar un certificado en este t\u00f3tem electr\u00f3nico de autoservicio son gratuitos, tambi\u00e9n esta tecnolog\u00eda permite que las personas puedan pedir su clave \u00fanica, algo que es muy importante para realizar tr\u00e1mites del Estado en todos los \u00e1mbitos, como Gobierno del Presidente Boric nos ha pedido que estemos en terreno todos los ministros y ministras y estamos muy contentos de poder estar ac\u00e1 en Puerto Chacabuco con todas las autoridades, agradecemos a la Mutual de Seguridad por facilitar este espacio que va a ser muy importante para la comunidad para poder ocupar estos servicios\u201d.<\/p>\n<p style=\"text-align: justify;\">Mientras que el Director Regional del Servicio de Registro Civil e Identificaci\u00f3n, Rodrigo Aguilera explic\u00f3 que \u201cestamos tremendamente contentos el d\u00eda de hoy de poder entregar un t\u00f3tem a la comunidad de Puerto Chacabuco, el que les va a permitir a los habitantes de la localidad poder sacar una gran cantidad de certificados los que en su mayor\u00eda son gratuitos, lo que les viene a facilitar por un lado no tener que concurrir a nuestra oficinas en Puerto Ays\u00e9n y por otro lado les van a salir a costo cero, ya que varios certificados que les pudieran emitir en la oficina, ac\u00e1 en el t\u00f3tem son gratuitos, contentos porque sabemos que en su gran mayor\u00eda la poblaci\u00f3n de ac\u00e1 trabaja en las plantas de proceso y muchas veces no tienen mucho tiempo como para ir a la oficina a hacer sus tr\u00e1mites, por tanto con la instalaci\u00f3n de este equipo venimos a facilitarles un poco la vida y acerc\u00e1ndole los servicios\u201d.<\/p>\n<p style=\"text-align: justify;\">En tanto, la dirigente vecinal Alicia Ruiz destac\u00f3 la instalaci\u00f3n de este equipo en Puerto Chacabuco se\u00f1alando que \u201ces algo esencial para la comunidad, ya que muchas personas van a Puerto Ays\u00e9n a hacer este mismo tr\u00e1mite y tiene que hacer un gasto innecesario de dos mil pesos ida y vuelta a Puerto Ays\u00e9n, y m\u00e1s si le cobran el tr\u00e1mite, que ac\u00e1 en este equipo puede hacerlo de forma gratuita, don Rodrigo Aguilera es gestor de esto, se comunic\u00f3 conmigo para poder ver si pod\u00edamos este equipo ac\u00e1 y bienvenido sea, todas las cosas que nos acerquen m\u00e1s a progreso es s\u00faper bueno ac\u00e1 en Puerto Chacabuco\u201d.<\/p>\n<p style=\"text-align: justify;\">Finalmente, el Seremi de Justicia y Derechos Humanos, Samuel Navarro Castro destac\u00f3 que \u201ccumpliendo con lo que hemos venido haciendo durante este a\u00f1o 2022, que se ampli\u00f3 la cantidad de t\u00f3tem disponibles de autoatenci\u00f3n del Registro Civil en la regi\u00f3n de Ays\u00e9n, hemos pasado de contar con 4 a 8 equipos en la regi\u00f3n, los antiguos 4 han sido renovados por unos de mejor tecnolog\u00eda y este de Puerto Chacabuco nos faltaba por inaugurar, est\u00e1 instalado en la mutual de seguridad para el acceso de los vecinos y vecinas de Puerto Chacabuco, lo que nos permite ampliar la oferta de servicios y acercar la Justicia a la gente\u201d.<\/p>\n<\/div><\/section><\/div><div  style='height:50px' class='hr hr-invisible   avia-builder-el-6  el_after_av_one_full  el_before_av_social_share '><span class='hr-inner ' ><span class='hr-inner-style'><\/span><\/span><\/div><\/p>\n<div  class='av-social-sharing-box  avia-builder-el-7  el_after_av_hr  el_before_av_hr  '><div class='av-share-box'><h5 class='av-share-link-description av-no-toc '>Compartir esta noticia<\/h5><ul class='av-share-box-list noLightbox'><li class='av-share-link av-social-link-facebook' ><a target=\"_blank\" aria-label=\"Compartir en Facebook\" href='https:\/\/www.facebook.com\/sharer.php?u=https:\/\/radiorevelacionfm.cl\/?p=23397&#038;t=Inauguran%20T%C3%B3tem%20del%20Registro%20Civil%20en%20Puerto%20Chacabuco' aria-hidden='false' data-av_icon='\ue8f3' data-av_iconfont='entypo-fontello' title='' data-avia-related-tooltip='Compartir en Facebook' rel=\"noopener\"><span class='avia_hidden_link_text'>Compartir en Facebook<\/span><\/a><\/li><li class='av-share-link av-social-link-twitter' ><a target=\"_blank\" aria-label=\"Compartir en Twitter\" href='https:\/\/twitter.com\/share?text=Inauguran%20T%C3%B3tem%20del%20Registro%20Civil%20en%20Puerto%20Chacabuco&#038;url=https:\/\/radiorevelacionfm.cl\/?p=23397' aria-hidden='false' data-av_icon='\ue8f1' data-av_iconfont='entypo-fontello' title='' data-avia-related-tooltip='Compartir en Twitter' rel=\"noopener\"><span class='avia_hidden_link_text'>Compartir en Twitter<\/span><\/a><\/li><li class='av-share-link av-social-link-whatsapp' ><a target=\"_blank\" aria-label=\"Compartir en Whatsapp\" href='https:\/\/api.whatsapp.com\/send?text=https:\/\/radiorevelacionfm.cl\/?p=23397' aria-hidden='false' data-av_icon='\uf232' data-av_iconfont='entypo-fontello' title='' data-avia-related-tooltip='Compartir en Whatsapp' rel=\"noopener\"><span class='avia_hidden_link_text'>Compartir en Whatsapp<\/span><\/a><\/li><li class='av-share-link av-social-link-linkedin' ><a target=\"_blank\" aria-label=\"Compartir en LinkedIn\" href='https:\/\/linkedin.com\/shareArticle?mini=true&#038;title=Inauguran%20T%C3%B3tem%20del%20Registro%20Civil%20en%20Puerto%20Chacabuco&#038;url=https:\/\/radiorevelacionfm.cl\/?p=23397' aria-hidden='false' data-av_icon='\ue8fc' data-av_iconfont='entypo-fontello' title='' data-avia-related-tooltip='Compartir en LinkedIn' rel=\"noopener\"><span class='avia_hidden_link_text'>Compartir en LinkedIn<\/span><\/a><\/li><li class='av-share-link av-social-link-mail' ><a  aria-label=\"Compartir por correo\" href='mailto:?subject=Inauguran%20T%C3%B3tem%20del%20Registro%20Civil%20en%20Puerto%20Chacabuco&#038;body=https:\/\/radiorevelacionfm.cl\/?p=23397' aria-hidden='false' data-av_icon='\ue805' data-av_iconfont='entypo-fontello' title='' data-avia-related-tooltip='Compartir por correo'><span class='avia_hidden_link_text'>Compartir por correo<\/span><\/a><\/li><\/ul><\/div><\/div>\n<div  style='height:50px' class='hr hr-invisible   avia-builder-el-8  el_after_av_social_share  el_before_av_comments_list '><span class='hr-inner ' ><span class='hr-inner-style'><\/span><\/span><\/div>\n<div  class='av-buildercomment  av-blog-meta-html-info-disabled av-blog-meta-tag-disabled  '><\/div>\n","protected":false},"excerpt":{"rendered":"","protected":false},"author":1,"featured_media":23398,"comment_status":"open","ping_status":"open","sticky":false,"template":"","format":"standard","meta":{"footnotes":""},"categories":[55],"tags":[],"class_list":["post-23397","post","type-post","status-publish","format-standard","has-post-thumbnail","hentry","category-justicia"],"jetpack_featured_media_url":"https:\/\/radiorevelacionfm.cl\/wp-content\/uploads\/2022\/10\/totem-chacabuco-2-1-1.jpg","_links":{"self":[{"href":"https:\/\/radiorevelacionfm.cl\/index.php?rest_route=\/wp\/v2\/posts\/23397","targetHints":{"allow":["GET"]}}],"collection":[{"href":"https:\/\/radiorevelacionfm.cl\/index.php?rest_route=\/wp\/v2\/posts"}],"about":[{"href":"https:\/\/radiorevelacionfm.cl\/index.php?rest_route=\/wp\/v2\/types\/post"}],"author":[{"embeddable":true,"href":"https:\/\/radiorevelacionfm.cl\/index.php?rest_route=\/wp\/v2\/users\/1"}],"replies":[{"embeddable":true,"href":"https:\/\/radiorevelacionfm.cl\/index.php?rest_route=%2Fwp%2Fv2%2Fcomments&post=23397"}],"version-history":[{"count":2,"href":"https:\/\/radiorevelacionfm.cl\/index.php?rest_route=\/wp\/v2\/posts\/23397\/revisions"}],"predecessor-version":[{"id":23400,"href":"https:\/\/radiorevelacionfm.cl\/index.php?rest_route=\/wp\/v2\/posts\/23397\/revisions\/23400"}],"wp:featuredmedia":[{"embeddable":true,"href":"https:\/\/radiorevelacionfm.cl\/index.php?rest_route=\/wp\/v2\/media\/23398"}],"wp:attachment":[{"href":"https:\/\/radiorevelacionfm.cl\/index.php?rest_route=%2Fwp%2Fv2%2Fmedia&parent=23397"}],"wp:term":[{"taxonomy":"category","embeddable":true,"href":"https:\/\/radiorevelacionfm.cl\/index.php?rest_route=%2Fwp%2Fv2%2Fcategories&post=23397"},{"taxonomy":"post_tag","embeddable":true,"href":"https:\/\/radiorevelacionfm.cl\/index.php?rest_route=%2Fwp%2Fv2%2Ftags&post=23397"}],"curies":[{"name":"wp","href":"https:\/\/api.w.org\/{rel}","templated":true}]}}