{"id":23392,"date":"2022-10-27T15:52:42","date_gmt":"2022-10-27T18:52:42","guid":{"rendered":"https:\/\/radiorevelacionfm.cl\/?p=23392"},"modified":"2022-10-27T15:52:42","modified_gmt":"2022-10-27T18:52:42","slug":"directorios-de-emporcha-empormontt-y-epaustral-exponen-avances-de-su-hoja-de-ruta-portuaria-conjunta-ante-el-sep","status":"publish","type":"post","link":"https:\/\/radiorevelacionfm.cl\/?p=23392","title":{"rendered":"Directorios de Emporcha, Empormontt y EPAustral exponen avances de su hoja de ruta portuaria conjunta ante el SEP"},"content":{"rendered":"<div class=\"flex_column av_one_full  flex_column_div av-zero-column-padding first  avia-builder-el-0  el_before_av_one_full  avia-builder-el-first  \" style='border-radius:0px; '><div  class='avia-image-container  av-styling-    avia-builder-el-1  avia-builder-el-no-sibling  avia-align-center '  itemprop=\"image\" itemscope=\"itemscope\" itemtype=\"https:\/\/schema.org\/ImageObject\"  ><div class='avia-image-container-inner'><div class='avia-image-overlay-wrap'><img decoding=\"async\" class='wp-image-23393 avia-img-lazy-loading-not-23393 avia_image' src=\"https:\/\/radiorevelacionfm.cl\/wp-content\/uploads\/2022\/10\/Reunion-SEP-1-1-1.jpg\" alt='' title='Reuni\u00f3n SEP 1 (1) (1)' height=\"600\" width=\"894\"  itemprop=\"thumbnailUrl\" srcset=\"https:\/\/radiorevelacionfm.cl\/wp-content\/uploads\/2022\/10\/Reunion-SEP-1-1-1.jpg 894w, https:\/\/radiorevelacionfm.cl\/wp-content\/uploads\/2022\/10\/Reunion-SEP-1-1-1-300x201.jpg 300w, https:\/\/radiorevelacionfm.cl\/wp-content\/uploads\/2022\/10\/Reunion-SEP-1-1-1-768x515.jpg 768w, https:\/\/radiorevelacionfm.cl\/wp-content\/uploads\/2022\/10\/Reunion-SEP-1-1-1-705x473.jpg 705w, https:\/\/radiorevelacionfm.cl\/wp-content\/uploads\/2022\/10\/Reunion-SEP-1-1-1-600x403.jpg 600w\" sizes=\"(max-width: 894px) 100vw, 894px\" \/><\/div><\/div><\/div><\/div><div class=\"flex_column av_one_full  flex_column_div av-zero-column-padding first  avia-builder-el-2  el_after_av_one_full  el_before_av_one_full  column-top-margin\" style='border-radius:0px; '><section class=\"av_textblock_section \"  itemscope=\"itemscope\" itemtype=\"https:\/\/schema.org\/BlogPosting\" itemprop=\"blogPost\" ><div class='avia_textblock  '   itemprop=\"text\" ><p class=\"Marcelo\" align=\"center\"><span style=\"font-size: 18pt;\"><b>Directorios de Emporcha, Empormontt y EPAustral exponen <\/b><b>avances de su hoja de ruta portuaria conjunta ante el SEP<\/b><\/span><\/p>\n<div id=\"gtx-trans\" style=\"position: absolute; left: -50px; top: 4.31534px;\">\n<div class=\"gtx-trans-icon\"><\/div>\n<\/div>\n<\/div><\/section><\/div><div class=\"flex_column av_one_full  flex_column_div av-zero-column-padding first  avia-builder-el-4  el_after_av_one_full  el_before_av_hr  column-top-margin\" style='border-radius:0px; '><section class=\"av_textblock_section \"  itemscope=\"itemscope\" itemtype=\"https:\/\/schema.org\/BlogPosting\" itemprop=\"blogPost\" ><div class='avia_textblock  '   itemprop=\"text\" ><p class=\"Marcelo\" style=\"text-align: justify;\">Un importante hito en su prop\u00f3sito de articular una propuesta estrat\u00e9gica com\u00fan para las tres empresas portuarias de la zona austral del pa\u00eds (Puerto Montt, Chacabuco y Austral de Punta Arenas), protagonizaron los directorios de estas tres compa\u00f1\u00edas, tras reunirse en Santiago con la presidenta del Consejo Directivo del Sistema de Empresas P\u00fablicas (SEP), Paulina Soriano, y representantes de este organismo.<\/p>\n<p class=\"Marcelo\" style=\"text-align: justify;\">Juli\u00e1n Go\u00f1i (Empormontt), Enrique Runin (Emporcha) y Gabriel Aldoney (EPAustral), presidentes de las estatales, junto al pleno de sus directorios, representantes de los trabajadores y gerentes generales, fueron parte de la cita, en la que adem\u00e1s participaron miembros del Ministerio de Transportes y Telecomunicaciones, y donde expusieron parte de los lineamientos que han venido consensuando para un plan de fortalecimiento portuario conjunto.<\/p>\n<p class=\"Marcelo\" style=\"text-align: justify;\">En la oportunidad se dialog\u00f3 sobre la serie de esfuerzos que han venido construyendo de manera colaborativa entre estos tres puertos, a partir de una hoja de ruta con la esperan plantear soluciones para abordar las oportunidades y necesidades futuras en materia de competitividad, desarrollo de infraestructura e innovaci\u00f3n, entre otras materias, as\u00ed como tambi\u00e9n enfrentar sus debilidades y particularidades territoriales, que constituyen un sello com\u00fan para las tres compa\u00f1\u00edas, muy distinto al de los puertos de la zona central y del centro-sur.<\/p>\n<p class=\"Marcelo\" style=\"text-align: justify;\">\u201cHemos venido coordinando una serie de esfuerzos orientados a resolver las debilidades que tenemos como puertos, contribuir a cada una de las regiones en las cuales estamos insertos y efectuar algunas propuestas en materia de pol\u00edtica portuaria a las distintas instancias de Gobierno\u201d, describi\u00f3 el timonel de Puerto Chacabuco, Enrique Runin, luego de la reuni\u00f3n.<\/p>\n<p class=\"Marcelo\" style=\"text-align: justify;\">\u201cQuisimos exponer algunas de las iniciativas que, desde nuestro punto de vista como puertos de la zona austral, debieran explorarse para fortalecer la presencia y el rol que cumplimos como empresas portuarias en cada una de nuestras regiones\u201d, a\u00f1adi\u00f3 Runin, quien calific\u00f3 la cita como \u201cmuy positiva\u201d y \u201cbien acogida\u201d por las autoridades.<\/p>\n<p class=\"Marcelo\" style=\"text-align: justify;\">Pr\u00f3ximamente, seg\u00fan adelantaron los participantes, el grupo directivo de las tres empresas portuarias se reunir\u00e1 con las autoridades regionales y los representantes legislativos de Los Lagos, Ays\u00e9n y Magallanes, de manera de ir sumando apoyos y visiones que nutran la propuesta de pol\u00edtica de desarrollo futuro para estos puertos.<\/p>\n<p class=\"Marcelo\" style=\"text-align: justify;\">Desaf\u00edos comunes en materia de sostenibilidad, fortalecimiento de sus operaciones comerciales, conectividad local, opciones para el mejoramiento y desarrollo de su infraestructura, atenci\u00f3n a los cruceros internacionales y relaci\u00f3n puerto-ciudad, son parte de los contenidos que se han ido construyendo en el documento conjunto que esperan, en el mediano plazo, transformar en acciones estrat\u00e9gicas que aseguren el desarrollo futuro de estos tres importantes polos portuarios de la zona sur.<\/p>\n<\/div><\/section><\/div><div  style='height:50px' class='hr hr-invisible   avia-builder-el-6  el_after_av_one_full  el_before_av_social_share '><span class='hr-inner ' ><span class='hr-inner-style'><\/span><\/span><\/div><\/p>\n<div  class='av-social-sharing-box  avia-builder-el-7  el_after_av_hr  el_before_av_hr  '><div class='av-share-box'><h5 class='av-share-link-description av-no-toc '>Compartir esta noticia<\/h5><ul class='av-share-box-list noLightbox'><li class='av-share-link av-social-link-facebook' ><a target=\"_blank\" aria-label=\"Compartir en Facebook\" href='https:\/\/www.facebook.com\/sharer.php?u=https:\/\/radiorevelacionfm.cl\/?p=23392&#038;t=Directorios%20de%20Emporcha%2C%20Empormontt%20y%20EPAustral%20exponen%20avances%20de%20su%20hoja%20de%20ruta%20portuaria%20conjunta%20ante%20el%20SEP' aria-hidden='false' data-av_icon='\ue8f3' data-av_iconfont='entypo-fontello' title='' data-avia-related-tooltip='Compartir en Facebook' rel=\"noopener\"><span class='avia_hidden_link_text'>Compartir en Facebook<\/span><\/a><\/li><li class='av-share-link av-social-link-twitter' ><a target=\"_blank\" aria-label=\"Compartir en Twitter\" href='https:\/\/twitter.com\/share?text=Directorios%20de%20Emporcha%2C%20Empormontt%20y%20EPAustral%20exponen%20avances%20de%20su%20hoja%20de%20ruta%20portuaria%20conjunta%20ante%20el%20SEP&#038;url=https:\/\/radiorevelacionfm.cl\/?p=23392' aria-hidden='false' data-av_icon='\ue8f1' data-av_iconfont='entypo-fontello' title='' data-avia-related-tooltip='Compartir en Twitter' rel=\"noopener\"><span class='avia_hidden_link_text'>Compartir en Twitter<\/span><\/a><\/li><li class='av-share-link av-social-link-whatsapp' ><a target=\"_blank\" aria-label=\"Compartir en Whatsapp\" href='https:\/\/api.whatsapp.com\/send?text=https:\/\/radiorevelacionfm.cl\/?p=23392' aria-hidden='false' data-av_icon='\uf232' data-av_iconfont='entypo-fontello' title='' data-avia-related-tooltip='Compartir en Whatsapp' rel=\"noopener\"><span class='avia_hidden_link_text'>Compartir en Whatsapp<\/span><\/a><\/li><li class='av-share-link av-social-link-linkedin' ><a target=\"_blank\" aria-label=\"Compartir en LinkedIn\" href='https:\/\/linkedin.com\/shareArticle?mini=true&#038;title=Directorios%20de%20Emporcha%2C%20Empormontt%20y%20EPAustral%20exponen%20avances%20de%20su%20hoja%20de%20ruta%20portuaria%20conjunta%20ante%20el%20SEP&#038;url=https:\/\/radiorevelacionfm.cl\/?p=23392' aria-hidden='false' data-av_icon='\ue8fc' data-av_iconfont='entypo-fontello' title='' data-avia-related-tooltip='Compartir en LinkedIn' rel=\"noopener\"><span class='avia_hidden_link_text'>Compartir en LinkedIn<\/span><\/a><\/li><li class='av-share-link av-social-link-mail' ><a  aria-label=\"Compartir por correo\" href='mailto:?subject=Directorios%20de%20Emporcha%2C%20Empormontt%20y%20EPAustral%20exponen%20avances%20de%20su%20hoja%20de%20ruta%20portuaria%20conjunta%20ante%20el%20SEP&#038;body=https:\/\/radiorevelacionfm.cl\/?p=23392' aria-hidden='false' data-av_icon='\ue805' data-av_iconfont='entypo-fontello' title='' data-avia-related-tooltip='Compartir por correo'><span class='avia_hidden_link_text'>Compartir por correo<\/span><\/a><\/li><\/ul><\/div><\/div>\n<div  style='height:50px' class='hr hr-invisible   avia-builder-el-8  el_after_av_social_share  el_before_av_comments_list '><span class='hr-inner ' ><span class='hr-inner-style'><\/span><\/span><\/div>\n<div  class='av-buildercomment  av-blog-meta-html-info-disabled av-blog-meta-tag-disabled  '><\/div>\n","protected":false},"excerpt":{"rendered":"","protected":false},"author":1,"featured_media":23393,"comment_status":"open","ping_status":"open","sticky":false,"template":"","format":"standard","meta":{"footnotes":""},"categories":[59],"tags":[],"class_list":["post-23392","post","type-post","status-publish","format-standard","has-post-thumbnail","hentry","category-transporte"],"jetpack_featured_media_url":"https:\/\/radiorevelacionfm.cl\/wp-content\/uploads\/2022\/10\/Reunion-SEP-1-1-1.jpg","_links":{"self":[{"href":"https:\/\/radiorevelacionfm.cl\/index.php?rest_route=\/wp\/v2\/posts\/23392","targetHints":{"allow":["GET"]}}],"collection":[{"href":"https:\/\/radiorevelacionfm.cl\/index.php?rest_route=\/wp\/v2\/posts"}],"about":[{"href":"https:\/\/radiorevelacionfm.cl\/index.php?rest_route=\/wp\/v2\/types\/post"}],"author":[{"embeddable":true,"href":"https:\/\/radiorevelacionfm.cl\/index.php?rest_route=\/wp\/v2\/users\/1"}],"replies":[{"embeddable":true,"href":"https:\/\/radiorevelacionfm.cl\/index.php?rest_route=%2Fwp%2Fv2%2Fcomments&post=23392"}],"version-history":[{"count":2,"href":"https:\/\/radiorevelacionfm.cl\/index.php?rest_route=\/wp\/v2\/posts\/23392\/revisions"}],"predecessor-version":[{"id":23580,"href":"https:\/\/radiorevelacionfm.cl\/index.php?rest_route=\/wp\/v2\/posts\/23392\/revisions\/23580"}],"wp:featuredmedia":[{"embeddable":true,"href":"https:\/\/radiorevelacionfm.cl\/index.php?rest_route=\/wp\/v2\/media\/23393"}],"wp:attachment":[{"href":"https:\/\/radiorevelacionfm.cl\/index.php?rest_route=%2Fwp%2Fv2%2Fmedia&parent=23392"}],"wp:term":[{"taxonomy":"category","embeddable":true,"href":"https:\/\/radiorevelacionfm.cl\/index.php?rest_route=%2Fwp%2Fv2%2Fcategories&post=23392"},{"taxonomy":"post_tag","embeddable":true,"href":"https:\/\/radiorevelacionfm.cl\/index.php?rest_route=%2Fwp%2Fv2%2Ftags&post=23392"}],"curies":[{"name":"wp","href":"https:\/\/api.w.org\/{rel}","templated":true}]}}