{"id":23389,"date":"2022-10-24T10:46:34","date_gmt":"2022-10-24T13:46:34","guid":{"rendered":"https:\/\/radiorevelacionfm.cl\/?p=23389"},"modified":"2022-10-24T10:46:34","modified_gmt":"2022-10-24T13:46:34","slug":"exitoso-seminario-de-salud-mental-en-el-aula-desarrollo-dem-aysenino","status":"publish","type":"post","link":"https:\/\/radiorevelacionfm.cl\/?p=23389","title":{"rendered":"Exitoso seminario de Salud Mental en el aula desarroll\u00f3 DEM aysenino"},"content":{"rendered":"<div class=\"flex_column av_one_full  flex_column_div av-zero-column-padding first  avia-builder-el-0  el_before_av_one_full  avia-builder-el-first  \" style='border-radius:0px; '><div  class='avia-image-container  av-styling-    avia-builder-el-1  avia-builder-el-no-sibling  avia-align-center '  itemprop=\"image\" itemscope=\"itemscope\" itemtype=\"https:\/\/schema.org\/ImageObject\"  ><div class='avia-image-container-inner'><div class='avia-image-overlay-wrap'><img decoding=\"async\" class='wp-image-23390 avia-img-lazy-loading-not-23390 avia_image' src=\"https:\/\/radiorevelacionfm.cl\/wp-content\/uploads\/2022\/10\/312159014_989619708656456_3362818305448463015_n-1-1.jpg\" alt='' title='312159014_989619708656456_3362818305448463015_n (1) (1)' height=\"600\" width=\"800\"  itemprop=\"thumbnailUrl\" srcset=\"https:\/\/radiorevelacionfm.cl\/wp-content\/uploads\/2022\/10\/312159014_989619708656456_3362818305448463015_n-1-1.jpg 800w, https:\/\/radiorevelacionfm.cl\/wp-content\/uploads\/2022\/10\/312159014_989619708656456_3362818305448463015_n-1-1-300x225.jpg 300w, https:\/\/radiorevelacionfm.cl\/wp-content\/uploads\/2022\/10\/312159014_989619708656456_3362818305448463015_n-1-1-768x576.jpg 768w, https:\/\/radiorevelacionfm.cl\/wp-content\/uploads\/2022\/10\/312159014_989619708656456_3362818305448463015_n-1-1-705x529.jpg 705w, https:\/\/radiorevelacionfm.cl\/wp-content\/uploads\/2022\/10\/312159014_989619708656456_3362818305448463015_n-1-1-600x450.jpg 600w\" sizes=\"(max-width: 800px) 100vw, 800px\" \/><\/div><\/div><\/div><\/div><div class=\"flex_column av_one_full  flex_column_div av-zero-column-padding first  avia-builder-el-2  el_after_av_one_full  el_before_av_one_full  column-top-margin\" style='border-radius:0px; '><section class=\"av_textblock_section \"  itemscope=\"itemscope\" itemtype=\"https:\/\/schema.org\/BlogPosting\" itemprop=\"blogPost\" ><div class='avia_textblock  '   itemprop=\"text\" ><p style=\"text-align: center;\"><span style=\"font-size: 18pt;\"><strong>Exitoso seminario de Salud Mental en el aula desarroll\u00f3 DEM aysenino <\/strong><\/span><\/p>\n<div id=\"gtx-trans\" style=\"position: absolute; left: -50px; top: 4.31534px;\">\n<div class=\"gtx-trans-icon\"><\/div>\n<\/div>\n<\/div><\/section><\/div><div class=\"flex_column av_one_full  flex_column_div av-zero-column-padding first  avia-builder-el-4  el_after_av_one_full  el_before_av_hr  column-top-margin\" style='border-radius:0px; '><section class=\"av_textblock_section \"  itemscope=\"itemscope\" itemtype=\"https:\/\/schema.org\/BlogPosting\" itemprop=\"blogPost\" ><div class='avia_textblock  '   itemprop=\"text\" ><p style=\"text-align: justify;\">La actividad se ejecut\u00f3 con el apoyo de la seremi de Salud, en esta alianza estrat\u00e9gica que pretende relevar el \u00e1mbito de la salud mental, especialmente al interior de los recintos educativos.<\/p>\n<p style=\"text-align: justify;\">Durante dos d\u00edas se llev\u00f3 a cabo el seminario denominado \u201cEducaci\u00f3n y Salud Mental: Un desaf\u00edo a la prevenci\u00f3n del suicidio\u201d, que convoc\u00f3 a las duplas psico-sociales de los establecimientos educacionales municipalizados de la comuna de Ays\u00e9n.<\/p>\n<p style=\"text-align: justify;\">La iniciativa, organizada y ejecutada por la Direcci\u00f3n de Educaci\u00f3n Municipal aysenina, cont\u00f3 con el apoyo de la seremi de Salud, a trav\u00e9s de los profesionales de los programas de Salud Mental del Servicio de salud y en Centro de Salud Familiar, CESFAM local.<\/p>\n<p style=\"text-align: justify;\">En este sentido, \u201cme encuentro s\u00faper agradecida del nivel de compromiso del DEM con el tema de la salud mental, espec\u00edficamente de la prevenci\u00f3n del suicidio dirigido a los y las estudiantes\u201d, manifest\u00f3 Yared Schulz, profesional de la Unidad de Salud Mental del programa Prevenci\u00f3n del Suicidio, y quien fuese relatora durante los dos d\u00edas del evento.<\/p>\n<p style=\"text-align: justify;\">Sobre la jornada, se\u00f1al\u00f3 que \u201clo que hicimos fue una educaci\u00f3n, sensibilizaci\u00f3n en el concepto de salud mental, despu\u00e9s nos abocamos a educar y entregar estrategias de c\u00f3mo detectar situaciones de riesgos en el \u00e1mbito del riesgo suicida y qu\u00e9 hacer en caso de detectarlos. Finalmente, contamos con una colaboraci\u00f3n de parte del hospital de Puerto Ays\u00e9n, espec\u00edficamente del equipo de Salud Mental, en cuanto a c\u00f3mo establecer o concretar est\u00e1s derivaciones de los casos de riesgos y entregar una atenci\u00f3n oportuna, precisamente para evitar tener acontecimientos tan tristes como es el suicidio de una o un estudiante\u201d.<\/p>\n<p style=\"text-align: justify;\">Por su parte, Rodrigo D\u00edaz, m\u00e9dico encargado del \u00e1rea Salud Mental del CESFAM -expositor a cargo del cierre del programa-, explic\u00f3 que \u201cesta es una muy buena instancia, algo que est\u00e1bamos buscando desde hace tiempo con el equipo, y gracias al DEM Ays\u00e9n pudimos concretarlo. Es dif\u00edcil, a veces por los tiempos y otros factores, pero es completamente necesario par poder empezar a mejorar la salud mental de Puerto Ays\u00e9n. Estos trabajos mancomunados dan esperanza que s\u00ed es posible avanzar y que podemos tener un impacto positivo en la calidad de vida de las personas\u201d.<\/p>\n<p style=\"text-align: justify;\">De esta manera, una treintena de profesionales de la educaci\u00f3n -psic\u00f3logos y trabajadores sociales, en su mayor\u00eda; adem\u00e1s de psicopedagogos y profesores-, formaron parte de esta iniciativa efectuada los d\u00edas jueves y viernes en dependencias del DEM Ays\u00e9n, y cuyo desarrollo cont\u00f3 con charlas y talleres pr\u00e1cticos, como parte de la metodolog\u00eda.<\/p>\n<p style=\"text-align: justify;\">\u201cFue una instancia super buena para reunirnos y ver c\u00f3mo diferentes establecimientos estamos topando en los mismos nudos cr\u00edticos y la importancia que tiene abordar estos temas de salud mental, sobre todo en prevenci\u00f3n del suicidio, dada la alta tasa, especialmente en el \u00e1mbito educacional. Son super necesarios estos espacios, darnos cuenta que tenemos realidades similares, por lo que hay que trabajar de forma conjunta con distintos sectores, poder generar una mesa intersectorial, y hablar as\u00ed un mismo idioma\u201d, indic\u00f3 Laura Urrejola, trabajadora social del liceo Polit\u00e9cnico.<\/p>\n<p style=\"text-align: justify;\">Para Patricia Uribe, trabajadora social de la Escuela Poetisa Gabriela Mistral \u201cgenerar estas instancias siempre es muy positivo para poder revisar el trabajo que ya estamos haciendo, c\u00f3mo poder proyectar lo que contin\u00faa y generar alianzas colaborativas con salud para nosotros es fundamental. Maravilloso tener estos espacios de di\u00e1logo y tambi\u00e9n ir afinando un poco este ojo cl\u00ednico que igual se va dando desde la experiencia, pero tambi\u00e9n desde estos conocimientos y bases que nos han entregado en esta jornada, as\u00ed que muy contenta\u201d.<\/p>\n<p style=\"text-align: justify;\">Como totalmente positiva calific\u00f3 el director DEM, Patricio B\u00f3rquez, la realizaci\u00f3n de este seminario, \u201cque toca un tema profundamente relevante como es educaci\u00f3n y salud mental. Especialmente en una comuna con las caracter\u00edsticas que tiene Ays\u00e9n. Agradecimientos al equipo DEM, a nuestros expositores por su compromiso, quienes estuvieron educando y sensibilizando a nuestras duplas. Nos vamos con tareas importantes, ya se concretaron algunos encuentros para hacer m\u00e1s operativo esto en nuestras comunidades educativas, por tanto, hoy podemos ver de manera m\u00e1s esperanzadora el futuro en una tarea tan sensible e importante como es la salud mental de los ni\u00f1os y ni\u00f1as de la comuna\u201d, finaliz\u00f3.<\/p>\n<\/div><\/section><\/div><div  style='height:50px' class='hr hr-invisible   avia-builder-el-6  el_after_av_one_full  el_before_av_social_share '><span class='hr-inner ' ><span class='hr-inner-style'><\/span><\/span><\/div><\/p>\n<div  class='av-social-sharing-box  avia-builder-el-7  el_after_av_hr  el_before_av_hr  '><div class='av-share-box'><h5 class='av-share-link-description av-no-toc '>Compartir esta noticia<\/h5><ul class='av-share-box-list noLightbox'><li class='av-share-link av-social-link-facebook' ><a target=\"_blank\" aria-label=\"Compartir en Facebook\" href='https:\/\/www.facebook.com\/sharer.php?u=https:\/\/radiorevelacionfm.cl\/?p=23389&#038;t=Exitoso%20seminario%20de%20Salud%20Mental%20en%20el%20aula%20desarroll%C3%B3%20DEM%20aysenino' aria-hidden='false' data-av_icon='\ue8f3' data-av_iconfont='entypo-fontello' title='' data-avia-related-tooltip='Compartir en Facebook' rel=\"noopener\"><span class='avia_hidden_link_text'>Compartir en Facebook<\/span><\/a><\/li><li class='av-share-link av-social-link-twitter' ><a target=\"_blank\" aria-label=\"Compartir en Twitter\" href='https:\/\/twitter.com\/share?text=Exitoso%20seminario%20de%20Salud%20Mental%20en%20el%20aula%20desarroll%C3%B3%20DEM%20aysenino&#038;url=https:\/\/radiorevelacionfm.cl\/?p=23389' aria-hidden='false' data-av_icon='\ue8f1' data-av_iconfont='entypo-fontello' title='' data-avia-related-tooltip='Compartir en Twitter' rel=\"noopener\"><span class='avia_hidden_link_text'>Compartir en Twitter<\/span><\/a><\/li><li class='av-share-link av-social-link-whatsapp' ><a target=\"_blank\" aria-label=\"Compartir en Whatsapp\" href='https:\/\/api.whatsapp.com\/send?text=https:\/\/radiorevelacionfm.cl\/?p=23389' aria-hidden='false' data-av_icon='\uf232' data-av_iconfont='entypo-fontello' title='' data-avia-related-tooltip='Compartir en Whatsapp' rel=\"noopener\"><span class='avia_hidden_link_text'>Compartir en Whatsapp<\/span><\/a><\/li><li class='av-share-link av-social-link-linkedin' ><a target=\"_blank\" aria-label=\"Compartir en LinkedIn\" href='https:\/\/linkedin.com\/shareArticle?mini=true&#038;title=Exitoso%20seminario%20de%20Salud%20Mental%20en%20el%20aula%20desarroll%C3%B3%20DEM%20aysenino&#038;url=https:\/\/radiorevelacionfm.cl\/?p=23389' aria-hidden='false' data-av_icon='\ue8fc' data-av_iconfont='entypo-fontello' title='' data-avia-related-tooltip='Compartir en LinkedIn' rel=\"noopener\"><span class='avia_hidden_link_text'>Compartir en LinkedIn<\/span><\/a><\/li><li class='av-share-link av-social-link-mail' ><a  aria-label=\"Compartir por correo\" href='mailto:?subject=Exitoso%20seminario%20de%20Salud%20Mental%20en%20el%20aula%20desarroll%C3%B3%20DEM%20aysenino&#038;body=https:\/\/radiorevelacionfm.cl\/?p=23389' aria-hidden='false' data-av_icon='\ue805' data-av_iconfont='entypo-fontello' title='' data-avia-related-tooltip='Compartir por correo'><span class='avia_hidden_link_text'>Compartir por correo<\/span><\/a><\/li><\/ul><\/div><\/div>\n<div  style='height:50px' class='hr hr-invisible   avia-builder-el-8  el_after_av_social_share  el_before_av_comments_list '><span class='hr-inner ' ><span class='hr-inner-style'><\/span><\/span><\/div>\n<div  class='av-buildercomment  av-blog-meta-html-info-disabled av-blog-meta-tag-disabled  '><\/div>\n","protected":false},"excerpt":{"rendered":"","protected":false},"author":1,"featured_media":23390,"comment_status":"open","ping_status":"open","sticky":false,"template":"","format":"standard","meta":{"footnotes":""},"categories":[38],"tags":[],"class_list":["post-23389","post","type-post","status-publish","format-standard","has-post-thumbnail","hentry","category-regional"],"jetpack_featured_media_url":"https:\/\/radiorevelacionfm.cl\/wp-content\/uploads\/2022\/10\/312159014_989619708656456_3362818305448463015_n-1-1.jpg","_links":{"self":[{"href":"https:\/\/radiorevelacionfm.cl\/index.php?rest_route=\/wp\/v2\/posts\/23389","targetHints":{"allow":["GET"]}}],"collection":[{"href":"https:\/\/radiorevelacionfm.cl\/index.php?rest_route=\/wp\/v2\/posts"}],"about":[{"href":"https:\/\/radiorevelacionfm.cl\/index.php?rest_route=\/wp\/v2\/types\/post"}],"author":[{"embeddable":true,"href":"https:\/\/radiorevelacionfm.cl\/index.php?rest_route=\/wp\/v2\/users\/1"}],"replies":[{"embeddable":true,"href":"https:\/\/radiorevelacionfm.cl\/index.php?rest_route=%2Fwp%2Fv2%2Fcomments&post=23389"}],"version-history":[{"count":2,"href":"https:\/\/radiorevelacionfm.cl\/index.php?rest_route=\/wp\/v2\/posts\/23389\/revisions"}],"predecessor-version":[{"id":23395,"href":"https:\/\/radiorevelacionfm.cl\/index.php?rest_route=\/wp\/v2\/posts\/23389\/revisions\/23395"}],"wp:featuredmedia":[{"embeddable":true,"href":"https:\/\/radiorevelacionfm.cl\/index.php?rest_route=\/wp\/v2\/media\/23390"}],"wp:attachment":[{"href":"https:\/\/radiorevelacionfm.cl\/index.php?rest_route=%2Fwp%2Fv2%2Fmedia&parent=23389"}],"wp:term":[{"taxonomy":"category","embeddable":true,"href":"https:\/\/radiorevelacionfm.cl\/index.php?rest_route=%2Fwp%2Fv2%2Fcategories&post=23389"},{"taxonomy":"post_tag","embeddable":true,"href":"https:\/\/radiorevelacionfm.cl\/index.php?rest_route=%2Fwp%2Fv2%2Ftags&post=23389"}],"curies":[{"name":"wp","href":"https:\/\/api.w.org\/{rel}","templated":true}]}}