{"id":23384,"date":"2022-10-24T09:58:50","date_gmt":"2022-10-24T12:58:50","guid":{"rendered":"https:\/\/radiorevelacionfm.cl\/?p=23384"},"modified":"2022-10-24T09:58:50","modified_gmt":"2022-10-24T12:58:50","slug":"mujeres-de-raul-marin-balmaceda-seran-las-protagonistas-en-proyecto-que-presentara-sus-historias-de-vida","status":"publish","type":"post","link":"https:\/\/radiorevelacionfm.cl\/?p=23384","title":{"rendered":"Mujeres de Ra\u00fal Mar\u00edn Balmaceda ser\u00e1n las protagonistas en proyecto que presentar\u00e1 sus historias de vida"},"content":{"rendered":"<div class=\"flex_column av_one_full  flex_column_div av-zero-column-padding first  avia-builder-el-0  el_before_av_one_full  avia-builder-el-first  \" style='border-radius:0px; '><div  class='avia-image-container  av-styling-    avia-builder-el-1  avia-builder-el-no-sibling  avia-align-center '  itemprop=\"image\" itemscope=\"itemscope\" itemtype=\"https:\/\/schema.org\/ImageObject\"  ><div class='avia-image-container-inner'><div class='avia-image-overlay-wrap'><img decoding=\"async\" class='wp-image-23386 avia-img-lazy-loading-not-23386 avia_image' src=\"https:\/\/radiorevelacionfm.cl\/wp-content\/uploads\/2022\/10\/senora-matilde-1-1-1.jpg\" alt='' title='se\u00f1ora matilde 1 (1) (1)' height=\"600\" width=\"906\"  itemprop=\"thumbnailUrl\" srcset=\"https:\/\/radiorevelacionfm.cl\/wp-content\/uploads\/2022\/10\/senora-matilde-1-1-1.jpg 906w, https:\/\/radiorevelacionfm.cl\/wp-content\/uploads\/2022\/10\/senora-matilde-1-1-1-300x199.jpg 300w, https:\/\/radiorevelacionfm.cl\/wp-content\/uploads\/2022\/10\/senora-matilde-1-1-1-768x509.jpg 768w, https:\/\/radiorevelacionfm.cl\/wp-content\/uploads\/2022\/10\/senora-matilde-1-1-1-705x467.jpg 705w, https:\/\/radiorevelacionfm.cl\/wp-content\/uploads\/2022\/10\/senora-matilde-1-1-1-600x397.jpg 600w\" sizes=\"(max-width: 906px) 100vw, 906px\" \/><\/div><\/div><\/div><\/div><div class=\"flex_column av_one_full  flex_column_div av-zero-column-padding first  avia-builder-el-2  el_after_av_one_full  el_before_av_one_full  column-top-margin\" style='border-radius:0px; '><section class=\"av_textblock_section \"  itemscope=\"itemscope\" itemtype=\"https:\/\/schema.org\/BlogPosting\" itemprop=\"blogPost\" ><div class='avia_textblock  '   itemprop=\"text\" ><p style=\"text-align: center;\"><strong><span style=\"font-size: 18pt;\">Mujeres de Ra\u00fal Mar\u00edn Balmaceda ser\u00e1n las protagonistas en proyecto que presentar\u00e1 sus historias de vida<\/span><\/strong><\/p>\n<div id=\"gtx-trans\" style=\"position: absolute; left: -50px; top: 4.31534px;\">\n<div class=\"gtx-trans-icon\"><\/div>\n<\/div>\n<\/div><\/section><\/div><div class=\"flex_column av_one_full  flex_column_div av-zero-column-padding first  avia-builder-el-4  el_after_av_one_full  el_before_av_hr  column-top-margin\" style='border-radius:0px; '><section class=\"av_textblock_section \"  itemscope=\"itemscope\" itemtype=\"https:\/\/schema.org\/BlogPosting\" itemprop=\"blogPost\" ><div class='avia_textblock  '   itemprop=\"text\" ><p style=\"text-align: justify;\">En Puerto Ra\u00fal Mar\u00edn Balmaceda, la organizaci\u00f3n Mujer austral da inicio al proyecto \u201cPermanencia, narrativas gr\u00e1ficas de mujeres australes\u201d financiado por el Fondo Regional de Desarrollo Cultural y las Artes, en su l\u00ednea creaci\u00f3n art\u00edstica, convocatoria 2021.<\/p>\n<p style=\"text-align: justify;\">A cargo de Alejandra Gonz\u00e1lez, ilustradora y muralista, este proyecto busca presentar las historias de vida de cinco adultas mayores de la localidad, a trav\u00e9s de un proceso creativo de investigaci\u00f3n y representaci\u00f3n que culmina en una composici\u00f3n visual a modo de retrato.<\/p>\n<p style=\"text-align: justify;\">\u201cCon la informaci\u00f3n presente en los tres libros de investigaci\u00f3n realizados en la localidad por Nathalie Brito, gestora cultural e investigadora de este proyecto, ha nacido el inter\u00e9s de la organizaci\u00f3n comunitaria Mujer Austral, de la cual somos parte, por el rescate de la memoria oral femenina, de aquellas mujeres que han permanecido y han logrado traspasar la memoria e identidad local a las siguientes generaciones durante los distintos procesos socio-productivos y de asentamiento en el territorio. El trabajo de investigaci\u00f3n, a trav\u00e9s de entrevistas, se traducir\u00e1 en retratos que den paso a la primera colecci\u00f3n del futuro Museo Comunitario\u201d, enfatiz\u00f3 la responsable del proyecto, Alejandra Gonz\u00e1lez.<\/p>\n<p style=\"text-align: justify;\">Este proyecto busca fortalecer el sentido de arraigo con la localidad, especialmente con las nuevas generaciones, rescatando los aprendizajes que estas mujeres buscan dejar como legado. As\u00ed lo se\u00f1ala la vecina Matilde Ram\u00edrez Vargas. \u201cLe dejar\u00eda un mensaje a las mujeres que vienen, que sean inteligentes, que hagan cosas para que la isla crezca, que hagan todo lo posible por cuidar la vegetaci\u00f3n y no contaminar tanto el mar, para mantener la isla limpia. Que las mujeres sigan adelante, que se empoderen como se dice y que las j\u00f3venes puedan querer a su isla y hacer cosas para su bien\u201d, enfatiza esta vecina de 79 a\u00f1os.<\/p>\n<p style=\"text-align: justify;\">Actualmente se est\u00e1n realizando las entrevistas y primeras experiencias compositivas para la creaci\u00f3n de los retratos. Se espera exponer el material final, tanto en el Museo Regional en Coyhaique, como en la Delegaci\u00f3n Municipal de Ra\u00fal Mar\u00edn Balmaceda, el primer semestre del pr\u00f3ximo a\u00f1o.<\/p>\n<p style=\"text-align: justify;\">\u201cDurante los \u00faltimos diez a\u00f1os la comunidad local se ha interesado por el rescate de su memoria oral y escrita, lo cual ha impulsado el desarrollo de diferentes investigaciones y proyectos que aportan al patrimonio cultural del mismo, por ello como organizaci\u00f3n queremos seguir contribuyendo con esto\u201d agrega Nathalie Brito. Para m\u00e1s informaci\u00f3n cobre el proyecto se puede visitar las red social <a href=\"http:\/\/www.instagram.com\/mujer.austral\">www.instagram.com\/mujer.austral<\/a><\/p>\n<\/div><\/section><\/div><div  style='height:50px' class='hr hr-invisible   avia-builder-el-6  el_after_av_one_full  el_before_av_social_share '><span class='hr-inner ' ><span class='hr-inner-style'><\/span><\/span><\/div><\/p>\n<div  class='av-social-sharing-box  avia-builder-el-7  el_after_av_hr  el_before_av_hr  '><div class='av-share-box'><h5 class='av-share-link-description av-no-toc '>Compartir esta noticia<\/h5><ul class='av-share-box-list noLightbox'><li class='av-share-link av-social-link-facebook' ><a target=\"_blank\" aria-label=\"Compartir en Facebook\" href='https:\/\/www.facebook.com\/sharer.php?u=https:\/\/radiorevelacionfm.cl\/?p=23384&#038;t=Mujeres%20de%20Ra%C3%BAl%20Mar%C3%ADn%20Balmaceda%20ser%C3%A1n%20las%20protagonistas%20en%20proyecto%20que%20presentar%C3%A1%20sus%20historias%20de%20vida' aria-hidden='false' data-av_icon='\ue8f3' data-av_iconfont='entypo-fontello' title='' data-avia-related-tooltip='Compartir en Facebook' rel=\"noopener\"><span class='avia_hidden_link_text'>Compartir en Facebook<\/span><\/a><\/li><li class='av-share-link av-social-link-twitter' ><a target=\"_blank\" aria-label=\"Compartir en Twitter\" href='https:\/\/twitter.com\/share?text=Mujeres%20de%20Ra%C3%BAl%20Mar%C3%ADn%20Balmaceda%20ser%C3%A1n%20las%20protagonistas%20en%20proyecto%20que%20presentar%C3%A1%20sus%20historias%20de%20vida&#038;url=https:\/\/radiorevelacionfm.cl\/?p=23384' aria-hidden='false' data-av_icon='\ue8f1' data-av_iconfont='entypo-fontello' title='' data-avia-related-tooltip='Compartir en Twitter' rel=\"noopener\"><span class='avia_hidden_link_text'>Compartir en Twitter<\/span><\/a><\/li><li class='av-share-link av-social-link-whatsapp' ><a target=\"_blank\" aria-label=\"Compartir en Whatsapp\" href='https:\/\/api.whatsapp.com\/send?text=https:\/\/radiorevelacionfm.cl\/?p=23384' aria-hidden='false' data-av_icon='\uf232' data-av_iconfont='entypo-fontello' title='' data-avia-related-tooltip='Compartir en Whatsapp' rel=\"noopener\"><span class='avia_hidden_link_text'>Compartir en Whatsapp<\/span><\/a><\/li><li class='av-share-link av-social-link-linkedin' ><a target=\"_blank\" aria-label=\"Compartir en LinkedIn\" href='https:\/\/linkedin.com\/shareArticle?mini=true&#038;title=Mujeres%20de%20Ra%C3%BAl%20Mar%C3%ADn%20Balmaceda%20ser%C3%A1n%20las%20protagonistas%20en%20proyecto%20que%20presentar%C3%A1%20sus%20historias%20de%20vida&#038;url=https:\/\/radiorevelacionfm.cl\/?p=23384' aria-hidden='false' data-av_icon='\ue8fc' data-av_iconfont='entypo-fontello' title='' data-avia-related-tooltip='Compartir en LinkedIn' rel=\"noopener\"><span class='avia_hidden_link_text'>Compartir en LinkedIn<\/span><\/a><\/li><li class='av-share-link av-social-link-mail' ><a  aria-label=\"Compartir por correo\" href='mailto:?subject=Mujeres%20de%20Ra%C3%BAl%20Mar%C3%ADn%20Balmaceda%20ser%C3%A1n%20las%20protagonistas%20en%20proyecto%20que%20presentar%C3%A1%20sus%20historias%20de%20vida&#038;body=https:\/\/radiorevelacionfm.cl\/?p=23384' aria-hidden='false' data-av_icon='\ue805' data-av_iconfont='entypo-fontello' title='' data-avia-related-tooltip='Compartir por correo'><span class='avia_hidden_link_text'>Compartir por correo<\/span><\/a><\/li><\/ul><\/div><\/div>\n<div  style='height:50px' class='hr hr-invisible   avia-builder-el-8  el_after_av_social_share  el_before_av_comments_list '><span class='hr-inner ' ><span class='hr-inner-style'><\/span><\/span><\/div>\n<div  class='av-buildercomment  av-blog-meta-html-info-disabled av-blog-meta-tag-disabled  '><\/div>\n","protected":false},"excerpt":{"rendered":"","protected":false},"author":1,"featured_media":23386,"comment_status":"open","ping_status":"open","sticky":false,"template":"","format":"standard","meta":{"footnotes":""},"categories":[38],"tags":[],"class_list":["post-23384","post","type-post","status-publish","format-standard","has-post-thumbnail","hentry","category-regional"],"jetpack_featured_media_url":"https:\/\/radiorevelacionfm.cl\/wp-content\/uploads\/2022\/10\/senora-matilde-1-1-1.jpg","_links":{"self":[{"href":"https:\/\/radiorevelacionfm.cl\/index.php?rest_route=\/wp\/v2\/posts\/23384","targetHints":{"allow":["GET"]}}],"collection":[{"href":"https:\/\/radiorevelacionfm.cl\/index.php?rest_route=\/wp\/v2\/posts"}],"about":[{"href":"https:\/\/radiorevelacionfm.cl\/index.php?rest_route=\/wp\/v2\/types\/post"}],"author":[{"embeddable":true,"href":"https:\/\/radiorevelacionfm.cl\/index.php?rest_route=\/wp\/v2\/users\/1"}],"replies":[{"embeddable":true,"href":"https:\/\/radiorevelacionfm.cl\/index.php?rest_route=%2Fwp%2Fv2%2Fcomments&post=23384"}],"version-history":[{"count":2,"href":"https:\/\/radiorevelacionfm.cl\/index.php?rest_route=\/wp\/v2\/posts\/23384\/revisions"}],"predecessor-version":[{"id":23388,"href":"https:\/\/radiorevelacionfm.cl\/index.php?rest_route=\/wp\/v2\/posts\/23384\/revisions\/23388"}],"wp:featuredmedia":[{"embeddable":true,"href":"https:\/\/radiorevelacionfm.cl\/index.php?rest_route=\/wp\/v2\/media\/23386"}],"wp:attachment":[{"href":"https:\/\/radiorevelacionfm.cl\/index.php?rest_route=%2Fwp%2Fv2%2Fmedia&parent=23384"}],"wp:term":[{"taxonomy":"category","embeddable":true,"href":"https:\/\/radiorevelacionfm.cl\/index.php?rest_route=%2Fwp%2Fv2%2Fcategories&post=23384"},{"taxonomy":"post_tag","embeddable":true,"href":"https:\/\/radiorevelacionfm.cl\/index.php?rest_route=%2Fwp%2Fv2%2Ftags&post=23384"}],"curies":[{"name":"wp","href":"https:\/\/api.w.org\/{rel}","templated":true}]}}