{"id":23376,"date":"2022-10-24T11:13:52","date_gmt":"2022-10-24T14:13:52","guid":{"rendered":"https:\/\/radiorevelacionfm.cl\/?p=23376"},"modified":"2022-10-24T11:13:52","modified_gmt":"2022-10-24T14:13:52","slug":"sandoval-destaco-plan-de-conectividad-austral-que-considera-financiamiento-para-la-ruta-7-en-aysen","status":"publish","type":"post","link":"https:\/\/radiorevelacionfm.cl\/?p=23376","title":{"rendered":"Sandoval destac\u00f3 plan de conectividad austral que considera financiamiento para la ruta 7 en Ays\u00e9n"},"content":{"rendered":"<div class=\"flex_column av_one_full  flex_column_div av-zero-column-padding first  avia-builder-el-0  el_before_av_one_full  avia-builder-el-first  \" style='border-radius:0px; '><div  class='avia-image-container  av-styling-    avia-builder-el-1  avia-builder-el-no-sibling  avia-align-center '  itemprop=\"image\" itemscope=\"itemscope\" itemtype=\"https:\/\/schema.org\/ImageObject\"  ><div class='avia-image-container-inner'><div class='avia-image-overlay-wrap'><img decoding=\"async\" class='wp-image-23377 avia-img-lazy-loading-not-23377 avia_image' src=\"https:\/\/radiorevelacionfm.cl\/wp-content\/uploads\/2022\/10\/SENADOR-SANDOVAL-CON-MINISTRO-MOP-1-1.jpg\" alt='' title='SENADOR SANDOVAL CON MINISTRO MOP (1) (1)' height=\"600\" width=\"900\"  itemprop=\"thumbnailUrl\" srcset=\"https:\/\/radiorevelacionfm.cl\/wp-content\/uploads\/2022\/10\/SENADOR-SANDOVAL-CON-MINISTRO-MOP-1-1.jpg 900w, https:\/\/radiorevelacionfm.cl\/wp-content\/uploads\/2022\/10\/SENADOR-SANDOVAL-CON-MINISTRO-MOP-1-1-300x200.jpg 300w, https:\/\/radiorevelacionfm.cl\/wp-content\/uploads\/2022\/10\/SENADOR-SANDOVAL-CON-MINISTRO-MOP-1-1-768x512.jpg 768w, https:\/\/radiorevelacionfm.cl\/wp-content\/uploads\/2022\/10\/SENADOR-SANDOVAL-CON-MINISTRO-MOP-1-1-705x470.jpg 705w, https:\/\/radiorevelacionfm.cl\/wp-content\/uploads\/2022\/10\/SENADOR-SANDOVAL-CON-MINISTRO-MOP-1-1-600x400.jpg 600w\" sizes=\"(max-width: 900px) 100vw, 900px\" \/><\/div><\/div><\/div><\/div><div class=\"flex_column av_one_full  flex_column_div av-zero-column-padding first  avia-builder-el-2  el_after_av_one_full  el_before_av_one_full  column-top-margin\" style='border-radius:0px; '><section class=\"av_textblock_section \"  itemscope=\"itemscope\" itemtype=\"https:\/\/schema.org\/BlogPosting\" itemprop=\"blogPost\" ><div class='avia_textblock  '   itemprop=\"text\" ><p style=\"text-align: center;\"><strong><span style=\"font-size: 18pt;\">Sandoval destac\u00f3 plan de conectividad austral que considera financiamiento para la ruta 7 en Ays\u00e9n<\/span><\/strong><\/p>\n<div id=\"gtx-trans\" style=\"position: absolute; left: -50px; top: 4.31534px;\">\n<div class=\"gtx-trans-icon\"><\/div>\n<\/div>\n<\/div><\/section><\/div><div class=\"flex_column av_one_full  flex_column_div av-zero-column-padding first  avia-builder-el-4  el_after_av_one_full  el_before_av_hr  column-top-margin\" style='border-radius:0px; '><section class=\"av_textblock_section \"  itemscope=\"itemscope\" itemtype=\"https:\/\/schema.org\/BlogPosting\" itemprop=\"blogPost\" ><div class='avia_textblock  '   itemprop=\"text\" ><p style=\"text-align: justify;\">El parlamentario destac\u00f3 compromiso de ministro del MOP, Juan Carlos Garc\u00eda, quien en los \u00faltimos d\u00edas se\u00f1al\u00f3 que plan de conectividad austral anunciado en septiembre, tambi\u00e9n considera financiamiento de la ruta 7 por parte de dicha cartera.<\/p>\n<p style=\"text-align: justify;\">\u201cEs una noticia de enorme trascendencia (&#8230;) el Estado siempre debi\u00f3 haber sido el \u00fanico responsable de construir la ruta 7\u201d. De esta manera, el senador David Sandoval destac\u00f3 el compromiso del ministro de Obras P\u00fablicas, Juan Carlos Garc\u00eda, en cuanto a que ser\u00e1 esta cartera, con recursos sectoriales, la que se har\u00e1 cargo de la ruta estructurante de la regi\u00f3n de Ays\u00e9n.<\/p>\n<p style=\"text-align: justify;\">El parlamentario record\u00f3 que se han suscrito acuerdos, enviado solicitudes a distintos gobiernos para que se asuma este compromiso, pero que no se hab\u00eda podido avanzar en algo concreto, como hasta ahora. \u201cA nivel nacional no hay ning\u00fan gobierno regional, desde Arica a Los Lagos, que ponga un peso en la construcci\u00f3n de la ruta estructurante\u201d, se\u00f1al\u00f3, lo cual es muy relevante, pues \u201cgran parte del bajo nivel de desarrollo de la regi\u00f3n es por no tener una ruta que nos conecte con el resto del pa\u00eds\u201d.<\/p>\n<p style=\"text-align: justify;\">De ah\u00ed la importancia de lo indicado por el Ministro Garc\u00eda en la subcomisi\u00f3n mixta de Presupuesto, la cual en los \u00faltimos d\u00edas discut\u00eda los recursos de la cartera MOP para el 2023, momento en que el Secretario de Estado se refiri\u00f3 al tema. \u201cCuando nos juntamos con el senador (septiembre 2022), nos comprometimos a un plan de conectividad austral y que vamos a entregar a la brevedad. Y ese plan de conectividad, durante nuestra administraci\u00f3n, tiene dos componentes: el financiamiento de la ruta 7 por el MOP y una propuesta de convenio de programaci\u00f3n\u201d, puntualiz\u00f3.<\/p>\n<p style=\"text-align: justify;\">En ese sentido, dijo que \u201ca mi me gustar\u00eda mucho pr\u00f3ximamente ir a firmar ese compromiso a la regi\u00f3n de Ays\u00e9n\u201d, agregando que tambi\u00e9n \u201ctenemos que acordar los t\u00e9rminos, por supuesto, con la autoridad regional, que es una autoridad electa\u201d. \u201cTransmitir nuestra disposici\u00f3n para algo que tenemos que trabajar en conjunto con la regi\u00f3n\u201d, subray\u00f3.<\/p>\n<p style=\"text-align: justify;\">El tema adquiere mayor relevancia, se\u00f1al\u00f3 Sandoval, recordando que en Ays\u00e9n, la regi\u00f3n invierte entre un 30% a 32% de sus recursos en la ruta estructurante, es decir, la ruta 7, lo que se contrapone a lo que sucede en otras regiones, como Los Lagos, donde la construcci\u00f3n del puente Chacao, pasa por un objetivo de Estado. \u201cY la gran noticia fue lo que se\u00f1al\u00f3 el ministro\u201d, subray\u00f3.<\/p>\n<p style=\"text-align: justify;\">En esa l\u00ednea, el legislador tambi\u00e9n destac\u00f3 la disposici\u00f3n de los miembros de la subcomisi\u00f3n mixta de presupuesto, para apoyar que la construcci\u00f3n de la ruta 7, hacia el norte y sur, as\u00ed como en Palena, no pase por el gobierno regional, siendo el MOP, con fondos sectoriales, el que se haga cargo del financiamiento integral de la ruta, a partir de 2024. \u201cEs una noticia de enorme trascendencia al liberar el FNDR de estos recursos\u201d, destacando que de esa manera se podr\u00e1 enfocar m\u00e1s esfuerzos en caminos secundarios, terciarios, etc.<\/p>\n<p style=\"text-align: justify;\">Sandoval indic\u00f3 adem\u00e1s que el propio ministro de Obras P\u00fablicas ir\u00e1 a la regi\u00f3n \u201cpara cerrar este cap\u00edtulo\u201d, reconociendo de paso \u201cla disposici\u00f3n y voluntad del ministro\u201d, para avanzar en esta materia.<\/p>\n<p style=\"text-align: justify;\">\u201cTenemos una tremenda oportunidad, porque caminos, caminos y m\u00e1s caminos, ha sido la aspiraci\u00f3n de las comunidades en todos los rincones de la regi\u00f3n\u201d, concluy\u00f3.<\/p>\n<\/div><\/section><\/div><div  style='height:50px' class='hr hr-invisible   avia-builder-el-6  el_after_av_one_full  el_before_av_social_share '><span class='hr-inner ' ><span class='hr-inner-style'><\/span><\/span><\/div><\/p>\n<div  class='av-social-sharing-box  avia-builder-el-7  el_after_av_hr  el_before_av_hr  '><div class='av-share-box'><h5 class='av-share-link-description av-no-toc '>Compartir esta noticia<\/h5><ul class='av-share-box-list noLightbox'><li class='av-share-link av-social-link-facebook' ><a target=\"_blank\" aria-label=\"Compartir en Facebook\" href='https:\/\/www.facebook.com\/sharer.php?u=https:\/\/radiorevelacionfm.cl\/?p=23376&#038;t=Sandoval%20destac%C3%B3%20plan%20de%20conectividad%20austral%20que%20considera%20financiamiento%20para%20la%20ruta%207%20en%20Ays%C3%A9n' aria-hidden='false' data-av_icon='\ue8f3' data-av_iconfont='entypo-fontello' title='' data-avia-related-tooltip='Compartir en Facebook' rel=\"noopener\"><span class='avia_hidden_link_text'>Compartir en Facebook<\/span><\/a><\/li><li class='av-share-link av-social-link-twitter' ><a target=\"_blank\" aria-label=\"Compartir en Twitter\" href='https:\/\/twitter.com\/share?text=Sandoval%20destac%C3%B3%20plan%20de%20conectividad%20austral%20que%20considera%20financiamiento%20para%20la%20ruta%207%20en%20Ays%C3%A9n&#038;url=https:\/\/radiorevelacionfm.cl\/?p=23376' aria-hidden='false' data-av_icon='\ue8f1' data-av_iconfont='entypo-fontello' title='' data-avia-related-tooltip='Compartir en Twitter' rel=\"noopener\"><span class='avia_hidden_link_text'>Compartir en Twitter<\/span><\/a><\/li><li class='av-share-link av-social-link-whatsapp' ><a target=\"_blank\" aria-label=\"Compartir en Whatsapp\" href='https:\/\/api.whatsapp.com\/send?text=https:\/\/radiorevelacionfm.cl\/?p=23376' aria-hidden='false' data-av_icon='\uf232' data-av_iconfont='entypo-fontello' title='' data-avia-related-tooltip='Compartir en Whatsapp' rel=\"noopener\"><span class='avia_hidden_link_text'>Compartir en Whatsapp<\/span><\/a><\/li><li class='av-share-link av-social-link-linkedin' ><a target=\"_blank\" aria-label=\"Compartir en LinkedIn\" href='https:\/\/linkedin.com\/shareArticle?mini=true&#038;title=Sandoval%20destac%C3%B3%20plan%20de%20conectividad%20austral%20que%20considera%20financiamiento%20para%20la%20ruta%207%20en%20Ays%C3%A9n&#038;url=https:\/\/radiorevelacionfm.cl\/?p=23376' aria-hidden='false' data-av_icon='\ue8fc' data-av_iconfont='entypo-fontello' title='' data-avia-related-tooltip='Compartir en LinkedIn' rel=\"noopener\"><span class='avia_hidden_link_text'>Compartir en LinkedIn<\/span><\/a><\/li><li class='av-share-link av-social-link-mail' ><a  aria-label=\"Compartir por correo\" href='mailto:?subject=Sandoval%20destac%C3%B3%20plan%20de%20conectividad%20austral%20que%20considera%20financiamiento%20para%20la%20ruta%207%20en%20Ays%C3%A9n&#038;body=https:\/\/radiorevelacionfm.cl\/?p=23376' aria-hidden='false' data-av_icon='\ue805' data-av_iconfont='entypo-fontello' title='' data-avia-related-tooltip='Compartir por correo'><span class='avia_hidden_link_text'>Compartir por correo<\/span><\/a><\/li><\/ul><\/div><\/div>\n<div  style='height:50px' class='hr hr-invisible   avia-builder-el-8  el_after_av_social_share  el_before_av_comments_list '><span class='hr-inner ' ><span class='hr-inner-style'><\/span><\/span><\/div>\n<div  class='av-buildercomment  av-blog-meta-html-info-disabled av-blog-meta-tag-disabled  '><\/div>\n","protected":false},"excerpt":{"rendered":"","protected":false},"author":1,"featured_media":23377,"comment_status":"open","ping_status":"open","sticky":false,"template":"","format":"standard","meta":{"footnotes":""},"categories":[35],"tags":[],"class_list":["post-23376","post","type-post","status-publish","format-standard","has-post-thumbnail","hentry","category-politica"],"jetpack_featured_media_url":"https:\/\/radiorevelacionfm.cl\/wp-content\/uploads\/2022\/10\/SENADOR-SANDOVAL-CON-MINISTRO-MOP-1-1.jpg","_links":{"self":[{"href":"https:\/\/radiorevelacionfm.cl\/index.php?rest_route=\/wp\/v2\/posts\/23376","targetHints":{"allow":["GET"]}}],"collection":[{"href":"https:\/\/radiorevelacionfm.cl\/index.php?rest_route=\/wp\/v2\/posts"}],"about":[{"href":"https:\/\/radiorevelacionfm.cl\/index.php?rest_route=\/wp\/v2\/types\/post"}],"author":[{"embeddable":true,"href":"https:\/\/radiorevelacionfm.cl\/index.php?rest_route=\/wp\/v2\/users\/1"}],"replies":[{"embeddable":true,"href":"https:\/\/radiorevelacionfm.cl\/index.php?rest_route=%2Fwp%2Fv2%2Fcomments&post=23376"}],"version-history":[{"count":2,"href":"https:\/\/radiorevelacionfm.cl\/index.php?rest_route=\/wp\/v2\/posts\/23376\/revisions"}],"predecessor-version":[{"id":23396,"href":"https:\/\/radiorevelacionfm.cl\/index.php?rest_route=\/wp\/v2\/posts\/23376\/revisions\/23396"}],"wp:featuredmedia":[{"embeddable":true,"href":"https:\/\/radiorevelacionfm.cl\/index.php?rest_route=\/wp\/v2\/media\/23377"}],"wp:attachment":[{"href":"https:\/\/radiorevelacionfm.cl\/index.php?rest_route=%2Fwp%2Fv2%2Fmedia&parent=23376"}],"wp:term":[{"taxonomy":"category","embeddable":true,"href":"https:\/\/radiorevelacionfm.cl\/index.php?rest_route=%2Fwp%2Fv2%2Fcategories&post=23376"},{"taxonomy":"post_tag","embeddable":true,"href":"https:\/\/radiorevelacionfm.cl\/index.php?rest_route=%2Fwp%2Fv2%2Ftags&post=23376"}],"curies":[{"name":"wp","href":"https:\/\/api.w.org\/{rel}","templated":true}]}}