{"id":23373,"date":"2022-10-24T09:29:15","date_gmt":"2022-10-24T12:29:15","guid":{"rendered":"https:\/\/radiorevelacionfm.cl\/?p=23373"},"modified":"2022-10-24T09:29:15","modified_gmt":"2022-10-24T12:29:15","slug":"general-hugo-zenteno-jefe-de-la-xi-zona-de-carabineros-aysen-se-acoge-a-retiro","status":"publish","type":"post","link":"https:\/\/radiorevelacionfm.cl\/?p=23373","title":{"rendered":"General Hugo Zenteno, jefe de la XI zona de Carabineros Ays\u00e9n se acoge a retiro"},"content":{"rendered":"<div class=\"flex_column av_one_full  flex_column_div av-zero-column-padding first  avia-builder-el-0  el_before_av_one_full  avia-builder-el-first  \" style='border-radius:0px; '><div  class='avia-image-container  av-styling-    avia-builder-el-1  avia-builder-el-no-sibling  avia-align-center '  itemprop=\"image\" itemscope=\"itemscope\" itemtype=\"https:\/\/schema.org\/ImageObject\"  ><div class='avia-image-container-inner'><div class='avia-image-overlay-wrap'><img decoding=\"async\" class='wp-image-23374 avia-img-lazy-loading-not-23374 avia_image' src=\"https:\/\/radiorevelacionfm.cl\/wp-content\/uploads\/2022\/10\/ronda-1-1_optimized-1.jpg\" alt='' title='ronda-(1)-(1)_optimized (1)' height=\"600\" width=\"1067\"  itemprop=\"thumbnailUrl\" srcset=\"https:\/\/radiorevelacionfm.cl\/wp-content\/uploads\/2022\/10\/ronda-1-1_optimized-1.jpg 1067w, https:\/\/radiorevelacionfm.cl\/wp-content\/uploads\/2022\/10\/ronda-1-1_optimized-1-300x169.jpg 300w, https:\/\/radiorevelacionfm.cl\/wp-content\/uploads\/2022\/10\/ronda-1-1_optimized-1-1030x579.jpg 1030w, https:\/\/radiorevelacionfm.cl\/wp-content\/uploads\/2022\/10\/ronda-1-1_optimized-1-768x432.jpg 768w, https:\/\/radiorevelacionfm.cl\/wp-content\/uploads\/2022\/10\/ronda-1-1_optimized-1-705x396.jpg 705w, https:\/\/radiorevelacionfm.cl\/wp-content\/uploads\/2022\/10\/ronda-1-1_optimized-1-600x337.jpg 600w\" sizes=\"(max-width: 1067px) 100vw, 1067px\" \/><\/div><\/div><\/div><\/div><div class=\"flex_column av_one_full  flex_column_div av-zero-column-padding first  avia-builder-el-2  el_after_av_one_full  el_before_av_one_full  column-top-margin\" style='border-radius:0px; '><section class=\"av_textblock_section \"  itemscope=\"itemscope\" itemtype=\"https:\/\/schema.org\/BlogPosting\" itemprop=\"blogPost\" ><div class='avia_textblock  '   itemprop=\"text\" ><p style=\"text-align: center;\"><strong><span style=\"font-size: 18pt;\">General Hugo Zenteno, jefe de la XI zona de Carabineros Ays\u00e9n se acoge a retiro<\/span><\/strong><\/p>\n<div id=\"gtx-trans\" style=\"position: absolute; left: -50px; top: 4.31534px;\">\n<div class=\"gtx-trans-icon\"><\/div>\n<\/div>\n<\/div><\/section><\/div><div class=\"flex_column av_one_full  flex_column_div av-zero-column-padding first  avia-builder-el-4  el_after_av_one_full  el_before_av_hr  column-top-margin\" style='border-radius:0px; '><section class=\"av_textblock_section \"  itemscope=\"itemscope\" itemtype=\"https:\/\/schema.org\/BlogPosting\" itemprop=\"blogPost\" ><div class='avia_textblock  '   itemprop=\"text\" ><p class=\"v1MsoNormal\" style=\"text-align: justify;\"><span lang=\"ES\">El Oficial General impuls\u00f3 en la regi\u00f3n el proceso de modernizaci\u00f3n, con un fuerte \u00e9nfasis en el respeto a los derechos humanos (DD.HH.) de cara al centenario de la Instituci\u00f3n, dando cuenta igualmente de los resultados en 24 meses de gesti\u00f3n.<\/span><\/p>\n<p class=\"v1MsoNormal\" style=\"text-align: justify;\"><span lang=\"ES\">Especialista en frontera, hoy con 35 a\u00f1os de trayectoria institucional y luego de haber cumplido funciones en diversas Unidades a lo largo del pa\u00eds, el General Hugo Zenteno V\u00e1squez quien asumi\u00f3 la jefatura de la XI Zona de Carabineros Ays\u00e9n el 21 de noviembre del a\u00f1o 2020, en las pr\u00f3ximas horas dejar\u00e1 su cargo y la Instituci\u00f3n tras pasar a retiro, mando que asumir\u00e1 el General Patricio Santos Poblete.<\/span><\/p>\n<p class=\"v1MsoNormal\" style=\"text-align: justify;\"><span lang=\"ES\">De trato cordial, cercano al personal y a la comunidad, el General Zenteno en sus dos a\u00f1os de gesti\u00f3n, afront\u00f3 el proceso modernizador y de profundas transformaciones que afronta la Instituci\u00f3n, trabajo que se bas\u00f3 en los cinco pilares de gesti\u00f3n dispuestos por el General Director Ricardo Y\u00e1\u00f1ez Reveco de cara al Carabinero del Centenario.<\/span><\/p>\n<p class=\"v1MsoNormal\" style=\"text-align: justify;\"><b><span lang=\"ES\">Modernizaci\u00f3n<\/span><\/b><\/p>\n<p class=\"v1MsoNormal\" style=\"text-align: justify;\"><span lang=\"ES\">La gesti\u00f3n del General Zenteno se caracteriz\u00f3 por cumplir y hacer cumplir los principios intr\u00ednsecos del ser institucional en la conducci\u00f3n del desarrollo futuro de Carabineros de Chile, sobre la base del plan estrat\u00e9gico estructurado sobre cinco pilares de gesti\u00f3n como son Carabineros de todos; reforma y modernizaci\u00f3n institucional; alta efectividad; legitimidad y cohesi\u00f3n.<\/span><\/p>\n<p class=\"v1MsoNormal\" style=\"text-align: justify;\"><span lang=\"ES\">Son m\u00e1s de tres d\u00e9cadas de disposici\u00f3n y generosa entrega, activo gestor del carabinero del centenario, un profesional de la seguridad capaz de trabajar en forma colaborativa e integrada con la sociedad, promoviendo a trav\u00e9s de m\u00faltiples capacitaciones en aula y pr\u00e1ctica, el respeto irrestricto a los DD.HH., ejerciendo liderazgo en el territorio, trabajando con eficiencia y eficacia con la comunidad, desarrollando un trabajo orientado a brindar un mejor servicio al pa\u00eds y mayores niveles de seguridad para todos.<\/span><\/p>\n<p class=\"v1MsoNormal\" style=\"text-align: justify;\"><span lang=\"ES\">Consciente de los nuevos desaf\u00edos y comportamiento del fen\u00f3meno delictual, la gesti\u00f3n del Oficial General estuvo basada en el ex antes, fortaleciendo lazos con la sociedad civil, potenciando el trabajo en equipo permitiendo avanzar en la prevenci\u00f3n y lucha contra el delito, fortaleciendo la presencia, integraci\u00f3n y soberan\u00eda, junto con prevenir delitos asociados a frontera.<\/span><\/p>\n<p class=\"v1MsoNormal\" style=\"text-align: justify;\"><span lang=\"ES\">El trabajo \u2013en gran medida- se desarroll\u00f3 durante la pandemia por Covid-19, per\u00edodo en que Carabineros desarroll\u00f3 diversas estrategias y servicios orientados a apoyar el control y la prevenci\u00f3n, sumado al apoyo en la distribuci\u00f3n de vacunas que permitieron inocular a los equipos m\u00e9dicos y la poblaci\u00f3n que reside en los sectores m\u00e1s apartados del territorio.<\/span><\/p>\n<p class=\"v1MsoNormal\" style=\"text-align: justify;\"><b><span lang=\"ES\">Gesti\u00f3n operativa<\/span><\/b><\/p>\n<p class=\"v1MsoNormal\" style=\"text-align: justify;\"><span lang=\"ES\">En el \u00e1mbito operativo, Carabineros detuvo en la regi\u00f3n de Ays\u00e9n a 4.682 personas, de las cuales 2.590 ocurrieron en 2021 y 2.096 en lo que va transcurrido del presente a\u00f1o.<\/span><\/p>\n<p class=\"v1MsoNormal\" style=\"text-align: justify;\"><span lang=\"ES\">Paralelamente en materia de tr\u00e1nsito se curs\u00f3 un total de 10.310 infracciones, siendo 5.044 el a\u00f1o 2021 y 5.266 desde enero de 2022 a la fecha.<\/span><\/p>\n<p class=\"v1MsoNormal\" style=\"text-align: justify;\"><span lang=\"ES\">Con la finalidad de prevenir la ocurrencia de accidentes bajo los efectos del alcohol o sustancias prohibidas, Carabineros mantuvo de manera permanente tanto a trav\u00e9s de servicios regulares como extraordinarios, efectuando un total de 155.759 controles vehiculares, de los cuales 76.612 corresponden al a\u00f1o 2021 en tanto que 79.147 abarcan el periodo comprendido desde enero a la fecha del a\u00f1o en curso.<\/span><\/p>\n<p class=\"v1MsoNormal\" style=\"text-align: justify;\"><span lang=\"ES\">Durante estos dos a\u00f1os de gesti\u00f3n del General Hugo Zenteno, Carabineros materializ\u00f3 18.820 fiscalizaciones a locales de alcoholes y 21.758 fiscalizaciones a locales comerciales.<\/span><\/p>\n<p class=\"v1MsoNormal\" style=\"text-align: justify;\"><b><span lang=\"ES\">B\u00fasqueda y rescates<\/span><\/b><\/p>\n<p class=\"v1MsoNormal\" style=\"text-align: justify;\"><span lang=\"ES\">Ante situaciones de emergencia ocurridas tanto en zonas urbanas como rurales a lo largo de la vasta regi\u00f3n de Ays\u00e9n, Carabineros acudi\u00f3 con personal del Grupo de Operaciones Policiales Especiales (GOPE) y medios tecnol\u00f3gicos para la concreci\u00f3n de tareas de b\u00fasqueda, rescates, salvatajes de personas vivas y fallecidas.<\/span><\/p>\n<p class=\"v1MsoNormal\" style=\"text-align: justify;\"><span lang=\"ES\">Durante el a\u00f1o 2021 el GOPE Ays\u00e9n adopt\u00f3 6 procedimientos, logrando rescatar con vida a igual n\u00famero de personas, cifra que hasta la fecha del presente a\u00f1o se eleva a 19 procedimientos con 17 personas rescatadas con vida.<\/span><\/p>\n<p class=\"v1MsoNormal\" style=\"text-align: justify;\"><span lang=\"ES\">En cuanto a la b\u00fasqueda y rescate de fallecidos, el a\u00f1o reci\u00e9n pasado este grupo especializado particip\u00f3 en 23 procedimientos, siendo 3 cad\u00e1veres rescatados. Para el presente a\u00f1o en tanto, se registran a la fecha 7 procedimientos con un resultado de 5 cuerpos recuperados.<\/span><\/p>\n<p class=\"v1MsoNormal\" style=\"text-align: justify;\"><span lang=\"ES\">En el \u00e1rea de contrabomba, durante el a\u00f1o 2021 el GOPE Ays\u00e9n adopt\u00f3 3 procedimientos correspondientes a paquete sospechoso. Desde enero a la fecha, el equipo ha adoptado 26 procedimientos, de estos, 21 corresponden a hallazgo, incautaci\u00f3n y entrega de fuegos artificiales; 3 a registro preventivo de instalaciones; y 2 a accesorio industrial o artesanal.<\/span><\/p>\n<p class=\"v1MsoNormal\" style=\"text-align: justify;\"><span lang=\"ES\">Igualmente en 2021, el GOPE adopt\u00f3 tres procedimientos por entrada y registro a inmueble de delincuentes, narcotraficantes y c\u00e1psula de seguridad de reacci\u00f3n, con un saldo de 2 personas detenidas. En lo que va de 2022 han sido adoptados siete procedimientos de esta naturaleza, arrojando un saldo de 3 personas detenidas.<\/span><\/p>\n<p class=\"v1MsoNormal\" style=\"text-align: justify;\"><span lang=\"ES\">Paralelamente el grupo de \u00e9lite, ha efectuado 154 servicios bancos en 2021 y 150 en lo que va transcurrido del presente a\u00f1o, sumado a la permanente participaci\u00f3n en servicios de ronda y apoyo en procedimientos por parte de unidades base y servicios especializados.<\/span><\/p>\n<p class=\"v1MsoNormal\" style=\"text-align: justify;\"><b><span lang=\"ES\">Lucha contra las drogas\u00a0\u00a0<\/span><\/b><\/p>\n<p class=\"v1MsoNormal\" style=\"text-align: justify;\"><span lang=\"ES\">Por su parte Carabineros de la Secci\u00f3n OS-7 Ays\u00e9n ha desarrollado una ardua labor orientada a investigar y desarticular organizaciones criminales, indagar los m\u00e9todos de ocultamiento de drogas para prevenir la internaci\u00f3n de sustancias prohibidas a la regi\u00f3n.<\/span><\/p>\n<p class=\"v1MsoNormal\" style=\"text-align: justify;\"><span lang=\"ES\">Durante estos dos a\u00f1os, esta Secci\u00f3n ha logrado el decomiso 30 kilos 849 grs. de marihuana; 9 kilos 795 grs. de clorhidrato de coca\u00edna; 204 f\u00e1rmacos controlados, lo cual representa un aval\u00fao total de $ 658.658.500.<\/span><\/p>\n<p class=\"v1MsoNormal\" style=\"text-align: justify;\"><span lang=\"ES\">La labor ha permitido la detenci\u00f3n de 242 personas, sumado a la realizaci\u00f3n de 151 allanamientos. \u00a0<\/span><\/p>\n<p class=\"v1MsoNormal\" style=\"text-align: justify;\"><span lang=\"ES\">En su rol educativo y de prevenci\u00f3n, el personal especializado ha capacitado a alumnos y profesores en diversos establecimientos educacionales, dando cuenta de los riesgos que conlleva para la salud el consumo de sustancias prohibidas.<\/span><\/p>\n<p class=\"v1MsoNormal\" style=\"text-align: justify;\"><b><span lang=\"ES\">Labor de frontera<\/span><\/b><\/p>\n<p class=\"v1MsoNormal\" style=\"text-align: justify;\"><span lang=\"ES\">Carabineros mantiene igualmente un amplio despliegue operativo a lo largo de 1.170 km de frontera con la rep\u00fablica Argentina, a trav\u00e9s de un despliegue operativo de 15\u00a0 cuarteles en 14 pasos ejerciendo el rol de integraci\u00f3n, haciendo soberan\u00eda y vigilando los 133 hitos fronterizos existentes a lo largo del l\u00edmite pol\u00edtico internacional.<\/span><\/p>\n<p class=\"v1MsoNormal\" style=\"text-align: justify;\"><span lang=\"ES\">La Instituci\u00f3n cumple labores subsidiarias en 11 pasos fronterizos, ejerciendo tareas de control migratorio de ingreso, egreso y reingreso a nuestro pa\u00eds, fiscalizaci\u00f3n de ciudadanos extranjeros sumado al control aduanero y fitozoosanitario.<\/span><\/p>\n<p class=\"v1MsoNormal\" style=\"text-align: justify;\"><span lang=\"ES\">A lo largo de este tiempo -per\u00edodo en que la frontera se mantuvo cerrada hasta el 1 de mayo de 2022- Carabineros mantuvo una exhaustiva vigilancia y en 2021 logr\u00f3 detectar \u2013a trav\u00e9s de un paso no habilitado en Balmaceda- el ingreso de un cami\u00f3n con m\u00e1s de 100 mil unidades de fuegos artificiales de contrabando, siendo dos personas detenidas por este hecho.<\/span><\/p>\n<p class=\"v1MsoNormal\" style=\"text-align: justify;\"><span lang=\"ES\">Paralelamente Carabineros ha detenido a m\u00faltiples personas por diversos delitos de contrabando de cigarrillos e infracci\u00f3n a la ley de drogas en la comuna de Chile Chico.<\/span><\/p>\n<p class=\"v1MsoNormal\" style=\"text-align: justify;\"><span lang=\"ES\">El General Hugo Zenteno agradeci\u00f3 a la comunidad, a las autoridades y medios de comunicaci\u00f3n por el permanente apoyo y contribuci\u00f3n en un clima de di\u00e1logo, colaboraci\u00f3n, integraci\u00f3n y participaci\u00f3n para lograr mejores condiciones de seguridad para todos y seguir haciendo de Ays\u00e9n un territorio de excepci\u00f3n que lo sit\u00faan como una de las regiones m\u00e1s seguras del pa\u00eds.<\/span><\/p>\n<p class=\"v1MsoNormal\" style=\"text-align: justify;\"><span lang=\"ES\">\u00a0\u00a0<\/span><\/p>\n<\/div><\/section><\/div><div  style='height:50px' class='hr hr-invisible   avia-builder-el-6  el_after_av_one_full  el_before_av_social_share '><span class='hr-inner ' ><span class='hr-inner-style'><\/span><\/span><\/div><\/p>\n<div  class='av-social-sharing-box  avia-builder-el-7  el_after_av_hr  el_before_av_hr  '><div class='av-share-box'><h5 class='av-share-link-description av-no-toc '>Compartir esta noticia<\/h5><ul class='av-share-box-list noLightbox'><li class='av-share-link av-social-link-facebook' ><a target=\"_blank\" aria-label=\"Compartir en Facebook\" href='https:\/\/www.facebook.com\/sharer.php?u=https:\/\/radiorevelacionfm.cl\/?p=23373&#038;t=General%20Hugo%20Zenteno%2C%20jefe%20de%20la%20XI%20zona%20de%20Carabineros%20Ays%C3%A9n%20se%20acoge%20a%20retiro' aria-hidden='false' data-av_icon='\ue8f3' data-av_iconfont='entypo-fontello' title='' data-avia-related-tooltip='Compartir en Facebook' rel=\"noopener\"><span class='avia_hidden_link_text'>Compartir en Facebook<\/span><\/a><\/li><li class='av-share-link av-social-link-twitter' ><a target=\"_blank\" aria-label=\"Compartir en Twitter\" href='https:\/\/twitter.com\/share?text=General%20Hugo%20Zenteno%2C%20jefe%20de%20la%20XI%20zona%20de%20Carabineros%20Ays%C3%A9n%20se%20acoge%20a%20retiro&#038;url=https:\/\/radiorevelacionfm.cl\/?p=23373' aria-hidden='false' data-av_icon='\ue8f1' data-av_iconfont='entypo-fontello' title='' data-avia-related-tooltip='Compartir en Twitter' rel=\"noopener\"><span class='avia_hidden_link_text'>Compartir en Twitter<\/span><\/a><\/li><li class='av-share-link av-social-link-whatsapp' ><a target=\"_blank\" aria-label=\"Compartir en Whatsapp\" href='https:\/\/api.whatsapp.com\/send?text=https:\/\/radiorevelacionfm.cl\/?p=23373' aria-hidden='false' data-av_icon='\uf232' data-av_iconfont='entypo-fontello' title='' data-avia-related-tooltip='Compartir en Whatsapp' rel=\"noopener\"><span class='avia_hidden_link_text'>Compartir en Whatsapp<\/span><\/a><\/li><li class='av-share-link av-social-link-linkedin' ><a target=\"_blank\" aria-label=\"Compartir en LinkedIn\" href='https:\/\/linkedin.com\/shareArticle?mini=true&#038;title=General%20Hugo%20Zenteno%2C%20jefe%20de%20la%20XI%20zona%20de%20Carabineros%20Ays%C3%A9n%20se%20acoge%20a%20retiro&#038;url=https:\/\/radiorevelacionfm.cl\/?p=23373' aria-hidden='false' data-av_icon='\ue8fc' data-av_iconfont='entypo-fontello' title='' data-avia-related-tooltip='Compartir en LinkedIn' rel=\"noopener\"><span class='avia_hidden_link_text'>Compartir en LinkedIn<\/span><\/a><\/li><li class='av-share-link av-social-link-mail' ><a  aria-label=\"Compartir por correo\" href='mailto:?subject=General%20Hugo%20Zenteno%2C%20jefe%20de%20la%20XI%20zona%20de%20Carabineros%20Ays%C3%A9n%20se%20acoge%20a%20retiro&#038;body=https:\/\/radiorevelacionfm.cl\/?p=23373' aria-hidden='false' data-av_icon='\ue805' data-av_iconfont='entypo-fontello' title='' data-avia-related-tooltip='Compartir por correo'><span class='avia_hidden_link_text'>Compartir por correo<\/span><\/a><\/li><\/ul><\/div><\/div>\n<div  style='height:50px' class='hr hr-invisible   avia-builder-el-8  el_after_av_social_share  el_before_av_comments_list '><span class='hr-inner ' ><span class='hr-inner-style'><\/span><\/span><\/div>\n<div  class='av-buildercomment  av-blog-meta-html-info-disabled av-blog-meta-tag-disabled  '><\/div>\n","protected":false},"excerpt":{"rendered":"","protected":false},"author":1,"featured_media":23374,"comment_status":"open","ping_status":"open","sticky":false,"template":"","format":"standard","meta":{"footnotes":""},"categories":[36],"tags":[],"class_list":["post-23373","post","type-post","status-publish","format-standard","has-post-thumbnail","hentry","category-policial"],"jetpack_featured_media_url":"https:\/\/radiorevelacionfm.cl\/wp-content\/uploads\/2022\/10\/ronda-1-1_optimized-1.jpg","_links":{"self":[{"href":"https:\/\/radiorevelacionfm.cl\/index.php?rest_route=\/wp\/v2\/posts\/23373","targetHints":{"allow":["GET"]}}],"collection":[{"href":"https:\/\/radiorevelacionfm.cl\/index.php?rest_route=\/wp\/v2\/posts"}],"about":[{"href":"https:\/\/radiorevelacionfm.cl\/index.php?rest_route=\/wp\/v2\/types\/post"}],"author":[{"embeddable":true,"href":"https:\/\/radiorevelacionfm.cl\/index.php?rest_route=\/wp\/v2\/users\/1"}],"replies":[{"embeddable":true,"href":"https:\/\/radiorevelacionfm.cl\/index.php?rest_route=%2Fwp%2Fv2%2Fcomments&post=23373"}],"version-history":[{"count":2,"href":"https:\/\/radiorevelacionfm.cl\/index.php?rest_route=\/wp\/v2\/posts\/23373\/revisions"}],"predecessor-version":[{"id":23379,"href":"https:\/\/radiorevelacionfm.cl\/index.php?rest_route=\/wp\/v2\/posts\/23373\/revisions\/23379"}],"wp:featuredmedia":[{"embeddable":true,"href":"https:\/\/radiorevelacionfm.cl\/index.php?rest_route=\/wp\/v2\/media\/23374"}],"wp:attachment":[{"href":"https:\/\/radiorevelacionfm.cl\/index.php?rest_route=%2Fwp%2Fv2%2Fmedia&parent=23373"}],"wp:term":[{"taxonomy":"category","embeddable":true,"href":"https:\/\/radiorevelacionfm.cl\/index.php?rest_route=%2Fwp%2Fv2%2Fcategories&post=23373"},{"taxonomy":"post_tag","embeddable":true,"href":"https:\/\/radiorevelacionfm.cl\/index.php?rest_route=%2Fwp%2Fv2%2Ftags&post=23373"}],"curies":[{"name":"wp","href":"https:\/\/api.w.org\/{rel}","templated":true}]}}