{"id":23369,"date":"2022-10-23T15:35:19","date_gmt":"2022-10-23T18:35:19","guid":{"rendered":"https:\/\/radiorevelacionfm.cl\/?p=23369"},"modified":"2022-10-23T15:35:19","modified_gmt":"2022-10-23T18:35:19","slug":"subsecretario-de-transportes-anuncia-preparacion-de-plan-de-verano-para-la-ruta-bimodal-entre-hornopiren-y-chaiten","status":"publish","type":"post","link":"https:\/\/radiorevelacionfm.cl\/?p=23369","title":{"rendered":"Subsecretario de Transportes anuncia preparaci\u00f3n de plan de verano para la ruta bimodal entre Hornopir\u00e9n y Chait\u00e9n"},"content":{"rendered":"<div class=\"flex_column av_one_full  flex_column_div av-zero-column-padding first  avia-builder-el-0  el_before_av_one_full  avia-builder-el-first  \" style='border-radius:0px; '><div  class='avia-image-container  av-styling-    avia-builder-el-1  avia-builder-el-no-sibling  avia-align-center '  itemprop=\"image\" itemscope=\"itemscope\" itemtype=\"https:\/\/schema.org\/ImageObject\"  ><div class='avia-image-container-inner'><div class='avia-image-overlay-wrap'><img decoding=\"async\" class='wp-image-23370 avia-img-lazy-loading-not-23370 avia_image' src=\"https:\/\/radiorevelacionfm.cl\/wp-content\/uploads\/2022\/10\/img_20221022_132344-1_optimized.jpg\" alt='' title='img_20221022_132344-(1)_optimized' height=\"600\" width=\"797\"  itemprop=\"thumbnailUrl\" srcset=\"https:\/\/radiorevelacionfm.cl\/wp-content\/uploads\/2022\/10\/img_20221022_132344-1_optimized.jpg 797w, https:\/\/radiorevelacionfm.cl\/wp-content\/uploads\/2022\/10\/img_20221022_132344-1_optimized-300x226.jpg 300w, https:\/\/radiorevelacionfm.cl\/wp-content\/uploads\/2022\/10\/img_20221022_132344-1_optimized-768x578.jpg 768w, https:\/\/radiorevelacionfm.cl\/wp-content\/uploads\/2022\/10\/img_20221022_132344-1_optimized-705x531.jpg 705w, https:\/\/radiorevelacionfm.cl\/wp-content\/uploads\/2022\/10\/img_20221022_132344-1_optimized-600x452.jpg 600w\" sizes=\"(max-width: 797px) 100vw, 797px\" \/><\/div><\/div><\/div><\/div><div class=\"flex_column av_one_full  flex_column_div av-zero-column-padding first  avia-builder-el-2  el_after_av_one_full  el_before_av_one_full  column-top-margin\" style='border-radius:0px; '><section class=\"av_textblock_section \"  itemscope=\"itemscope\" itemtype=\"https:\/\/schema.org\/BlogPosting\" itemprop=\"blogPost\" ><div class='avia_textblock  '   itemprop=\"text\" ><p style=\"text-align: center;\"><span style=\"font-size: 18pt;\"><b>Subsecretario de Transportes anuncia preparaci\u00f3n de plan de verano para la ruta bimodal entre Hornopir\u00e9n y Chait\u00e9n<\/b><\/span><\/p>\n<div id=\"gtx-trans\" style=\"position: absolute; left: -50px; top: 4.31534px;\">\n<div class=\"gtx-trans-icon\"><\/div>\n<\/div>\n<\/div><\/section><\/div><div class=\"flex_column av_one_full  flex_column_div av-zero-column-padding first  avia-builder-el-4  el_after_av_one_full  el_before_av_hr  column-top-margin\" style='border-radius:0px; '><section class=\"av_textblock_section \"  itemscope=\"itemscope\" itemtype=\"https:\/\/schema.org\/BlogPosting\" itemprop=\"blogPost\" ><div class='avia_textblock  '   itemprop=\"text\" ><p style=\"text-align: justify;\"><span style=\"font-weight: 400;\">A dos meses del inicio de la temporada veraniega, el Subsecretario de Transportes, Crist\u00f3bal Pineda, encabez\u00f3 la inauguraci\u00f3n de una mesa de trabajo interinstitucional para garantizar el correcto funcionamiento de la ruta 7 en su tramo mar\u00edtimo-terrestre entre Hornopir\u00e9n y Chait\u00e9n, tambi\u00e9n conocido como ruta bimodal. La instancia cont\u00f3 con la participaci\u00f3n de los gobernadores de Los Lagos, Patricio Vallesp\u00edn, y Ays\u00e9n, Andrea Mac\u00edas, adem\u00e1s de representantes del MOP, Sernatur, delegaciones presidenciales regionales y provinciales, municipios y parlamentarios de ambas regiones.\u00a0<\/span><\/p>\n<p style=\"text-align: justify;\"><span style=\"font-weight: 400;\">\u201cDurante el verano pasado vimos muchos problemas en esa ruta, particularmente suscitado por el turismo que se genera en la zona y que, ciertamente, genera puestos de trabajo y una mejor econom\u00eda para estas dos regiones, pero tenemos que afrontar eso con responsabilidad, con tiempos y con propuestas. Por eso hemos dado inicio a esta mesa, para que todos en conjunto podamos colaborar y tomar ciertas acciones de aqu\u00ed a enero que nos permitan afrontar la \u00e9poca estival y prepararnos para esa venida de turistas\u201d, destac\u00f3 el subsecretario de Transportes, Crist\u00f3bal Pineda.\u00a0\u00a0<\/span><\/p>\n<p style=\"text-align: justify;\"><span style=\"font-weight: 400;\">La ruta bimodal, en su tramo mar\u00edtimo, es operada por un servicio de barcazas subsidiado por el Ministerio de Transportes y Telecomunicaciones (MTT). Seg\u00fan datos del MTT, en enero y febrero de 2022 se produjo un aumento de un 15% en el volumen de veh\u00edculos que se trasladaron en las barcazas que cubren este tramo, en comparaci\u00f3n con igual periodo de 2019. Esta cifra no contempla aquellos veh\u00edculos cuyos conductores no compraron sus tickets con anticipaci\u00f3n y, por lo tanto, no lograron embarcar. Esto provoc\u00f3 congesti\u00f3n en las rampas de acceso a las barcazas y largas esperas.<\/span><\/p>\n<p style=\"text-align: justify;\"><span style=\"font-weight: 400;\">Con el objetivo de prevenir que estas escenas se repitan durante el verano que se avecina, la mesa t\u00e9cnica trabajar\u00e1 en la identificaci\u00f3n de medidas para mejorar la operaci\u00f3n de la ruta en el corto plazo y en un protocolo de acci\u00f3n frente a contingencias. El subsecretario Pineda precis\u00f3 que la mesa abordar\u00e1 cinco \u00e1mbitos: aumento de la capacidad del transporte de veh\u00edculos, conectividad para residentes de la zona, difusi\u00f3n sobre el funcionamiento de la ruta bimodal y servicios asociados, infraestructura portuaria y ordenamiento de la operaci\u00f3n de la ruta en temas como gesti\u00f3n de tr\u00e1nsito y horarios.<\/span><\/p>\n<p style=\"text-align: justify;\"><span style=\"font-weight: 400;\">La gobernadora de Ays\u00e9n, Andrea Mac\u00edas, valor\u00f3 la instancia de trabajo y destac\u00f3 que<\/span> <span style=\"font-weight: 400;\">\u201cnos ha permitido profundizar el diagn\u00f3stico, pero adem\u00e1s asumir el compromiso de realizar una serie de acciones que vamos a ir trabajando para que a fines de noviembre ambas regiones tengamos claridad respecto de c\u00f3mo vamos a abordar esta crisis que se nos present\u00f3 en el a\u00f1o anterior y que esperamos que en esta oportunidad que todas las personas que vienen desde la Regi\u00f3n de Los Lagos hacia la Regi\u00f3n de Ays\u00e9n haciendo uso de esta ruta bimodal no enfrenten las situaciones adversas que tuvimos\u201d<\/span><\/p>\n<p style=\"text-align: justify;\"><span style=\"font-weight: 400;\">Por su parte, el gobernador de Los Lagos, Patricio Vallesp\u00edn, afirm\u00f3 que \u201cel colapso del sistema de conectividad del verano pasado no puede volver a repetirse. Se lo planteamos con claridad al Ministerio de Transportes y vemos que hoy el Ministro y el Subsecretario, conscientes de ese tema abren este espacio de conversaci\u00f3n entre las regiones y el nivel nacional para poder concordar las mejores acciones\u201d.<\/span><\/p>\n<p style=\"text-align: justify;\"><span style=\"font-weight: 400;\">El Delegado Presidencial Regional de Ays\u00e9n, Rodrigo Araya, destac\u00f3 que este proceso de trabajo conjunto contribuir\u00e1 al fortalecimiento de la conectividad entre las regiones de Los Lagos y Ays\u00e9n.\u00a0 \u201cEs un tema que ha sido muy relevante en los \u00faltimos a\u00f1os y por eso hemos convocado a esta regi\u00f3n a participar a delegaciones de la regi\u00f3n vecina, Los Lagos, para justamente hablar de la Ruta Bimodal, con los seremis de Transportes y de Obras P\u00fablicas, la Delegaci\u00f3n Regional de Los Lagos y \u00e9sta tambi\u00e9n, para ver c\u00f3mo mejoramos esa conectividad, c\u00f3mo nos preparamos para la temporada de mayor tr\u00e1nsito que tenemos en el periodo estival y c\u00f3mo resolvemos a largo plazo nuestros desaf\u00edos futuros\u201d, indic\u00f3.<\/span><\/p>\n<p style=\"text-align: justify;\"><span style=\"font-weight: 400;\">La delegada presidencial regional de Los Lagos, Giovanna Moreira, destac\u00f3 la inclusi\u00f3n de medidas de seguridad en el plan. \u201cAc\u00e1 hay un elemento fundamental que lo conversamos en la mesa, que es dotar de seguridad a las propuestas que se levanten. Estos tramos de transporte tienen que estar dotados de seguridad y tiene que haber un rol activo de parte de nuestras polic\u00edas, tanto mar\u00edtima como Carabineros de Chile, y eso es algo que como delegaciones presidenciales regionales vamos a poner sobre la mesa\u201d, se\u00f1al\u00f3.<\/span><\/p>\n<p style=\"text-align: justify;\"><span style=\"font-weight: 400;\">La mesa t\u00e9cnica tendr\u00e1 tres jornadas de trabajo durante noviembre y su trabajo de corto plazo finalizar\u00e1 con la presentaci\u00f3n de una propuesta a finales de ese mes. El Subsecretario Pineda afirm\u00f3 su confianza en que esta mesa sea el punto de partida para un trabajo colaborativo de largo aliento que permita mejorar la conectividad en la zona austral.<\/span><\/p>\n<\/div><\/section><\/div><div  style='height:50px' class='hr hr-invisible   avia-builder-el-6  el_after_av_one_full  el_before_av_social_share '><span class='hr-inner ' ><span class='hr-inner-style'><\/span><\/span><\/div><\/p>\n<div  class='av-social-sharing-box  avia-builder-el-7  el_after_av_hr  el_before_av_hr  '><div class='av-share-box'><h5 class='av-share-link-description av-no-toc '>Compartir esta noticia<\/h5><ul class='av-share-box-list noLightbox'><li class='av-share-link av-social-link-facebook' ><a target=\"_blank\" aria-label=\"Compartir en Facebook\" href='https:\/\/www.facebook.com\/sharer.php?u=https:\/\/radiorevelacionfm.cl\/?p=23369&#038;t=Subsecretario%20de%20Transportes%20anuncia%20preparaci%C3%B3n%20de%20plan%20de%20verano%20para%20la%20ruta%20bimodal%20entre%20Hornopir%C3%A9n%20y%20Chait%C3%A9n' aria-hidden='false' data-av_icon='\ue8f3' data-av_iconfont='entypo-fontello' title='' data-avia-related-tooltip='Compartir en Facebook' rel=\"noopener\"><span class='avia_hidden_link_text'>Compartir en Facebook<\/span><\/a><\/li><li class='av-share-link av-social-link-twitter' ><a target=\"_blank\" aria-label=\"Compartir en Twitter\" href='https:\/\/twitter.com\/share?text=Subsecretario%20de%20Transportes%20anuncia%20preparaci%C3%B3n%20de%20plan%20de%20verano%20para%20la%20ruta%20bimodal%20entre%20Hornopir%C3%A9n%20y%20Chait%C3%A9n&#038;url=https:\/\/radiorevelacionfm.cl\/?p=23369' aria-hidden='false' data-av_icon='\ue8f1' data-av_iconfont='entypo-fontello' title='' data-avia-related-tooltip='Compartir en Twitter' rel=\"noopener\"><span class='avia_hidden_link_text'>Compartir en Twitter<\/span><\/a><\/li><li class='av-share-link av-social-link-whatsapp' ><a target=\"_blank\" aria-label=\"Compartir en Whatsapp\" href='https:\/\/api.whatsapp.com\/send?text=https:\/\/radiorevelacionfm.cl\/?p=23369' aria-hidden='false' data-av_icon='\uf232' data-av_iconfont='entypo-fontello' title='' data-avia-related-tooltip='Compartir en Whatsapp' rel=\"noopener\"><span class='avia_hidden_link_text'>Compartir en Whatsapp<\/span><\/a><\/li><li class='av-share-link av-social-link-linkedin' ><a target=\"_blank\" aria-label=\"Compartir en LinkedIn\" href='https:\/\/linkedin.com\/shareArticle?mini=true&#038;title=Subsecretario%20de%20Transportes%20anuncia%20preparaci%C3%B3n%20de%20plan%20de%20verano%20para%20la%20ruta%20bimodal%20entre%20Hornopir%C3%A9n%20y%20Chait%C3%A9n&#038;url=https:\/\/radiorevelacionfm.cl\/?p=23369' aria-hidden='false' data-av_icon='\ue8fc' data-av_iconfont='entypo-fontello' title='' data-avia-related-tooltip='Compartir en LinkedIn' rel=\"noopener\"><span class='avia_hidden_link_text'>Compartir en LinkedIn<\/span><\/a><\/li><li class='av-share-link av-social-link-mail' ><a  aria-label=\"Compartir por correo\" href='mailto:?subject=Subsecretario%20de%20Transportes%20anuncia%20preparaci%C3%B3n%20de%20plan%20de%20verano%20para%20la%20ruta%20bimodal%20entre%20Hornopir%C3%A9n%20y%20Chait%C3%A9n&#038;body=https:\/\/radiorevelacionfm.cl\/?p=23369' aria-hidden='false' data-av_icon='\ue805' data-av_iconfont='entypo-fontello' title='' data-avia-related-tooltip='Compartir por correo'><span class='avia_hidden_link_text'>Compartir por correo<\/span><\/a><\/li><\/ul><\/div><\/div>\n<div  style='height:50px' class='hr hr-invisible   avia-builder-el-8  el_after_av_social_share  el_before_av_comments_list '><span class='hr-inner ' ><span class='hr-inner-style'><\/span><\/span><\/div>\n<div  class='av-buildercomment  av-blog-meta-html-info-disabled av-blog-meta-tag-disabled  '><\/div>\n","protected":false},"excerpt":{"rendered":"","protected":false},"author":1,"featured_media":23370,"comment_status":"open","ping_status":"open","sticky":false,"template":"","format":"standard","meta":{"footnotes":""},"categories":[59],"tags":[],"class_list":["post-23369","post","type-post","status-publish","format-standard","has-post-thumbnail","hentry","category-transporte"],"jetpack_featured_media_url":"https:\/\/radiorevelacionfm.cl\/wp-content\/uploads\/2022\/10\/img_20221022_132344-1_optimized.jpg","_links":{"self":[{"href":"https:\/\/radiorevelacionfm.cl\/index.php?rest_route=\/wp\/v2\/posts\/23369","targetHints":{"allow":["GET"]}}],"collection":[{"href":"https:\/\/radiorevelacionfm.cl\/index.php?rest_route=\/wp\/v2\/posts"}],"about":[{"href":"https:\/\/radiorevelacionfm.cl\/index.php?rest_route=\/wp\/v2\/types\/post"}],"author":[{"embeddable":true,"href":"https:\/\/radiorevelacionfm.cl\/index.php?rest_route=\/wp\/v2\/users\/1"}],"replies":[{"embeddable":true,"href":"https:\/\/radiorevelacionfm.cl\/index.php?rest_route=%2Fwp%2Fv2%2Fcomments&post=23369"}],"version-history":[{"count":2,"href":"https:\/\/radiorevelacionfm.cl\/index.php?rest_route=\/wp\/v2\/posts\/23369\/revisions"}],"predecessor-version":[{"id":23372,"href":"https:\/\/radiorevelacionfm.cl\/index.php?rest_route=\/wp\/v2\/posts\/23369\/revisions\/23372"}],"wp:featuredmedia":[{"embeddable":true,"href":"https:\/\/radiorevelacionfm.cl\/index.php?rest_route=\/wp\/v2\/media\/23370"}],"wp:attachment":[{"href":"https:\/\/radiorevelacionfm.cl\/index.php?rest_route=%2Fwp%2Fv2%2Fmedia&parent=23369"}],"wp:term":[{"taxonomy":"category","embeddable":true,"href":"https:\/\/radiorevelacionfm.cl\/index.php?rest_route=%2Fwp%2Fv2%2Fcategories&post=23369"},{"taxonomy":"post_tag","embeddable":true,"href":"https:\/\/radiorevelacionfm.cl\/index.php?rest_route=%2Fwp%2Fv2%2Ftags&post=23369"}],"curies":[{"name":"wp","href":"https:\/\/api.w.org\/{rel}","templated":true}]}}