{"id":23365,"date":"2022-10-23T15:01:05","date_gmt":"2022-10-23T18:01:05","guid":{"rendered":"https:\/\/radiorevelacionfm.cl\/?p=23365"},"modified":"2022-10-23T15:01:05","modified_gmt":"2022-10-23T18:01:05","slug":"familias-del-campamento-las-quilas-celebraron-el-inicio-de-la-habilitacion-del-terreno-para-su-futuro-conjunto-habitacional","status":"publish","type":"post","link":"https:\/\/radiorevelacionfm.cl\/?p=23365","title":{"rendered":"Familias del Campamento Las Quilas celebraron el inicio de la habilitaci\u00f3n del terreno para su futuro conjunto habitacional"},"content":{"rendered":"<div class=\"flex_column av_one_full  flex_column_div av-zero-column-padding first  avia-builder-el-0  el_before_av_one_full  avia-builder-el-first  \" style='border-radius:0px; '><div  class='avia-image-container  av-styling-    avia-builder-el-1  avia-builder-el-no-sibling  avia-align-center '  itemprop=\"image\" itemscope=\"itemscope\" itemtype=\"https:\/\/schema.org\/ImageObject\"  ><div class='avia-image-container-inner'><div class='avia-image-overlay-wrap'><img decoding=\"async\" class='wp-image-23366 avia-img-lazy-loading-not-23366 avia_image' src=\"https:\/\/radiorevelacionfm.cl\/wp-content\/uploads\/2022\/10\/autoridades-y-familias-1_optimized.jpg\" alt='' title='autoridades-y-familias-(1)_optimized' height=\"600\" width=\"901\"  itemprop=\"thumbnailUrl\" srcset=\"https:\/\/radiorevelacionfm.cl\/wp-content\/uploads\/2022\/10\/autoridades-y-familias-1_optimized.jpg 901w, https:\/\/radiorevelacionfm.cl\/wp-content\/uploads\/2022\/10\/autoridades-y-familias-1_optimized-300x200.jpg 300w, https:\/\/radiorevelacionfm.cl\/wp-content\/uploads\/2022\/10\/autoridades-y-familias-1_optimized-768x511.jpg 768w, https:\/\/radiorevelacionfm.cl\/wp-content\/uploads\/2022\/10\/autoridades-y-familias-1_optimized-705x469.jpg 705w, https:\/\/radiorevelacionfm.cl\/wp-content\/uploads\/2022\/10\/autoridades-y-familias-1_optimized-600x400.jpg 600w\" sizes=\"(max-width: 901px) 100vw, 901px\" \/><\/div><\/div><\/div><\/div><div class=\"flex_column av_one_full  flex_column_div av-zero-column-padding first  avia-builder-el-2  el_after_av_one_full  el_before_av_one_full  column-top-margin\" style='border-radius:0px; '><section class=\"av_textblock_section \"  itemscope=\"itemscope\" itemtype=\"https:\/\/schema.org\/BlogPosting\" itemprop=\"blogPost\" ><div class='avia_textblock  '   itemprop=\"text\" ><p style=\"text-align: center;\"><strong><span style=\"font-size: 18pt;\">Familias del Campamento Las Quilas celebraron el inicio de la habilitaci\u00f3n del terreno para su futuro conjunto habitacional<\/span><\/strong><\/p>\n<div id=\"gtx-trans\" style=\"position: absolute; left: -50px; top: 4.31534px;\">\n<div class=\"gtx-trans-icon\"><\/div>\n<\/div>\n<\/div><\/section><\/div><div class=\"flex_column av_one_full  flex_column_div av-zero-column-padding first  avia-builder-el-4  el_after_av_one_full  el_before_av_hr  column-top-margin\" style='border-radius:0px; '><section class=\"av_textblock_section \"  itemscope=\"itemscope\" itemtype=\"https:\/\/schema.org\/BlogPosting\" itemprop=\"blogPost\" ><div class='avia_textblock  '   itemprop=\"text\" ><p style=\"text-align: justify;\">Con mucha alegr\u00eda y optimismo de parte de vecinos y autoridades se vivi\u00f3 este s\u00e1bado la ceremonia en que el Serviu regional hizo entrega simb\u00f3lica de terreno para que la empresa de Ra\u00fal Torres Hurtado inicie los trabajos de habilitaci\u00f3n del lote 1B-1 del sector Ribera Sur de Puerto Ays\u00e9n, donde a futuro se construir\u00e1n las soluciones habitacionales para 68 familias, la mayor\u00eda de ellas pertenecientes al campamento Las Quilas, uno de los m\u00e1s antiguos de la regi\u00f3n.<\/p>\n<p style=\"text-align: justify;\">Con el marco de un hermoso d\u00eda de sol las autoridades, dirigentes y empresa firmaron las actas que permiten poner en marcha esta primera etapa del proyecto que es impulsado y financiado por el Programa de Asentamientos Precarios del Ministerio de Vivienda y Urbanismo, con m\u00e1s de 2 mil 600 millones de pesos, el cual beneficiar\u00e1 a 29 familias del comit\u00e9 \u201cSonriendo al Futuro\u201d,\u00a0 25 del comit\u00e9 \u201cFamilias en Toma\u201d y 14 casos especiales que recibieron subsidios a trav\u00e9s de asignaciones directas para formar parte de este gran proyecto habitacional.<\/p>\n<p style=\"text-align: justify;\">Al finalizar la actividad, que fue amenizada por la Banda Instrumental de Carabineros de Puerto Ays\u00e9n, la Seremi de Vivienda, Paulina Ruz, expres\u00f3 su\u00a0 emoci\u00f3n al ver que se empieza a materializar este gran proyecto, que tuvo su inicio en los\u00a0 a\u00f1os 2015 y 2016. \u201cComo Ministerio de Vivienda estamos orgullosos y comprometidos con las familias de poder seguir llevando este tipo de proyectos que finalmente se concretan en el sue\u00f1o de la casa propia. Y que mejor que mostrar a trav\u00e9s de las gestiones que realmente se est\u00e1 haciendo el trabajo, donde ya comenzamos con la solemnidad de la firma para la entrega de terreno, los trabajos ya se est\u00e1n iniciando y van a durar 240 d\u00edas con un monto de m\u00e1s de 2 mil millones de pesos. Nosotros seguimos comprometidos, porque se quema una etapa y empieza otra y vamos a acompa\u00f1ar a los comit\u00e9s hasta que obtengan su vivienda definitiva\u201d, asegur\u00f3.<\/p>\n<p style=\"text-align: justify;\">Tambi\u00e9n la presidenta del comit\u00e9 \u201cSonriendo al Futuro\u201d, Liliana Pe\u00f1a, expres\u00f3 su felicidad al ver\u00a0 como siguen avanzando hacia el gran sue\u00f1o de obtener su casa propia. \u201cAlegr\u00eda porque mal que mal cuando uno tiene su familia tener la casita propia es el sue\u00f1o de todos, todos anhelamos eso. A veces es a largo plazo, eso s\u00ed, cuesta un poquito la espera, pero vale la pena, as\u00ed que estamos felices los socios porque esto ya tom\u00f3 buen rumbo, como se puede decir. Estuvimos atascados un tiempo y eso frustra un poco, pero uno sabe que los tiempos hay que esperarlos y ahora viendo las m\u00e1quinas trabajar ac\u00e1 ya es un tremendo alivio y pensar que unos dos a\u00f1os m\u00e1s vamos a estar viviendo aqu\u00ed nos tiene felices y contentos\u201d, indic\u00f3.<\/p>\n<p style=\"text-align: justify;\">Por su parte la presidenta del comit\u00e9 \u201cFamilias en Toma\u201d, Sara Valdivia, agradeci\u00f3 a todas las autoridades, personas y\u00a0 organizaciones que en el transcurso de los a\u00f1os han permitido ir construyendo un sue\u00f1o que hoy se empieza a hacer realidad. \u201cAgradecer a\u00a0 todos los que han participado en esto, porque esto es un hito, estamos limpiando algo que estaba muy oscuro ac\u00e1 y gracias a un trabajo de siete a\u00f1os hoy se lleva a cabo algo que muchos dec\u00edan que nunca se iba a hacer, pero trabajando entre el Ministerio de Vivienda en Santiago y lo regional, se puede. Con trabajo se puede, sobre todo con el apoyo de ustedes y de mi gente, sobre todo mi gente que siempre ha estado ah\u00ed. Muchas gracias y sigamos trabajando porque estamos reci\u00e9n empezando y falta terminar, para lo cual se necesita ir cerrando ciclos\u201d, manifest\u00f3.<\/p>\n<p style=\"text-align: justify;\">La Entidad Patrocinante, que apoya y asesora a ambos comit\u00e9s, es la Municipalidad de Ays\u00e9n, trabajo que fue destacado por el alcalde Julio Uribe, como una motivaci\u00f3n m\u00e1s para seguir apoyando a este grupo de familias y la comunidad en general. \u201cA\u00fan quedan muchas etapas m\u00e1s, pero cada avance es muy importante para seguir afinando el trabajo entre el Municipio, la\u00a0 empresa, el Minvu, el Serviu y todos los que ponen su grano de arena. Reconocer tambi\u00e9n \u00a0el trabajo de los dirigentes, ya que ellos son los que ponen la cara en el d\u00eda a d\u00eda para sacar estos proyectos adelante\u201d, se\u00f1al\u00f3.<\/p>\n<p style=\"text-align: justify;\">Finalmente el Director (S) del Serviu, Eduardo Navarro, destac\u00f3 la perseverancia de las familias y sus dirigentes, lo que sin duda es una gran motivaci\u00f3n para seguir avanzando. \u201cEste comit\u00e9 tiene hartos a\u00f1os desde que se est\u00e1 trabajando y uno de los principales temas era poder conseguir la habilitaci\u00f3n del terreno, que es la obra que estamos entregando ahora. Hoy las dirigentas estaban muy contentas porque este es el primer hito que les da la confianza en que este proyecto se va a seguir ejecutando para cumplir el sue\u00f1o final de ellos, que es la construcci\u00f3n de las viviendas\u201d, precis\u00f3.<\/p>\n<p style=\"text-align: justify;\">La obra de habilitaci\u00f3n de los terrenos para la erradicaci\u00f3n del campamento Las Quilas tiene un plazo de ejecuci\u00f3n de ocho meses, tras lo cual se espera seguir con las etapas siguientes, como es la licitaci\u00f3n para construir las 68 viviendas y la posterior ejecuci\u00f3n de este emblem\u00e1tico proyecto habitacional para la comuna de Ays\u00e9n.<\/p>\n<\/div><\/section><\/div><div  style='height:50px' class='hr hr-invisible   avia-builder-el-6  el_after_av_one_full  el_before_av_social_share '><span class='hr-inner ' ><span class='hr-inner-style'><\/span><\/span><\/div><\/p>\n<div  class='av-social-sharing-box  avia-builder-el-7  el_after_av_hr  el_before_av_hr  '><div class='av-share-box'><h5 class='av-share-link-description av-no-toc '>Compartir esta noticia<\/h5><ul class='av-share-box-list noLightbox'><li class='av-share-link av-social-link-facebook' ><a target=\"_blank\" aria-label=\"Compartir en Facebook\" href='https:\/\/www.facebook.com\/sharer.php?u=https:\/\/radiorevelacionfm.cl\/?p=23365&#038;t=Familias%20del%20Campamento%20Las%20Quilas%20celebraron%20el%20inicio%20de%20la%20habilitaci%C3%B3n%20del%20terreno%20para%20su%20futuro%20conjunto%20habitacional' aria-hidden='false' data-av_icon='\ue8f3' data-av_iconfont='entypo-fontello' title='' data-avia-related-tooltip='Compartir en Facebook' rel=\"noopener\"><span class='avia_hidden_link_text'>Compartir en Facebook<\/span><\/a><\/li><li class='av-share-link av-social-link-twitter' ><a target=\"_blank\" aria-label=\"Compartir en Twitter\" href='https:\/\/twitter.com\/share?text=Familias%20del%20Campamento%20Las%20Quilas%20celebraron%20el%20inicio%20de%20la%20habilitaci%C3%B3n%20del%20terreno%20para%20su%20futuro%20conjunto%20habitacional&#038;url=https:\/\/radiorevelacionfm.cl\/?p=23365' aria-hidden='false' data-av_icon='\ue8f1' data-av_iconfont='entypo-fontello' title='' data-avia-related-tooltip='Compartir en Twitter' rel=\"noopener\"><span class='avia_hidden_link_text'>Compartir en Twitter<\/span><\/a><\/li><li class='av-share-link av-social-link-whatsapp' ><a target=\"_blank\" aria-label=\"Compartir en Whatsapp\" href='https:\/\/api.whatsapp.com\/send?text=https:\/\/radiorevelacionfm.cl\/?p=23365' aria-hidden='false' data-av_icon='\uf232' data-av_iconfont='entypo-fontello' title='' data-avia-related-tooltip='Compartir en Whatsapp' rel=\"noopener\"><span class='avia_hidden_link_text'>Compartir en Whatsapp<\/span><\/a><\/li><li class='av-share-link av-social-link-linkedin' ><a target=\"_blank\" aria-label=\"Compartir en LinkedIn\" href='https:\/\/linkedin.com\/shareArticle?mini=true&#038;title=Familias%20del%20Campamento%20Las%20Quilas%20celebraron%20el%20inicio%20de%20la%20habilitaci%C3%B3n%20del%20terreno%20para%20su%20futuro%20conjunto%20habitacional&#038;url=https:\/\/radiorevelacionfm.cl\/?p=23365' aria-hidden='false' data-av_icon='\ue8fc' data-av_iconfont='entypo-fontello' title='' data-avia-related-tooltip='Compartir en LinkedIn' rel=\"noopener\"><span class='avia_hidden_link_text'>Compartir en LinkedIn<\/span><\/a><\/li><li class='av-share-link av-social-link-mail' ><a  aria-label=\"Compartir por correo\" href='mailto:?subject=Familias%20del%20Campamento%20Las%20Quilas%20celebraron%20el%20inicio%20de%20la%20habilitaci%C3%B3n%20del%20terreno%20para%20su%20futuro%20conjunto%20habitacional&#038;body=https:\/\/radiorevelacionfm.cl\/?p=23365' aria-hidden='false' data-av_icon='\ue805' data-av_iconfont='entypo-fontello' title='' data-avia-related-tooltip='Compartir por correo'><span class='avia_hidden_link_text'>Compartir por correo<\/span><\/a><\/li><\/ul><\/div><\/div>\n<div  style='height:50px' class='hr hr-invisible   avia-builder-el-8  el_after_av_social_share  el_before_av_comments_list '><span class='hr-inner ' ><span class='hr-inner-style'><\/span><\/span><\/div>\n<div  class='av-buildercomment  av-blog-meta-html-info-disabled av-blog-meta-tag-disabled  '><\/div>\n","protected":false},"excerpt":{"rendered":"","protected":false},"author":1,"featured_media":23366,"comment_status":"open","ping_status":"open","sticky":false,"template":"","format":"standard","meta":{"footnotes":""},"categories":[57],"tags":[],"class_list":["post-23365","post","type-post","status-publish","format-standard","has-post-thumbnail","hentry","category-vivienda"],"jetpack_featured_media_url":"https:\/\/radiorevelacionfm.cl\/wp-content\/uploads\/2022\/10\/autoridades-y-familias-1_optimized.jpg","_links":{"self":[{"href":"https:\/\/radiorevelacionfm.cl\/index.php?rest_route=\/wp\/v2\/posts\/23365","targetHints":{"allow":["GET"]}}],"collection":[{"href":"https:\/\/radiorevelacionfm.cl\/index.php?rest_route=\/wp\/v2\/posts"}],"about":[{"href":"https:\/\/radiorevelacionfm.cl\/index.php?rest_route=\/wp\/v2\/types\/post"}],"author":[{"embeddable":true,"href":"https:\/\/radiorevelacionfm.cl\/index.php?rest_route=\/wp\/v2\/users\/1"}],"replies":[{"embeddable":true,"href":"https:\/\/radiorevelacionfm.cl\/index.php?rest_route=%2Fwp%2Fv2%2Fcomments&post=23365"}],"version-history":[{"count":2,"href":"https:\/\/radiorevelacionfm.cl\/index.php?rest_route=\/wp\/v2\/posts\/23365\/revisions"}],"predecessor-version":[{"id":23368,"href":"https:\/\/radiorevelacionfm.cl\/index.php?rest_route=\/wp\/v2\/posts\/23365\/revisions\/23368"}],"wp:featuredmedia":[{"embeddable":true,"href":"https:\/\/radiorevelacionfm.cl\/index.php?rest_route=\/wp\/v2\/media\/23366"}],"wp:attachment":[{"href":"https:\/\/radiorevelacionfm.cl\/index.php?rest_route=%2Fwp%2Fv2%2Fmedia&parent=23365"}],"wp:term":[{"taxonomy":"category","embeddable":true,"href":"https:\/\/radiorevelacionfm.cl\/index.php?rest_route=%2Fwp%2Fv2%2Fcategories&post=23365"},{"taxonomy":"post_tag","embeddable":true,"href":"https:\/\/radiorevelacionfm.cl\/index.php?rest_route=%2Fwp%2Fv2%2Ftags&post=23365"}],"curies":[{"name":"wp","href":"https:\/\/api.w.org\/{rel}","templated":true}]}}