{"id":23347,"date":"2022-10-21T19:04:48","date_gmt":"2022-10-21T22:04:48","guid":{"rendered":"https:\/\/radiorevelacionfm.cl\/?p=23347"},"modified":"2022-10-21T19:04:48","modified_gmt":"2022-10-21T22:04:48","slug":"corte-suprema-inaugura-jornadas-de-reflexion-2022-en-la-region-de-aysen","status":"publish","type":"post","link":"https:\/\/radiorevelacionfm.cl\/?p=23347","title":{"rendered":"Corte Suprema inaugura Jornadas de Reflexi\u00f3n 2022 en la regi\u00f3n de Ays\u00e9n"},"content":{"rendered":"<div class=\"flex_column av_one_full  flex_column_div av-zero-column-padding first  avia-builder-el-0  el_before_av_one_full  avia-builder-el-first  \" style='border-radius:0px; '><div  class='avia-image-container  av-styling-    avia-builder-el-1  avia-builder-el-no-sibling  avia-align-center '  itemprop=\"image\" itemscope=\"itemscope\" itemtype=\"https:\/\/schema.org\/ImageObject\"  ><div class='avia-image-container-inner'><div class='avia-image-overlay-wrap'><img decoding=\"async\" class='wp-image-23348 avia-img-lazy-loading-not-23348 avia_image' src=\"https:\/\/radiorevelacionfm.cl\/wp-content\/uploads\/2022\/10\/Foto-002-1-1.jpg\" alt='' title='Foto 002 (1) (1)' height=\"600\" width=\"945\"  itemprop=\"thumbnailUrl\" srcset=\"https:\/\/radiorevelacionfm.cl\/wp-content\/uploads\/2022\/10\/Foto-002-1-1.jpg 945w, https:\/\/radiorevelacionfm.cl\/wp-content\/uploads\/2022\/10\/Foto-002-1-1-300x190.jpg 300w, https:\/\/radiorevelacionfm.cl\/wp-content\/uploads\/2022\/10\/Foto-002-1-1-768x488.jpg 768w, https:\/\/radiorevelacionfm.cl\/wp-content\/uploads\/2022\/10\/Foto-002-1-1-705x448.jpg 705w, https:\/\/radiorevelacionfm.cl\/wp-content\/uploads\/2022\/10\/Foto-002-1-1-600x381.jpg 600w\" sizes=\"(max-width: 945px) 100vw, 945px\" \/><\/div><\/div><\/div><\/div><div class=\"flex_column av_one_full  flex_column_div av-zero-column-padding first  avia-builder-el-2  el_after_av_one_full  el_before_av_one_full  column-top-margin\" style='border-radius:0px; '><section class=\"av_textblock_section \"  itemscope=\"itemscope\" itemtype=\"https:\/\/schema.org\/BlogPosting\" itemprop=\"blogPost\" ><div class='avia_textblock  '   itemprop=\"text\" ><p style=\"text-align: center;\"><strong><span style=\"font-size: 18pt;\">Corte Suprema inaugura Jornadas de Reflexi\u00f3n 2022 en la regi\u00f3n de Ays\u00e9n <\/span><\/strong><\/p>\n<div id=\"gtx-trans\" style=\"position: absolute; left: -50px; top: 4.31534px;\">\n<div class=\"gtx-trans-icon\"><\/div>\n<\/div>\n<\/div><\/section><\/div><div class=\"flex_column av_one_full  flex_column_div av-zero-column-padding first  avia-builder-el-4  el_after_av_one_full  el_before_av_hr  column-top-margin\" style='border-radius:0px; '><section class=\"av_textblock_section \"  itemscope=\"itemscope\" itemtype=\"https:\/\/schema.org\/BlogPosting\" itemprop=\"blogPost\" ><div class='avia_textblock  '   itemprop=\"text\" ><p class=\"v1MsoNormal\" style=\"text-align: justify;\">El presidente de la Corte Suprema, Juan Eduardo Fuentes Belmar, inaugur\u00f3 en la regi\u00f3n de Ays\u00e9n las Jornadas de Reflexi\u00f3n del m\u00e1ximo tribunal, primera actividad presencial de este tipo desde octubre de 2019. En esta edici\u00f3n se analizar\u00e1n tem\u00e1ticas como\u00a0 gobierno judicial,\u00a0 consejo para la magistratura, asuntos de g\u00e9nero y no discriminaci\u00f3n, y justicia\u00a0 ind\u00edgena, entre otras.<\/p>\n<p class=\"v1MsoNormal\" style=\"text-align: justify;\">La inauguraci\u00f3n \u2013 realizada en Puerto Chacabuco la noche de este jueves 20 de octubre- cont\u00f3 con la presencia del presidente del Senado, \u00c1lvaro Elizalde; el presidente de la C\u00e1mara Diputados y Diputadas, Ra\u00fal Soto; la ministra de Justicia y Derechos Humanos, Marcela R\u00edos; el presidente de la Corte de Apelaciones de Coyhaique, Pedro Castro; el alcalde de Puerto Ays\u00e9n, Julio Uribe y otras autoridades regionales.<\/p>\n<p class=\"v1MsoNormal\" style=\"text-align: justify;\">\u00abEs importante convocarse y reunirse a analizar en profundidad y con exclusividad tem\u00e1ticas que son de ineludible reflexi\u00f3n, con el objeto de proyectar l\u00edneas de acci\u00f3n para enfrentar los desaf\u00edos presentes y futuros en direcci\u00f3n de una mejor justicia\u00bb, dijo el presidente Fuentes en la inauguraci\u00f3n.<\/p>\n<p class=\"v1MsoNormal\" style=\"text-align: justify;\">Explic\u00f3 que en los dos a\u00f1os anteriores las jornadas se realizaron en forma telem\u00e1tica y que en esta ocasi\u00f3n \u00ablo hacemos en forma presencial, promoviendo un di\u00e1logo reflexivo, directo y fecundo, d\u00e1ndonos cita en un espacio f\u00edsico especialmente destinado a este intercambio de opiniones, con el prop\u00f3sito de arribar a conclusiones sobre nuestro trabajo futuro. Ello constituye, adem\u00e1s, una se\u00f1al de retorno a una ansiada normalidad que es demandada por todos. Lo anterior, sin perjuicio de que la tecnolog\u00eda nos facilita la conexi\u00f3n remota cuando es necesaria\u00bb.<\/p>\n<p class=\"v1MsoNormal\" style=\"text-align: justify;\">\u00abY en segundo lugar, lo hacemos acerc\u00e1ndonos a los territorios en que se ejerce la jurisdicci\u00f3n, fortaleciendo el v\u00ednculo de la Corte Suprema con sus Cortes de Apelaciones, con los tribunales que dependen de ellas y con los servicios p\u00fablicos relacionados con la justicia en la respectiva localidad\u00bb. Record\u00f3 que coincide con el Trig\u00e9simo Quinto Aniversario de la Corte de Apelaciones de Coyhaique.<\/p>\n<p class=\"v1MsoNormal\" style=\"text-align: justify;\"><b>Trabajo coordinado<\/b><\/p>\n<p class=\"v1MsoNormal\" style=\"text-align: justify;\">El presidente de la Corte Suprema agradeci\u00f3 la presencia de autoridades de los poderes Ejecutivo y Legislativo y asever\u00f3 que \u00abs\u00f3lo el trabajo coordinado, con espacios de di\u00e1logo y colaboraci\u00f3n -que en ning\u00fan caso pueden llegar a afectar la independencia de cada \u00f3rgano en sus funciones- puede asegurar la implementaci\u00f3n de acciones que de manera efectiva promuevan el acceso a la justicia y la adecuada funci\u00f3n jurisdiccional\u00bb.<\/p>\n<p class=\"v1MsoNormal\" style=\"text-align: justify;\">Frente a las tem\u00e1ticas a abordar en estos d\u00edas de trabajo, dijo: \u00abConscientes de nuestro rol en el ordenamiento jur\u00eddico, nos abrimos en estas jornadas a visualizar c\u00f3mo podemos fomentar el acceso, la excelencia y el m\u00e1s pleno desempe\u00f1o de la justicia en el futuro de corto, mediano y largo plazo (&#8230;) Los Consejos de la Magistratura, el trabajo de las salas y la jurisprudencia de la Corte Suprema, la revisi\u00f3n del trabajo de los comit\u00e9s y asuntos g\u00e9nero, la cooperaci\u00f3n legislativa, la justicia ind\u00edgena, y los desaf\u00edos de la Academia Judicial y de la Fiscal\u00eda Judicial, son el tipo de materias sobre las cuales debatiremos\u00bb.<\/p>\n<p class=\"v1MsoNormal\" style=\"text-align: justify;\">Las Jornadas de Reflexi\u00f3n de la Corte Suprema se prolongar\u00e1n hasta el domingo 23 de octubre.<\/p>\n<\/div><\/section><\/div><div  style='height:50px' class='hr hr-invisible   avia-builder-el-6  el_after_av_one_full  el_before_av_social_share '><span class='hr-inner ' ><span class='hr-inner-style'><\/span><\/span><\/div><\/p>\n<div  class='av-social-sharing-box  avia-builder-el-7  el_after_av_hr  el_before_av_hr  '><div class='av-share-box'><h5 class='av-share-link-description av-no-toc '>Compartir esta noticia<\/h5><ul class='av-share-box-list noLightbox'><li class='av-share-link av-social-link-facebook' ><a target=\"_blank\" aria-label=\"Compartir en Facebook\" href='https:\/\/www.facebook.com\/sharer.php?u=https:\/\/radiorevelacionfm.cl\/?p=23347&#038;t=Corte%20Suprema%20inaugura%20Jornadas%20de%20Reflexi%C3%B3n%202022%20en%20la%20regi%C3%B3n%20de%20Ays%C3%A9n' aria-hidden='false' data-av_icon='\ue8f3' data-av_iconfont='entypo-fontello' title='' data-avia-related-tooltip='Compartir en Facebook' rel=\"noopener\"><span class='avia_hidden_link_text'>Compartir en Facebook<\/span><\/a><\/li><li class='av-share-link av-social-link-twitter' ><a target=\"_blank\" aria-label=\"Compartir en Twitter\" href='https:\/\/twitter.com\/share?text=Corte%20Suprema%20inaugura%20Jornadas%20de%20Reflexi%C3%B3n%202022%20en%20la%20regi%C3%B3n%20de%20Ays%C3%A9n&#038;url=https:\/\/radiorevelacionfm.cl\/?p=23347' aria-hidden='false' data-av_icon='\ue8f1' data-av_iconfont='entypo-fontello' title='' data-avia-related-tooltip='Compartir en Twitter' rel=\"noopener\"><span class='avia_hidden_link_text'>Compartir en Twitter<\/span><\/a><\/li><li class='av-share-link av-social-link-whatsapp' ><a target=\"_blank\" aria-label=\"Compartir en Whatsapp\" href='https:\/\/api.whatsapp.com\/send?text=https:\/\/radiorevelacionfm.cl\/?p=23347' aria-hidden='false' data-av_icon='\uf232' data-av_iconfont='entypo-fontello' title='' data-avia-related-tooltip='Compartir en Whatsapp' rel=\"noopener\"><span class='avia_hidden_link_text'>Compartir en Whatsapp<\/span><\/a><\/li><li class='av-share-link av-social-link-linkedin' ><a target=\"_blank\" aria-label=\"Compartir en LinkedIn\" href='https:\/\/linkedin.com\/shareArticle?mini=true&#038;title=Corte%20Suprema%20inaugura%20Jornadas%20de%20Reflexi%C3%B3n%202022%20en%20la%20regi%C3%B3n%20de%20Ays%C3%A9n&#038;url=https:\/\/radiorevelacionfm.cl\/?p=23347' aria-hidden='false' data-av_icon='\ue8fc' data-av_iconfont='entypo-fontello' title='' data-avia-related-tooltip='Compartir en LinkedIn' rel=\"noopener\"><span class='avia_hidden_link_text'>Compartir en LinkedIn<\/span><\/a><\/li><li class='av-share-link av-social-link-mail' ><a  aria-label=\"Compartir por correo\" href='mailto:?subject=Corte%20Suprema%20inaugura%20Jornadas%20de%20Reflexi%C3%B3n%202022%20en%20la%20regi%C3%B3n%20de%20Ays%C3%A9n&#038;body=https:\/\/radiorevelacionfm.cl\/?p=23347' aria-hidden='false' data-av_icon='\ue805' data-av_iconfont='entypo-fontello' title='' data-avia-related-tooltip='Compartir por correo'><span class='avia_hidden_link_text'>Compartir por correo<\/span><\/a><\/li><\/ul><\/div><\/div>\n<div  style='height:50px' class='hr hr-invisible   avia-builder-el-8  el_after_av_social_share  el_before_av_comments_list '><span class='hr-inner ' ><span class='hr-inner-style'><\/span><\/span><\/div>\n<div  class='av-buildercomment  av-blog-meta-html-info-disabled av-blog-meta-tag-disabled  '><\/div>\n","protected":false},"excerpt":{"rendered":"","protected":false},"author":1,"featured_media":23348,"comment_status":"open","ping_status":"open","sticky":false,"template":"","format":"standard","meta":{"footnotes":""},"categories":[55],"tags":[],"class_list":["post-23347","post","type-post","status-publish","format-standard","has-post-thumbnail","hentry","category-justicia"],"jetpack_featured_media_url":"https:\/\/radiorevelacionfm.cl\/wp-content\/uploads\/2022\/10\/Foto-002-1-1.jpg","_links":{"self":[{"href":"https:\/\/radiorevelacionfm.cl\/index.php?rest_route=\/wp\/v2\/posts\/23347","targetHints":{"allow":["GET"]}}],"collection":[{"href":"https:\/\/radiorevelacionfm.cl\/index.php?rest_route=\/wp\/v2\/posts"}],"about":[{"href":"https:\/\/radiorevelacionfm.cl\/index.php?rest_route=\/wp\/v2\/types\/post"}],"author":[{"embeddable":true,"href":"https:\/\/radiorevelacionfm.cl\/index.php?rest_route=\/wp\/v2\/users\/1"}],"replies":[{"embeddable":true,"href":"https:\/\/radiorevelacionfm.cl\/index.php?rest_route=%2Fwp%2Fv2%2Fcomments&post=23347"}],"version-history":[{"count":2,"href":"https:\/\/radiorevelacionfm.cl\/index.php?rest_route=\/wp\/v2\/posts\/23347\/revisions"}],"predecessor-version":[{"id":23352,"href":"https:\/\/radiorevelacionfm.cl\/index.php?rest_route=\/wp\/v2\/posts\/23347\/revisions\/23352"}],"wp:featuredmedia":[{"embeddable":true,"href":"https:\/\/radiorevelacionfm.cl\/index.php?rest_route=\/wp\/v2\/media\/23348"}],"wp:attachment":[{"href":"https:\/\/radiorevelacionfm.cl\/index.php?rest_route=%2Fwp%2Fv2%2Fmedia&parent=23347"}],"wp:term":[{"taxonomy":"category","embeddable":true,"href":"https:\/\/radiorevelacionfm.cl\/index.php?rest_route=%2Fwp%2Fv2%2Fcategories&post=23347"},{"taxonomy":"post_tag","embeddable":true,"href":"https:\/\/radiorevelacionfm.cl\/index.php?rest_route=%2Fwp%2Fv2%2Ftags&post=23347"}],"curies":[{"name":"wp","href":"https:\/\/api.w.org\/{rel}","templated":true}]}}