{"id":23338,"date":"2022-10-22T11:14:17","date_gmt":"2022-10-22T14:14:17","guid":{"rendered":"https:\/\/radiorevelacionfm.cl\/?p=23338"},"modified":"2022-10-22T11:14:17","modified_gmt":"2022-10-22T14:14:17","slug":"gestionan-subsidios-de-ampliacion-sin-requisitos-de-hacinamiento-y-piden-abrir-programa-de-construccion-de-cierres-perimetrales","status":"publish","type":"post","link":"https:\/\/radiorevelacionfm.cl\/?p=23338","title":{"rendered":"Gestionan subsidios de ampliaci\u00f3n sin requisitos de hacinamiento y piden abrir programa de construcci\u00f3n de cierres perimetrales"},"content":{"rendered":"<div class=\"flex_column av_one_full  flex_column_div av-zero-column-padding first  avia-builder-el-0  el_before_av_one_full  avia-builder-el-first  \" style='border-radius:0px; '><div  class='avia-image-container  av-styling-    avia-builder-el-1  avia-builder-el-no-sibling  avia-align-center '  itemprop=\"image\" itemscope=\"itemscope\" itemtype=\"https:\/\/schema.org\/ImageObject\"  ><div class='avia-image-container-inner'><div class='avia-image-overlay-wrap'><img decoding=\"async\" class='wp-image-23339 avia-img-lazy-loading-not-23339 avia_image' src=\"https:\/\/radiorevelacionfm.cl\/wp-content\/uploads\/2022\/10\/CALISTO-Y-LUZ-BORQUEZ-1.jpeg\" alt='' title='CALISTO Y LUZ BORQUEZ (1)' height=\"605\" width=\"1068\"  itemprop=\"thumbnailUrl\" srcset=\"https:\/\/radiorevelacionfm.cl\/wp-content\/uploads\/2022\/10\/CALISTO-Y-LUZ-BORQUEZ-1.jpeg 1068w, https:\/\/radiorevelacionfm.cl\/wp-content\/uploads\/2022\/10\/CALISTO-Y-LUZ-BORQUEZ-1-300x170.jpeg 300w, https:\/\/radiorevelacionfm.cl\/wp-content\/uploads\/2022\/10\/CALISTO-Y-LUZ-BORQUEZ-1-1030x583.jpeg 1030w, https:\/\/radiorevelacionfm.cl\/wp-content\/uploads\/2022\/10\/CALISTO-Y-LUZ-BORQUEZ-1-768x435.jpeg 768w, https:\/\/radiorevelacionfm.cl\/wp-content\/uploads\/2022\/10\/CALISTO-Y-LUZ-BORQUEZ-1-705x399.jpeg 705w, https:\/\/radiorevelacionfm.cl\/wp-content\/uploads\/2022\/10\/CALISTO-Y-LUZ-BORQUEZ-1-600x340.jpeg 600w\" sizes=\"(max-width: 1068px) 100vw, 1068px\" \/><\/div><\/div><\/div><\/div><div class=\"flex_column av_one_full  flex_column_div av-zero-column-padding first  avia-builder-el-2  el_after_av_one_full  el_before_av_one_full  column-top-margin\" style='border-radius:0px; '><section class=\"av_textblock_section \"  itemscope=\"itemscope\" itemtype=\"https:\/\/schema.org\/BlogPosting\" itemprop=\"blogPost\" ><div class='avia_textblock  '   itemprop=\"text\" ><p style=\"text-align: center;\"><span style=\"font-size: 18pt;\"><b><span lang=\"ES\">Gestionan subsidios de ampliaci\u00f3n sin requisitos de hacinamiento y piden abrir programa de construcci\u00f3n de cierres perimetrales<\/span><\/b><\/span><\/p>\n<div id=\"gtx-trans\" style=\"position: absolute; left: -50px; top: 4.31534px;\">\n<div class=\"gtx-trans-icon\"><\/div>\n<\/div>\n<\/div><\/section><\/div><div class=\"flex_column av_one_full  flex_column_div av-zero-column-padding first  avia-builder-el-4  el_after_av_one_full  el_before_av_hr  column-top-margin\" style='border-radius:0px; '><section class=\"av_textblock_section \"  itemscope=\"itemscope\" itemtype=\"https:\/\/schema.org\/BlogPosting\" itemprop=\"blogPost\" ><div class='avia_textblock  '   itemprop=\"text\" ><p style=\"font-weight: 400; text-align: justify;\">Consciente de que se trata de una realidad que se repite en las distintas comunas de la regi\u00f3n, y luego de haber realizado esta gesti\u00f3n en dos oportunidades anteriores, el diputado Miguel \u00c1ngel Calisto comenz\u00f3 con las gestiones para que en la postulaci\u00f3n de los subsidios de ampliaci\u00f3n de vivienda no se considere el requisito de hacinamiento.<\/p>\n<p style=\"font-weight: 400; text-align: justify;\">El legislador ya hab\u00eda realizado esta gesti\u00f3n en dos oportunidades anteriores, lo que permitid\u00f3 beneficiar a muchas familias que necesitaban ampliar sus viviendas, pero no cumpl\u00edan con el requisito de hacinamiento.<\/p>\n<p style=\"font-weight: 400; text-align: justify;\">Seg\u00fan el legislador, \u201cplanteamos un requerimiento importante de muchas familias de Puerto Ays\u00e9n y otras comunas de la Regi\u00f3n, respecto a abrir un llamado especial para la ampliaci\u00f3n de la vivienda. Lamentablemente para poder calificar en este programa, uno de los requisitos es el hacinamiento, y esto es algo que no debiera aplicarse en nuestra zona\u201d.<\/p>\n<p style=\"font-weight: 400; text-align: justify;\">\u201cEn la regi\u00f3n ninguna familia califica para la ampliaci\u00f3n. Estamos pidiendo que no se considere el hacinamiento para poder optar a este beneficio. Esto podr\u00eda beneficiar directamente a la gente de Ruka Mew, El Canelo y Uni\u00f3n Verdad y Justicia en Puerto Ays\u00e9n, pero tambi\u00e9n para otras familias que lo requieren esto en otras zonas de la regi\u00f3n\u201d, indic\u00f3 Calisto.<\/p>\n<p style=\"font-weight: 400; text-align: justify;\">Calisto asegur\u00f3 que \u201cesto lo hemos hablado con el Ministro, con Subsecretarios, con la Seremi, con el director de Serviu y a veces nos frustra que las respuestas lleguen tan lento. Vamos a seguir insistiendo por todas las v\u00edas. Esto ya lo hemos hecho a\u00f1os anteriores y esperamos que en este Gobierno tomen en cuenta nuestra petici\u00f3n\u201d.<\/p>\n<p style=\"font-weight: 400; text-align: justify;\"><strong>Programa de construcci\u00f3n de cierres perimetrales<\/strong><\/p>\n<p style=\"font-weight: 400; text-align: justify;\">Con respecto a este tema, Calisto se\u00f1al\u00f3 que \u201cestamos abogando por muchas familias de la comuna de Ays\u00e9n, que est\u00e1n postulando a los comit\u00e9s de cierre perimetral. Nosotros hemos insistido al Minvu con la necesidad para que dentro del programa se haga un llamado especial para cercos. Hay m\u00e1s de 400 familias en Puerto Ays\u00e9n que tienen los proyectos listos y no han podido postular\u201d.<\/p>\n<p style=\"font-weight: 400; text-align: justify;\">\u201cLuego de insistir en este tema, lo que nos informaron desde Serviu es que finalmente se elev\u00f3 un requerimiento al Ministerio de Vivienda y esperamos que de aqu\u00ed a diciembre se haga un llamado para paliar el d\u00e9ficit que existe respecto a la demanda de cercos, lo que claramente mejora la calidad de vida de las familias\u201d, indic\u00f3.<\/p>\n<p style=\"font-weight: 400; text-align: justify;\">\u201cUn cerco en estos momentos est\u00e1 saliendo mucho dinero, m\u00e1s de un mill\u00f3n de pesos, y muchas familias no pueden pagarlo, por eso es muy importante el apoyo del Estado\u201d, se\u00f1al\u00f3.<\/p>\n<p style=\"font-weight: 400; text-align: justify;\">Seg\u00fan Luz B\u00f3rquez, quien representa a las familias que la construcci\u00f3n de cercos \u201chay una demanda de cerca de 400 familias en la comuna de Ays\u00e9n. Pero tambi\u00e9n tenemos demandas en otras comunas de la regi\u00f3n. estamos pidiendo que se abra este programa y se mantenga. Los subsidios del programa PDA tambi\u00e9n son buenos, pero no todos califican\u201d.<\/p>\n<p style=\"font-weight: 400; text-align: justify;\">Finalmente, Luz B\u00f3rquez se\u00f1al\u00f3 que \u201cadem\u00e1s, tenemos tambi\u00e9n el problema de los pisos ventilados, del copago, que es muy alto. A esto se suma que la ficha de protecci\u00f3n social es un disparate. Hay que vivir pr\u00e1cticamente en piso de tierra para estar dentro del 40%. Esta no es la realidad de nuestra regi\u00f3n\u201d.<\/p>\n<\/div><\/section><\/div><div  style='height:50px' class='hr hr-invisible   avia-builder-el-6  el_after_av_one_full  el_before_av_social_share '><span class='hr-inner ' ><span class='hr-inner-style'><\/span><\/span><\/div><\/p>\n<div  class='av-social-sharing-box  avia-builder-el-7  el_after_av_hr  el_before_av_hr  '><div class='av-share-box'><h5 class='av-share-link-description av-no-toc '>Compartir esta noticia<\/h5><ul class='av-share-box-list noLightbox'><li class='av-share-link av-social-link-facebook' ><a target=\"_blank\" aria-label=\"Compartir en Facebook\" href='https:\/\/www.facebook.com\/sharer.php?u=https:\/\/radiorevelacionfm.cl\/?p=23338&#038;t=Gestionan%20subsidios%20de%20ampliaci%C3%B3n%20sin%20requisitos%20de%20hacinamiento%20y%20piden%20abrir%20programa%20de%20construcci%C3%B3n%20de%20cierres%20perimetrales' aria-hidden='false' data-av_icon='\ue8f3' data-av_iconfont='entypo-fontello' title='' data-avia-related-tooltip='Compartir en Facebook' rel=\"noopener\"><span class='avia_hidden_link_text'>Compartir en Facebook<\/span><\/a><\/li><li class='av-share-link av-social-link-twitter' ><a target=\"_blank\" aria-label=\"Compartir en Twitter\" href='https:\/\/twitter.com\/share?text=Gestionan%20subsidios%20de%20ampliaci%C3%B3n%20sin%20requisitos%20de%20hacinamiento%20y%20piden%20abrir%20programa%20de%20construcci%C3%B3n%20de%20cierres%20perimetrales&#038;url=https:\/\/radiorevelacionfm.cl\/?p=23338' aria-hidden='false' data-av_icon='\ue8f1' data-av_iconfont='entypo-fontello' title='' data-avia-related-tooltip='Compartir en Twitter' rel=\"noopener\"><span class='avia_hidden_link_text'>Compartir en Twitter<\/span><\/a><\/li><li class='av-share-link av-social-link-whatsapp' ><a target=\"_blank\" aria-label=\"Compartir en Whatsapp\" href='https:\/\/api.whatsapp.com\/send?text=https:\/\/radiorevelacionfm.cl\/?p=23338' aria-hidden='false' data-av_icon='\uf232' data-av_iconfont='entypo-fontello' title='' data-avia-related-tooltip='Compartir en Whatsapp' rel=\"noopener\"><span class='avia_hidden_link_text'>Compartir en Whatsapp<\/span><\/a><\/li><li class='av-share-link av-social-link-linkedin' ><a target=\"_blank\" aria-label=\"Compartir en LinkedIn\" href='https:\/\/linkedin.com\/shareArticle?mini=true&#038;title=Gestionan%20subsidios%20de%20ampliaci%C3%B3n%20sin%20requisitos%20de%20hacinamiento%20y%20piden%20abrir%20programa%20de%20construcci%C3%B3n%20de%20cierres%20perimetrales&#038;url=https:\/\/radiorevelacionfm.cl\/?p=23338' aria-hidden='false' data-av_icon='\ue8fc' data-av_iconfont='entypo-fontello' title='' data-avia-related-tooltip='Compartir en LinkedIn' rel=\"noopener\"><span class='avia_hidden_link_text'>Compartir en LinkedIn<\/span><\/a><\/li><li class='av-share-link av-social-link-mail' ><a  aria-label=\"Compartir por correo\" href='mailto:?subject=Gestionan%20subsidios%20de%20ampliaci%C3%B3n%20sin%20requisitos%20de%20hacinamiento%20y%20piden%20abrir%20programa%20de%20construcci%C3%B3n%20de%20cierres%20perimetrales&#038;body=https:\/\/radiorevelacionfm.cl\/?p=23338' aria-hidden='false' data-av_icon='\ue805' data-av_iconfont='entypo-fontello' title='' data-avia-related-tooltip='Compartir por correo'><span class='avia_hidden_link_text'>Compartir por correo<\/span><\/a><\/li><\/ul><\/div><\/div>\n<div  style='height:50px' class='hr hr-invisible   avia-builder-el-8  el_after_av_social_share  el_before_av_comments_list '><span class='hr-inner ' ><span class='hr-inner-style'><\/span><\/span><\/div>\n<div  class='av-buildercomment  av-blog-meta-html-info-disabled av-blog-meta-tag-disabled  '><\/div>\n","protected":false},"excerpt":{"rendered":"","protected":false},"author":1,"featured_media":23339,"comment_status":"open","ping_status":"open","sticky":false,"template":"","format":"standard","meta":{"footnotes":""},"categories":[35],"tags":[],"class_list":["post-23338","post","type-post","status-publish","format-standard","has-post-thumbnail","hentry","category-politica"],"jetpack_featured_media_url":"https:\/\/radiorevelacionfm.cl\/wp-content\/uploads\/2022\/10\/CALISTO-Y-LUZ-BORQUEZ-1.jpeg","_links":{"self":[{"href":"https:\/\/radiorevelacionfm.cl\/index.php?rest_route=\/wp\/v2\/posts\/23338","targetHints":{"allow":["GET"]}}],"collection":[{"href":"https:\/\/radiorevelacionfm.cl\/index.php?rest_route=\/wp\/v2\/posts"}],"about":[{"href":"https:\/\/radiorevelacionfm.cl\/index.php?rest_route=\/wp\/v2\/types\/post"}],"author":[{"embeddable":true,"href":"https:\/\/radiorevelacionfm.cl\/index.php?rest_route=\/wp\/v2\/users\/1"}],"replies":[{"embeddable":true,"href":"https:\/\/radiorevelacionfm.cl\/index.php?rest_route=%2Fwp%2Fv2%2Fcomments&post=23338"}],"version-history":[{"count":2,"href":"https:\/\/radiorevelacionfm.cl\/index.php?rest_route=\/wp\/v2\/posts\/23338\/revisions"}],"predecessor-version":[{"id":23364,"href":"https:\/\/radiorevelacionfm.cl\/index.php?rest_route=\/wp\/v2\/posts\/23338\/revisions\/23364"}],"wp:featuredmedia":[{"embeddable":true,"href":"https:\/\/radiorevelacionfm.cl\/index.php?rest_route=\/wp\/v2\/media\/23339"}],"wp:attachment":[{"href":"https:\/\/radiorevelacionfm.cl\/index.php?rest_route=%2Fwp%2Fv2%2Fmedia&parent=23338"}],"wp:term":[{"taxonomy":"category","embeddable":true,"href":"https:\/\/radiorevelacionfm.cl\/index.php?rest_route=%2Fwp%2Fv2%2Fcategories&post=23338"},{"taxonomy":"post_tag","embeddable":true,"href":"https:\/\/radiorevelacionfm.cl\/index.php?rest_route=%2Fwp%2Fv2%2Ftags&post=23338"}],"curies":[{"name":"wp","href":"https:\/\/api.w.org\/{rel}","templated":true}]}}