{"id":23333,"date":"2022-10-21T17:46:43","date_gmt":"2022-10-21T20:46:43","guid":{"rendered":"https:\/\/radiorevelacionfm.cl\/?p=23333"},"modified":"2022-10-21T21:37:43","modified_gmt":"2022-10-22T00:37:43","slug":"en-riesgo-vital-se-encuentra-hombre-que-fue-apunalado-al-interior-de-un-supermercado-en-coyhaique","status":"publish","type":"post","link":"https:\/\/radiorevelacionfm.cl\/?p=23333","title":{"rendered":"En riesgo vital se encuentra hombre que fue apu\u00f1alado al interior de un supermercado en Coyhaique"},"content":{"rendered":"<div class=\"flex_column av_one_full  flex_column_div av-zero-column-padding first  avia-builder-el-0  el_before_av_one_full  avia-builder-el-first  \" style='border-radius:0px; '><div  class='avia-image-container  av-styling-    avia-builder-el-1  avia-builder-el-no-sibling  avia-align-center '  itemprop=\"image\" itemscope=\"itemscope\" itemtype=\"https:\/\/schema.org\/ImageObject\"  ><div class='avia-image-container-inner'><div class='avia-image-overlay-wrap'><img decoding=\"async\" class='wp-image-23345 avia-img-lazy-loading-not-23345 avia_image' src=\"https:\/\/radiorevelacionfm.cl\/wp-content\/uploads\/2022\/10\/Supermercado-hoy-21.10-1-1.jpg\" alt='' title='Supermercado hoy 21.10 (1) (1)' height=\"600\" width=\"1040\"  itemprop=\"thumbnailUrl\" srcset=\"https:\/\/radiorevelacionfm.cl\/wp-content\/uploads\/2022\/10\/Supermercado-hoy-21.10-1-1.jpg 1040w, https:\/\/radiorevelacionfm.cl\/wp-content\/uploads\/2022\/10\/Supermercado-hoy-21.10-1-1-300x173.jpg 300w, https:\/\/radiorevelacionfm.cl\/wp-content\/uploads\/2022\/10\/Supermercado-hoy-21.10-1-1-1030x594.jpg 1030w, https:\/\/radiorevelacionfm.cl\/wp-content\/uploads\/2022\/10\/Supermercado-hoy-21.10-1-1-768x443.jpg 768w, https:\/\/radiorevelacionfm.cl\/wp-content\/uploads\/2022\/10\/Supermercado-hoy-21.10-1-1-705x407.jpg 705w, https:\/\/radiorevelacionfm.cl\/wp-content\/uploads\/2022\/10\/Supermercado-hoy-21.10-1-1-600x346.jpg 600w\" sizes=\"(max-width: 1040px) 100vw, 1040px\" \/><\/div><\/div><\/div><\/div>\n<div class=\"flex_column av_one_full  flex_column_div av-zero-column-padding first  avia-builder-el-2  el_after_av_one_full  el_before_av_one_full  column-top-margin\" style='border-radius:0px; '><section class=\"av_textblock_section \"  itemscope=\"itemscope\" itemtype=\"https:\/\/schema.org\/BlogPosting\" itemprop=\"blogPost\" ><div class='avia_textblock  '   itemprop=\"text\" ><p style=\"text-align: center;\"><strong><span style=\"font-size: 18pt;\">En riesgo vital se encuentra hombre que fue apu\u00f1alado al interior de un supermercado en Coyhaique<\/span><\/strong><\/p>\n<div id=\"gtx-trans\" style=\"position: absolute; left: -50px; top: 4.31534px;\">\n<div class=\"gtx-trans-icon\"><\/div>\n<\/div>\n<\/div><\/section><\/div>\n<div class=\"flex_column av_one_full  flex_column_div av-zero-column-padding first  avia-builder-el-4  el_after_av_one_full  el_before_av_hr  column-top-margin\" style='border-radius:0px; '><section class=\"av_textblock_section \"  itemscope=\"itemscope\" itemtype=\"https:\/\/schema.org\/BlogPosting\" itemprop=\"blogPost\" ><div class='avia_textblock  '   itemprop=\"text\" ><p style=\"text-align: justify;\">El hecho ocurri\u00f3 cerca de las 11:20 horas de esta ma\u00f1ana -21 de octubre 2022- en pleno centro de la ciudad, al interior del supermercado Unimarc de Coyhaique, cuando un sujeto con un cuchillo atac\u00f3 a otro hombre, presumiblemente por rencillas anteriores, agresi\u00f3n que gener\u00f3 caos y gran p\u00e1nico entre los clientes que se encontraban de compras a esa hora en el recinto.<\/p>\n<p style=\"text-align: justify;\">La v\u00edctima un hombre de 58 a\u00f1os, fue herido de gravedad en la ingle, lo que le produjo una gran cantidad de p\u00e9rdida de sangre, siendo atendido en primera instancia por una funcionaria de salud que se encontraba comprando en ese momento, en tanto, el agresor intent\u00f3 huir del establecimiento.<\/p>\n<p style=\"text-align: justify;\">Testigos no daban cr\u00e9dito a lo que estaban presenciando, y muchas personas abandonaron el lugar por temor, minutos m\u00e1s tarde el recinto fue evacuado por seguridad.<\/p>\n<p style=\"text-align: justify;\">El mayor Franco Herrera de la 1ra.Comisar\u00eda de Coyhaique, se\u00f1al\u00f3 \u00abal interior del supermercado en la zona de las g\u00f3ndolas dos hombres comenzaron una especie de discusi\u00f3n al parecer por rencillas anteriores, momento en que uno de ellos extrajo desde sus vestimentas un cuchillo apu\u00f1alando a la otra persona en la zona de la ingle, y luego el sujeto intent\u00f3 huir siendo reducido y retenido por personal de Seguridad del recinto y luego detenido por Carabineros en el lugar\u00bb.<\/p>\n<p style=\"text-align: justify;\">El hombre apu\u00f1alado debi\u00f3 ser trasladado al hospital Coyhaique, siendo intervenido de urgencia y se encuentra en riesgo vital.<\/p>\n<p style=\"text-align: justify;\">La oportuna llegada de Carabineros permiti\u00f3 la captura del agresor de 28 a\u00f1os de edad, el que se encuentra detenido y ser\u00e1 formalizado por el delito de homicidio frustrado, figura que podr\u00eda cambiar seg\u00fan la evoluci\u00f3n de la v\u00edctima.<\/p>\n<\/div><\/section><\/div><div  style='height:50px' class='hr hr-invisible   avia-builder-el-6  el_after_av_one_full  el_before_av_social_share '><span class='hr-inner ' ><span class='hr-inner-style'><\/span><\/span><\/div><\/p>\n<div  class='av-social-sharing-box  avia-builder-el-7  el_after_av_hr  el_before_av_hr  '><div class='av-share-box'><h5 class='av-share-link-description av-no-toc '>Compartir esta noticia<\/h5><ul class='av-share-box-list noLightbox'><li class='av-share-link av-social-link-facebook' ><a target=\"_blank\" aria-label=\"Compartir en Facebook\" href='https:\/\/www.facebook.com\/sharer.php?u=https:\/\/radiorevelacionfm.cl\/?p=23333&#038;t=En%20riesgo%20vital%20se%20encuentra%20hombre%20que%20fue%20apu%C3%B1alado%20al%20interior%20de%20un%20supermercado%20en%20Coyhaique' aria-hidden='false' data-av_icon='\ue8f3' data-av_iconfont='entypo-fontello' title='' data-avia-related-tooltip='Compartir en Facebook' rel=\"noopener\"><span class='avia_hidden_link_text'>Compartir en Facebook<\/span><\/a><\/li><li class='av-share-link av-social-link-twitter' ><a target=\"_blank\" aria-label=\"Compartir en Twitter\" href='https:\/\/twitter.com\/share?text=En%20riesgo%20vital%20se%20encuentra%20hombre%20que%20fue%20apu%C3%B1alado%20al%20interior%20de%20un%20supermercado%20en%20Coyhaique&#038;url=https:\/\/radiorevelacionfm.cl\/?p=23333' aria-hidden='false' data-av_icon='\ue8f1' data-av_iconfont='entypo-fontello' title='' data-avia-related-tooltip='Compartir en Twitter' rel=\"noopener\"><span class='avia_hidden_link_text'>Compartir en Twitter<\/span><\/a><\/li><li class='av-share-link av-social-link-whatsapp' ><a target=\"_blank\" aria-label=\"Compartir en Whatsapp\" href='https:\/\/api.whatsapp.com\/send?text=https:\/\/radiorevelacionfm.cl\/?p=23333' aria-hidden='false' data-av_icon='\uf232' data-av_iconfont='entypo-fontello' title='' data-avia-related-tooltip='Compartir en Whatsapp' rel=\"noopener\"><span class='avia_hidden_link_text'>Compartir en Whatsapp<\/span><\/a><\/li><li class='av-share-link av-social-link-linkedin' ><a target=\"_blank\" aria-label=\"Compartir en LinkedIn\" href='https:\/\/linkedin.com\/shareArticle?mini=true&#038;title=En%20riesgo%20vital%20se%20encuentra%20hombre%20que%20fue%20apu%C3%B1alado%20al%20interior%20de%20un%20supermercado%20en%20Coyhaique&#038;url=https:\/\/radiorevelacionfm.cl\/?p=23333' aria-hidden='false' data-av_icon='\ue8fc' data-av_iconfont='entypo-fontello' title='' data-avia-related-tooltip='Compartir en LinkedIn' rel=\"noopener\"><span class='avia_hidden_link_text'>Compartir en LinkedIn<\/span><\/a><\/li><li class='av-share-link av-social-link-mail' ><a  aria-label=\"Compartir por correo\" href='mailto:?subject=En%20riesgo%20vital%20se%20encuentra%20hombre%20que%20fue%20apu%C3%B1alado%20al%20interior%20de%20un%20supermercado%20en%20Coyhaique&#038;body=https:\/\/radiorevelacionfm.cl\/?p=23333' aria-hidden='false' data-av_icon='\ue805' data-av_iconfont='entypo-fontello' title='' data-avia-related-tooltip='Compartir por correo'><span class='avia_hidden_link_text'>Compartir por correo<\/span><\/a><\/li><\/ul><\/div><\/div>\n<div  style='height:50px' class='hr hr-invisible   avia-builder-el-8  el_after_av_social_share  el_before_av_comments_list '><span class='hr-inner ' ><span class='hr-inner-style'><\/span><\/span><\/div>\n<div  class='av-buildercomment  av-blog-meta-html-info-disabled av-blog-meta-tag-disabled  '><\/div>\n","protected":false},"excerpt":{"rendered":"","protected":false},"author":1,"featured_media":23345,"comment_status":"open","ping_status":"open","sticky":false,"template":"","format":"standard","meta":{"footnotes":""},"categories":[36],"tags":[],"class_list":["post-23333","post","type-post","status-publish","format-standard","has-post-thumbnail","hentry","category-policial"],"jetpack_featured_media_url":"https:\/\/radiorevelacionfm.cl\/wp-content\/uploads\/2022\/10\/Supermercado-hoy-21.10-1-1.jpg","_links":{"self":[{"href":"https:\/\/radiorevelacionfm.cl\/index.php?rest_route=\/wp\/v2\/posts\/23333","targetHints":{"allow":["GET"]}}],"collection":[{"href":"https:\/\/radiorevelacionfm.cl\/index.php?rest_route=\/wp\/v2\/posts"}],"about":[{"href":"https:\/\/radiorevelacionfm.cl\/index.php?rest_route=\/wp\/v2\/types\/post"}],"author":[{"embeddable":true,"href":"https:\/\/radiorevelacionfm.cl\/index.php?rest_route=\/wp\/v2\/users\/1"}],"replies":[{"embeddable":true,"href":"https:\/\/radiorevelacionfm.cl\/index.php?rest_route=%2Fwp%2Fv2%2Fcomments&post=23333"}],"version-history":[{"count":7,"href":"https:\/\/radiorevelacionfm.cl\/index.php?rest_route=\/wp\/v2\/posts\/23333\/revisions"}],"predecessor-version":[{"id":23353,"href":"https:\/\/radiorevelacionfm.cl\/index.php?rest_route=\/wp\/v2\/posts\/23333\/revisions\/23353"}],"wp:featuredmedia":[{"embeddable":true,"href":"https:\/\/radiorevelacionfm.cl\/index.php?rest_route=\/wp\/v2\/media\/23345"}],"wp:attachment":[{"href":"https:\/\/radiorevelacionfm.cl\/index.php?rest_route=%2Fwp%2Fv2%2Fmedia&parent=23333"}],"wp:term":[{"taxonomy":"category","embeddable":true,"href":"https:\/\/radiorevelacionfm.cl\/index.php?rest_route=%2Fwp%2Fv2%2Fcategories&post=23333"},{"taxonomy":"post_tag","embeddable":true,"href":"https:\/\/radiorevelacionfm.cl\/index.php?rest_route=%2Fwp%2Fv2%2Ftags&post=23333"}],"curies":[{"name":"wp","href":"https:\/\/api.w.org\/{rel}","templated":true}]}}