{"id":23330,"date":"2022-10-21T18:07:42","date_gmt":"2022-10-21T21:07:42","guid":{"rendered":"https:\/\/radiorevelacionfm.cl\/?p=23330"},"modified":"2022-10-21T18:07:42","modified_gmt":"2022-10-21T21:07:42","slug":"se-abren-mas-oportunidades-para-los-agricultores-artesanos-y-criadores-ayseninos-con-la-primera-feria-campesina","status":"publish","type":"post","link":"https:\/\/radiorevelacionfm.cl\/?p=23330","title":{"rendered":"Se abren m\u00e1s oportunidades para los agricultores, artesanos y criadores ayseninos con la Primera Feria Campesina"},"content":{"rendered":"<div class=\"flex_column av_one_full  flex_column_div av-zero-column-padding first  avia-builder-el-0  el_before_av_one_full  avia-builder-el-first  \" style='border-radius:0px; '><div  class='avia-image-container  av-styling-    avia-builder-el-1  avia-builder-el-no-sibling  avia-align-center '  itemprop=\"image\" itemscope=\"itemscope\" itemtype=\"https:\/\/schema.org\/ImageObject\"  ><div class='avia-image-container-inner'><div class='avia-image-overlay-wrap'><img decoding=\"async\" class='wp-image-23331 avia-img-lazy-loading-not-23331 avia_image' src=\"https:\/\/radiorevelacionfm.cl\/wp-content\/uploads\/2022\/10\/feria_aysen-1_optimized.jpg\" alt='' title='feria_aysen-(1)_optimized' height=\"600\" width=\"1009\"  itemprop=\"thumbnailUrl\" srcset=\"https:\/\/radiorevelacionfm.cl\/wp-content\/uploads\/2022\/10\/feria_aysen-1_optimized.jpg 1009w, https:\/\/radiorevelacionfm.cl\/wp-content\/uploads\/2022\/10\/feria_aysen-1_optimized-300x178.jpg 300w, https:\/\/radiorevelacionfm.cl\/wp-content\/uploads\/2022\/10\/feria_aysen-1_optimized-768x457.jpg 768w, https:\/\/radiorevelacionfm.cl\/wp-content\/uploads\/2022\/10\/feria_aysen-1_optimized-705x419.jpg 705w, https:\/\/radiorevelacionfm.cl\/wp-content\/uploads\/2022\/10\/feria_aysen-1_optimized-600x357.jpg 600w\" sizes=\"(max-width: 1009px) 100vw, 1009px\" \/><\/div><\/div><\/div><\/div><div class=\"flex_column av_one_full  flex_column_div av-zero-column-padding first  avia-builder-el-2  el_after_av_one_full  el_before_av_one_full  column-top-margin\" style='border-radius:0px; '><section class=\"av_textblock_section \"  itemscope=\"itemscope\" itemtype=\"https:\/\/schema.org\/BlogPosting\" itemprop=\"blogPost\" ><div class='avia_textblock  '   itemprop=\"text\" ><p style=\"text-align: center;\"><strong><span style=\"font-size: 18pt;\">Se abren m\u00e1s oportunidades para los agricultores, artesanos y criadores ayseninos con la Primera Feria Campesina<\/span><\/strong><\/p>\n<div id=\"gtx-trans\" style=\"position: absolute; left: -50px; top: 4.31534px;\">\n<div class=\"gtx-trans-icon\"><\/div>\n<\/div>\n<\/div><\/section><\/div><div class=\"flex_column av_one_full  flex_column_div av-zero-column-padding first  avia-builder-el-4  el_after_av_one_full  el_before_av_hr  column-top-margin\" style='border-radius:0px; '><section class=\"av_textblock_section \"  itemscope=\"itemscope\" itemtype=\"https:\/\/schema.org\/BlogPosting\" itemprop=\"blogPost\" ><div class='avia_textblock  '   itemprop=\"text\" ><p style=\"text-align: justify;\">Este viernes 21 de octubre se celebr\u00f3 la Primera Feria Campesina Municipal de la Comuna de Ays\u00e9n, organizada por la Oficina del Campesino. El lugar escogido en esta ocasi\u00f3n fue la Plaza de Armas de Puerto Ays\u00e9n, con una presentaci\u00f3n con autoridades comunales y regionales para inaugurar la temporada de ferias.<\/p>\n<p style=\"text-align: justify;\">Fueron 20 particulares y 5 agrupaciones campesinas de la Comuna de Ays\u00e9n los que participaron de la feria, vendiendo productos agr\u00edcolas como verduras, plantas decorativas, mieles, arte a crochet, lanas, medicinas, comidas, entre otros. Lo destacable de la mercanc\u00eda es que era natural, producido, recolectado y creado por los mismos trabajadores del campo aysenino.<\/p>\n<p style=\"text-align: justify;\">Nadia Bravo, coordinadora de la Oficina del Campesino, en sus palabras, acoge el objetivo de este evento, \u201cla idea es poder fomentar la comercializaci\u00f3n de los agricultores, ganaderos, etc. E incentivar la formalizaci\u00f3n, entonces nosotros con esta feria hacemos tambi\u00e9n que ellos cancelen un permiso del SII, que aprendan a cumplir con las tasaciones y finalmente tenga la oportunidad de vender, porque algunos solamente lo hacen en sus casas, entonces que sepan como es este modelo de negocio para que puedan emprender\u201d.<\/p>\n<p style=\"text-align: justify;\">As\u00ed mismo, los participantes se sintieron agradecidos por la oportunidad dada, ya que para varios era una de las pocas ocasiones en pod\u00eda presentar su trabajo de esta manera.<\/p>\n<p style=\"text-align: justify;\">Igualmente, los feriantes m\u00e1s experimentados como Filomena Ulloa, parte de la Asociaci\u00f3n Gremial Campesina y part\u00edcipe de este tipo de evento hace 8 a\u00f1os, agradecen la organizaci\u00f3n e inclusi\u00f3n de nuevos expositores. \u201cLa disposici\u00f3n de los materiales, lugar y difusi\u00f3n fue de un trabajo muy empe\u00f1oso de parte de las chicas, cosa que a veces no se nota en otras ferias en las que he estado\u201d, destac\u00f3 la expositora.<\/p>\n<p style=\"text-align: justify;\">La Oficina del Campesino es dependiente del programa de Desarrollo Econ\u00f3mico de la Ilustre Municipalidad de Ays\u00e9n, con la colaboraci\u00f3n con el Instituto de Desarrollo Agropecuario INDAP (Instituto de Desarrollo Agropecuario), tiene un claro compromiso con todos los peque\u00f1as y peque\u00f1os emprendedores del campo.<\/p>\n<p style=\"text-align: justify;\">En la ceremonia de inauguraci\u00f3n el alcalde de Ays\u00e9n, Julio Uribe Alvarado, comenz\u00f3 su discurso remarcando la importancia de lo hecho por la oficina, \u201cEs un orgullo estar hoy, en esta Primera Feria Campesina Municipal, donde integramos a todos los campesinos. Antiguamente no muchos pod\u00edan recib\u00edan los beneficios, pero ahora estamos todos incorporados en esto. Creo que uno de los grandes aciertos que ha tenido esta administraci\u00f3n ha sido poder crear esta Unidad de Desarrollo Econ\u00f3mico y junto a ella crear la Oficina del Campesino, donde hemos estado capacitando y consiguiendo implementaci\u00f3n a nuestros vecinos. Estos espacios son muy importantes, sobre todo para nuestras vecinas que trabajan la tierra y muchas veces no tienen donde exponer sus productos\u201d.<\/p>\n<p style=\"text-align: justify;\">Est\u00e1n planeadas m\u00e1s ferias durante esta temporada, la pr\u00f3xima llegar\u00eda a Villa Ma\u00f1ihuales en noviembre del presente a\u00f1o y por ahora se realizar\u00e1n el m\u00ednimo de una por mes he distintas localidades de la comuna.<\/p>\n<\/div><\/section><\/div><div  style='height:50px' class='hr hr-invisible   avia-builder-el-6  el_after_av_one_full  el_before_av_social_share '><span class='hr-inner ' ><span class='hr-inner-style'><\/span><\/span><\/div><\/p>\n<div  class='av-social-sharing-box  avia-builder-el-7  el_after_av_hr  el_before_av_hr  '><div class='av-share-box'><h5 class='av-share-link-description av-no-toc '>Compartir esta noticia<\/h5><ul class='av-share-box-list noLightbox'><li class='av-share-link av-social-link-facebook' ><a target=\"_blank\" aria-label=\"Compartir en Facebook\" href='https:\/\/www.facebook.com\/sharer.php?u=https:\/\/radiorevelacionfm.cl\/?p=23330&#038;t=Se%20abren%20m%C3%A1s%20oportunidades%20para%20los%20agricultores%2C%20artesanos%20y%20criadores%20ayseninos%20con%20la%20Primera%20Feria%20Campesina' aria-hidden='false' data-av_icon='\ue8f3' data-av_iconfont='entypo-fontello' title='' data-avia-related-tooltip='Compartir en Facebook' rel=\"noopener\"><span class='avia_hidden_link_text'>Compartir en Facebook<\/span><\/a><\/li><li class='av-share-link av-social-link-twitter' ><a target=\"_blank\" aria-label=\"Compartir en Twitter\" href='https:\/\/twitter.com\/share?text=Se%20abren%20m%C3%A1s%20oportunidades%20para%20los%20agricultores%2C%20artesanos%20y%20criadores%20ayseninos%20con%20la%20Primera%20Feria%20Campesina&#038;url=https:\/\/radiorevelacionfm.cl\/?p=23330' aria-hidden='false' data-av_icon='\ue8f1' data-av_iconfont='entypo-fontello' title='' data-avia-related-tooltip='Compartir en Twitter' rel=\"noopener\"><span class='avia_hidden_link_text'>Compartir en Twitter<\/span><\/a><\/li><li class='av-share-link av-social-link-whatsapp' ><a target=\"_blank\" aria-label=\"Compartir en Whatsapp\" href='https:\/\/api.whatsapp.com\/send?text=https:\/\/radiorevelacionfm.cl\/?p=23330' aria-hidden='false' data-av_icon='\uf232' data-av_iconfont='entypo-fontello' title='' data-avia-related-tooltip='Compartir en Whatsapp' rel=\"noopener\"><span class='avia_hidden_link_text'>Compartir en Whatsapp<\/span><\/a><\/li><li class='av-share-link av-social-link-linkedin' ><a target=\"_blank\" aria-label=\"Compartir en LinkedIn\" href='https:\/\/linkedin.com\/shareArticle?mini=true&#038;title=Se%20abren%20m%C3%A1s%20oportunidades%20para%20los%20agricultores%2C%20artesanos%20y%20criadores%20ayseninos%20con%20la%20Primera%20Feria%20Campesina&#038;url=https:\/\/radiorevelacionfm.cl\/?p=23330' aria-hidden='false' data-av_icon='\ue8fc' data-av_iconfont='entypo-fontello' title='' data-avia-related-tooltip='Compartir en LinkedIn' rel=\"noopener\"><span class='avia_hidden_link_text'>Compartir en LinkedIn<\/span><\/a><\/li><li class='av-share-link av-social-link-mail' ><a  aria-label=\"Compartir por correo\" href='mailto:?subject=Se%20abren%20m%C3%A1s%20oportunidades%20para%20los%20agricultores%2C%20artesanos%20y%20criadores%20ayseninos%20con%20la%20Primera%20Feria%20Campesina&#038;body=https:\/\/radiorevelacionfm.cl\/?p=23330' aria-hidden='false' data-av_icon='\ue805' data-av_iconfont='entypo-fontello' title='' data-avia-related-tooltip='Compartir por correo'><span class='avia_hidden_link_text'>Compartir por correo<\/span><\/a><\/li><\/ul><\/div><\/div>\n<div  style='height:50px' class='hr hr-invisible   avia-builder-el-8  el_after_av_social_share  el_before_av_comments_list '><span class='hr-inner ' ><span class='hr-inner-style'><\/span><\/span><\/div>\n<div  class='av-buildercomment  av-blog-meta-html-info-disabled av-blog-meta-tag-disabled  '><\/div>\n","protected":false},"excerpt":{"rendered":"","protected":false},"author":1,"featured_media":23331,"comment_status":"open","ping_status":"open","sticky":false,"template":"","format":"standard","meta":{"footnotes":""},"categories":[38],"tags":[],"class_list":["post-23330","post","type-post","status-publish","format-standard","has-post-thumbnail","hentry","category-regional"],"jetpack_featured_media_url":"https:\/\/radiorevelacionfm.cl\/wp-content\/uploads\/2022\/10\/feria_aysen-1_optimized.jpg","_links":{"self":[{"href":"https:\/\/radiorevelacionfm.cl\/index.php?rest_route=\/wp\/v2\/posts\/23330","targetHints":{"allow":["GET"]}}],"collection":[{"href":"https:\/\/radiorevelacionfm.cl\/index.php?rest_route=\/wp\/v2\/posts"}],"about":[{"href":"https:\/\/radiorevelacionfm.cl\/index.php?rest_route=\/wp\/v2\/types\/post"}],"author":[{"embeddable":true,"href":"https:\/\/radiorevelacionfm.cl\/index.php?rest_route=\/wp\/v2\/users\/1"}],"replies":[{"embeddable":true,"href":"https:\/\/radiorevelacionfm.cl\/index.php?rest_route=%2Fwp%2Fv2%2Fcomments&post=23330"}],"version-history":[{"count":2,"href":"https:\/\/radiorevelacionfm.cl\/index.php?rest_route=\/wp\/v2\/posts\/23330\/revisions"}],"predecessor-version":[{"id":23343,"href":"https:\/\/radiorevelacionfm.cl\/index.php?rest_route=\/wp\/v2\/posts\/23330\/revisions\/23343"}],"wp:featuredmedia":[{"embeddable":true,"href":"https:\/\/radiorevelacionfm.cl\/index.php?rest_route=\/wp\/v2\/media\/23331"}],"wp:attachment":[{"href":"https:\/\/radiorevelacionfm.cl\/index.php?rest_route=%2Fwp%2Fv2%2Fmedia&parent=23330"}],"wp:term":[{"taxonomy":"category","embeddable":true,"href":"https:\/\/radiorevelacionfm.cl\/index.php?rest_route=%2Fwp%2Fv2%2Fcategories&post=23330"},{"taxonomy":"post_tag","embeddable":true,"href":"https:\/\/radiorevelacionfm.cl\/index.php?rest_route=%2Fwp%2Fv2%2Ftags&post=23330"}],"curies":[{"name":"wp","href":"https:\/\/api.w.org\/{rel}","templated":true}]}}