{"id":23325,"date":"2022-10-21T15:04:49","date_gmt":"2022-10-21T18:04:49","guid":{"rendered":"https:\/\/radiorevelacionfm.cl\/?p=23325"},"modified":"2022-10-21T15:04:49","modified_gmt":"2022-10-21T18:04:49","slug":"realizan-segunda-jornada-hacia-una-educacion-no-sexista-en-jardin-infantil-tia-nora-de-puyuhuapi","status":"publish","type":"post","link":"https:\/\/radiorevelacionfm.cl\/?p=23325","title":{"rendered":"Realizan Segunda Jornada Hacia una Educaci\u00f3n no Sexista en Jard\u00edn Infantil \u00abT\u00eda Nora\u00bb de Puyuhuapi"},"content":{"rendered":"<div class=\"flex_column av_one_full  flex_column_div av-zero-column-padding first  avia-builder-el-0  el_before_av_one_full  avia-builder-el-first  \" style='border-radius:0px; '><div  class='avia-image-container  av-styling-    avia-builder-el-1  avia-builder-el-no-sibling  avia-align-center '  itemprop=\"image\" itemscope=\"itemscope\" itemtype=\"https:\/\/schema.org\/ImageObject\"  ><div class='avia-image-container-inner'><div class='avia-image-overlay-wrap'><img decoding=\"async\" class='wp-image-23326 avia-img-lazy-loading-not-23326 avia_image' src=\"https:\/\/radiorevelacionfm.cl\/wp-content\/uploads\/2022\/10\/jardin3-1_optimized.jpg\" alt='' title='jardin3-(1)_optimized' height=\"600\" width=\"902\"  itemprop=\"thumbnailUrl\" srcset=\"https:\/\/radiorevelacionfm.cl\/wp-content\/uploads\/2022\/10\/jardin3-1_optimized.jpg 902w, https:\/\/radiorevelacionfm.cl\/wp-content\/uploads\/2022\/10\/jardin3-1_optimized-300x200.jpg 300w, https:\/\/radiorevelacionfm.cl\/wp-content\/uploads\/2022\/10\/jardin3-1_optimized-768x511.jpg 768w, https:\/\/radiorevelacionfm.cl\/wp-content\/uploads\/2022\/10\/jardin3-1_optimized-705x469.jpg 705w, https:\/\/radiorevelacionfm.cl\/wp-content\/uploads\/2022\/10\/jardin3-1_optimized-600x399.jpg 600w\" sizes=\"(max-width: 902px) 100vw, 902px\" \/><\/div><\/div><\/div><\/div><div class=\"flex_column av_one_full  flex_column_div av-zero-column-padding first  avia-builder-el-2  el_after_av_one_full  el_before_av_one_full  column-top-margin\" style='border-radius:0px; '><section class=\"av_textblock_section \"  itemscope=\"itemscope\" itemtype=\"https:\/\/schema.org\/BlogPosting\" itemprop=\"blogPost\" ><div class='avia_textblock  '   itemprop=\"text\" ><p style=\"text-align: center;\"><span style=\"font-size: 18pt;\"><b><span lang=\"ES\">Realizan Segunda Jornada Hacia una Educaci\u00f3n no Sexista en Jard\u00edn Infantil \u00abT\u00eda Nora\u00bb de Puyuhuapi<\/span><\/b><\/span><\/p>\n<div id=\"gtx-trans\" style=\"position: absolute; left: -50px; top: 4.31534px;\">\n<div class=\"gtx-trans-icon\"><\/div>\n<\/div>\n<\/div><\/section><\/div><div class=\"flex_column av_one_full  flex_column_div av-zero-column-padding first  avia-builder-el-4  el_after_av_one_full  el_before_av_hr  column-top-margin\" style='border-radius:0px; '><section class=\"av_textblock_section \"  itemscope=\"itemscope\" itemtype=\"https:\/\/schema.org\/BlogPosting\" itemprop=\"blogPost\" ><div class='avia_textblock  '   itemprop=\"text\" ><p class=\"v1MsoNormal\" style=\"text-align: justify;\"><span lang=\"ES\">La Seremi de Educaci\u00f3n de Ays\u00e9n Isabel Garrido Casassa junto a la Jefa Territorial de Calidad Educativa\u00a0 de Fundaci\u00f3n Integra Ver\u00f3nica C\u00e1rcamo Galaz llegaron al jard\u00edn Infantil T\u00eda Nora en Puyuhuapi comuna de Cisnes para participar de una de las actividades contempladas en la Segunda Jornada Hacia una Educaci\u00f3n no Sexista.<\/span><\/p>\n<p class=\"v1MsoNormal\" style=\"text-align: justify;\"><span lang=\"ES\">Durante la actividad ni\u00f1as, ni\u00f1os y apoderados del Jard\u00edn T\u00eda Nora acompa\u00f1ados por la educadora del establecimiento realizaron un ejercicio pedag\u00f3gico con el cuento \u00abEl cumplea\u00f1os de Mico y Mica\u00bb donde todas y todos los participantes deb\u00edan dar un regalo a los protagonistas, y as\u00ed identificar los estereotipos de g\u00e9nero presentes en las distintas generaciones.<\/span><\/p>\n<p class=\"v1MsoNormal\" style=\"text-align: justify;\"><span lang=\"ES\">Esta segunda jornada, denominada \u00abNuestras voces hacen ley\u00bb, se enmarca en el proceso participativo para la elaboraci\u00f3n de la Pol\u00edtica Nacional de Educaci\u00f3n en Afectividad y Sexualidad Integral y est\u00e1 dirigida a estudiantes de prek\u00ednder a IV medio, madres, padres, apoderados y trabajadores de la educaci\u00f3n. Esta instancia de participaci\u00f3n voluntaria est\u00e1 dirigida a las comunidades educativas de todos los establecimientos educacionales del pa\u00eds -municipales, subvencionados y particulares, los cuales podr\u00e1n realizar sus jornadas de reflexi\u00f3n hasta el 18 de noviembre. Estos llevar\u00e1n a cabo distintos ejercicios pedag\u00f3gicos dependiendo del nivel educativo. Asimismo, hay un material especial para madres, padres, apoderados y trabajadores de la educaci\u00f3n, para que todos sean protagonistas de este proceso participativo.<\/span><\/p>\n<p class=\"v1MsoNormal\" style=\"text-align: justify;\"><span lang=\"ES\">Tras participar en la jornada en Puyuhuapi, la Seremi Isabel Garrido invit\u00f3 a todos los establecimientos educacionales de la regi\u00f3n a realizar estas jornadas.<\/span><\/p>\n<p class=\"v1MsoNormal\" style=\"text-align: justify;\"><span lang=\"ES\">\u00abHoy en este jard\u00edn infantil de Fundaci\u00f3n Integra hemos dado la partida en la regi\u00f3n a las segundas jornadas nacionales \u00abHacia una Educaci\u00f3n no Sexista\u00bb cuyo objetivo es recoger las impresiones de las comunidades educativas respecto a c\u00f3mo generar una Pol\u00edtica Nacional de Educaci\u00f3n No Sexista, en que se eduque para la igualdad de oportunidades de las ni\u00f1as y ni\u00f1os independientemente de su g\u00e9nero. Eso es lo que estamos impulsando como gobierno del Presidente Gabriel Boric y por ello es necesario recoger las impresiones en todos los niveles educativos y con la participaci\u00f3n de todos los estamentos de la comunidad para construir esta propuesta de Educaci\u00f3n No Sexista\u00bb.<\/span><\/p>\n<p class=\"v1MsoNormal\" style=\"text-align: justify;\"><span lang=\"ES\">En esa misma l\u00ednea, la Directora del Jard\u00edn Infantil y Sala Cuna T\u00eda Nora Cintia Lazcano Lobos destac\u00f3 la modalidad de las jornadas de reflexi\u00f3n.<\/span><\/p>\n<p class=\"v1MsoNormal\" style=\"text-align: justify;\"><span lang=\"ES\">\u00abEs un buen material, f\u00e1cil de utilizar y es flexible para que cada establecimiento y educadora\u00a0 lo adapte a su realidad. (..) Los ni\u00f1os tienen una disposici\u00f3n natural a realizar las actividades sin distinci\u00f3n de g\u00e9nero y somos los adultos los que colocamos l\u00edmites. En Fundaci\u00f3n Integra nos entregan las herramientas necesarias para trabajar estos temas especialmente con los pap\u00e1s y apoderados\u00bb, afirm\u00f3 la educadora.<\/span><\/p>\n<p class=\"v1MsoNormal\" style=\"text-align: justify;\"><span lang=\"ES\">La apoderada Yuana\u00a0 Pe\u00f1a Llanll\u00e1n valor\u00f3 positivamente esta jornada de reflexi\u00f3n.<\/span><\/p>\n<p class=\"v1MsoNormal\" style=\"text-align: justify;\"><span lang=\"ES\">\u00abMe pareci\u00f3 una muy buena actividad, la din\u00e1mica que utiliz\u00f3 la t\u00eda y la forma en que los ni\u00f1os y ni\u00f1as se expresaron y pudieron entregar los regalos al cumplea\u00f1os de Mico y Mica. Como reflexi\u00f3n, nos dimos cuenta de que podemos lograr que nuestros hijos se formen sin marcar las diferencias de g\u00e9nero. Al final los l\u00edmites los pone uno y somos nosotros quienes formamos en las actitudes y en el car\u00e1cter a nuestros hijos. Ac\u00e1 en el jard\u00edn los ni\u00f1os pueden elegir los colores que ellos quieran, pueden vestirse como quieran y utilizar el juguete que ellos quieran, sin distinciones por g\u00e9nero y eso me pareci\u00f3 hermoso\u00bb.<\/span><\/p>\n<p class=\"v1MsoNormal\" style=\"text-align: justify;\"><span lang=\"ES\">\u00a0<\/span><\/p>\n<p class=\"v1MsoNormal\" style=\"text-align: justify;\"><b><span lang=\"ES\">Dise\u00f1o Pol\u00edtica Nacional de Educaci\u00f3n en Afectividad y Sexualidad Integral<\/span><\/b><\/p>\n<p class=\"v1MsoNormal\" style=\"text-align: justify;\"><span lang=\"ES\">Para generar el documento que dar\u00e1 paso al dise\u00f1o\u00a0<a name=\"_Hlk117241095\"><\/a>de la Pol\u00edtica Nacional de Educaci\u00f3n en Afectividad y Sexualidad Integral,\u00a0las y los docentes que encabecen las actividades deber\u00e1n escribir las opiniones y reflexiones de las y los participantes de las jornadas y subirlas a la plataforma dispuesta para ello\u00a0<\/span><span lang=\"ES\"><a href=\"https:\/\/nam02.safelinks.protection.outlook.com\/?url=https%3A%2F%2Feducacionnosexista.mineduc.cl%2F&amp;data=05%7C01%7Ccamilo.gomez%40mineduc.cl%7C85224ba061bd4de83cb808daac77c049%7C2e4cfe500580414093874ecde39def60%7C0%7C0%7C638011927662319716%7CUnknown%7CTWFpbGZsb3d8eyJWIjoiMC4wLjAwMDAiLCJQIjoiV2luMzIiLCJBTiI6Ik1haWwiLCJXVCI6Mn0%3D%7C3000%7C%7C%7C&amp;sdata=%2BHcsoztVZwVHDx3PD9aLx4Rvi4pGNzzwzREljvsUlOg%3D&amp;reserved=0\" target=\"_blank\" rel=\"noopener noreferrer\">https:\/\/educacionnosexista.mineduc.cl\/<\/a><\/span><span lang=\"ES\">.<\/span><\/p>\n<\/div><\/section><\/div><div  style='height:50px' class='hr hr-invisible   avia-builder-el-6  el_after_av_one_full  el_before_av_social_share '><span class='hr-inner ' ><span class='hr-inner-style'><\/span><\/span><\/div><\/p>\n<div  class='av-social-sharing-box  avia-builder-el-7  el_after_av_hr  el_before_av_hr  '><div class='av-share-box'><h5 class='av-share-link-description av-no-toc '>Compartir esta noticia<\/h5><ul class='av-share-box-list noLightbox'><li class='av-share-link av-social-link-facebook' ><a target=\"_blank\" aria-label=\"Compartir en Facebook\" href='https:\/\/www.facebook.com\/sharer.php?u=https:\/\/radiorevelacionfm.cl\/?p=23325&#038;t=Realizan%20Segunda%20Jornada%20Hacia%20una%20Educaci%C3%B3n%20no%20Sexista%20en%20Jard%C3%ADn%20Infantil%20%C2%ABT%C3%ADa%20Nora%C2%BB%20de%20Puyuhuapi' aria-hidden='false' data-av_icon='\ue8f3' data-av_iconfont='entypo-fontello' title='' data-avia-related-tooltip='Compartir en Facebook' rel=\"noopener\"><span class='avia_hidden_link_text'>Compartir en Facebook<\/span><\/a><\/li><li class='av-share-link av-social-link-twitter' ><a target=\"_blank\" aria-label=\"Compartir en Twitter\" href='https:\/\/twitter.com\/share?text=Realizan%20Segunda%20Jornada%20Hacia%20una%20Educaci%C3%B3n%20no%20Sexista%20en%20Jard%C3%ADn%20Infantil%20%C2%ABT%C3%ADa%20Nora%C2%BB%20de%20Puyuhuapi&#038;url=https:\/\/radiorevelacionfm.cl\/?p=23325' aria-hidden='false' data-av_icon='\ue8f1' data-av_iconfont='entypo-fontello' title='' data-avia-related-tooltip='Compartir en Twitter' rel=\"noopener\"><span class='avia_hidden_link_text'>Compartir en Twitter<\/span><\/a><\/li><li class='av-share-link av-social-link-whatsapp' ><a target=\"_blank\" aria-label=\"Compartir en Whatsapp\" href='https:\/\/api.whatsapp.com\/send?text=https:\/\/radiorevelacionfm.cl\/?p=23325' aria-hidden='false' data-av_icon='\uf232' data-av_iconfont='entypo-fontello' title='' data-avia-related-tooltip='Compartir en Whatsapp' rel=\"noopener\"><span class='avia_hidden_link_text'>Compartir en Whatsapp<\/span><\/a><\/li><li class='av-share-link av-social-link-linkedin' ><a target=\"_blank\" aria-label=\"Compartir en LinkedIn\" href='https:\/\/linkedin.com\/shareArticle?mini=true&#038;title=Realizan%20Segunda%20Jornada%20Hacia%20una%20Educaci%C3%B3n%20no%20Sexista%20en%20Jard%C3%ADn%20Infantil%20%C2%ABT%C3%ADa%20Nora%C2%BB%20de%20Puyuhuapi&#038;url=https:\/\/radiorevelacionfm.cl\/?p=23325' aria-hidden='false' data-av_icon='\ue8fc' data-av_iconfont='entypo-fontello' title='' data-avia-related-tooltip='Compartir en LinkedIn' rel=\"noopener\"><span class='avia_hidden_link_text'>Compartir en LinkedIn<\/span><\/a><\/li><li class='av-share-link av-social-link-mail' ><a  aria-label=\"Compartir por correo\" href='mailto:?subject=Realizan%20Segunda%20Jornada%20Hacia%20una%20Educaci%C3%B3n%20no%20Sexista%20en%20Jard%C3%ADn%20Infantil%20%C2%ABT%C3%ADa%20Nora%C2%BB%20de%20Puyuhuapi&#038;body=https:\/\/radiorevelacionfm.cl\/?p=23325' aria-hidden='false' data-av_icon='\ue805' data-av_iconfont='entypo-fontello' title='' data-avia-related-tooltip='Compartir por correo'><span class='avia_hidden_link_text'>Compartir por correo<\/span><\/a><\/li><\/ul><\/div><\/div>\n<div  style='height:50px' class='hr hr-invisible   avia-builder-el-8  el_after_av_social_share  el_before_av_comments_list '><span class='hr-inner ' ><span class='hr-inner-style'><\/span><\/span><\/div>\n<div  class='av-buildercomment  av-blog-meta-html-info-disabled av-blog-meta-tag-disabled  '><\/div>\n","protected":false},"excerpt":{"rendered":"","protected":false},"author":1,"featured_media":23326,"comment_status":"open","ping_status":"open","sticky":false,"template":"","format":"standard","meta":{"footnotes":""},"categories":[49],"tags":[],"class_list":["post-23325","post","type-post","status-publish","format-standard","has-post-thumbnail","hentry","category-educacion"],"jetpack_featured_media_url":"https:\/\/radiorevelacionfm.cl\/wp-content\/uploads\/2022\/10\/jardin3-1_optimized.jpg","_links":{"self":[{"href":"https:\/\/radiorevelacionfm.cl\/index.php?rest_route=\/wp\/v2\/posts\/23325","targetHints":{"allow":["GET"]}}],"collection":[{"href":"https:\/\/radiorevelacionfm.cl\/index.php?rest_route=\/wp\/v2\/posts"}],"about":[{"href":"https:\/\/radiorevelacionfm.cl\/index.php?rest_route=\/wp\/v2\/types\/post"}],"author":[{"embeddable":true,"href":"https:\/\/radiorevelacionfm.cl\/index.php?rest_route=\/wp\/v2\/users\/1"}],"replies":[{"embeddable":true,"href":"https:\/\/radiorevelacionfm.cl\/index.php?rest_route=%2Fwp%2Fv2%2Fcomments&post=23325"}],"version-history":[{"count":2,"href":"https:\/\/radiorevelacionfm.cl\/index.php?rest_route=\/wp\/v2\/posts\/23325\/revisions"}],"predecessor-version":[{"id":23328,"href":"https:\/\/radiorevelacionfm.cl\/index.php?rest_route=\/wp\/v2\/posts\/23325\/revisions\/23328"}],"wp:featuredmedia":[{"embeddable":true,"href":"https:\/\/radiorevelacionfm.cl\/index.php?rest_route=\/wp\/v2\/media\/23326"}],"wp:attachment":[{"href":"https:\/\/radiorevelacionfm.cl\/index.php?rest_route=%2Fwp%2Fv2%2Fmedia&parent=23325"}],"wp:term":[{"taxonomy":"category","embeddable":true,"href":"https:\/\/radiorevelacionfm.cl\/index.php?rest_route=%2Fwp%2Fv2%2Fcategories&post=23325"},{"taxonomy":"post_tag","embeddable":true,"href":"https:\/\/radiorevelacionfm.cl\/index.php?rest_route=%2Fwp%2Fv2%2Ftags&post=23325"}],"curies":[{"name":"wp","href":"https:\/\/api.w.org\/{rel}","templated":true}]}}