{"id":23321,"date":"2022-10-22T10:37:49","date_gmt":"2022-10-22T13:37:49","guid":{"rendered":"https:\/\/radiorevelacionfm.cl\/?p=23321"},"modified":"2022-10-22T10:37:49","modified_gmt":"2022-10-22T13:37:49","slug":"se-inicio-postulacion-al-segundo-llamado-del-subsidio-habitacional-para-sectores-medios","status":"publish","type":"post","link":"https:\/\/radiorevelacionfm.cl\/?p=23321","title":{"rendered":"Se inici\u00f3 postulaci\u00f3n al segundo llamado del Subsidio Habitacional para Sectores Medios"},"content":{"rendered":"<div class=\"flex_column av_one_full  flex_column_div av-zero-column-padding first  avia-builder-el-0  el_before_av_one_full  avia-builder-el-first  \" style='border-radius:0px; '><div  class='avia-image-container  av-styling-    avia-builder-el-1  avia-builder-el-no-sibling  avia-align-center '  itemprop=\"image\" itemscope=\"itemscope\" itemtype=\"https:\/\/schema.org\/ImageObject\"  ><div class='avia-image-container-inner'><div class='avia-image-overlay-wrap'><img decoding=\"async\" class='wp-image-23323 avia-img-lazy-loading-not-23323 avia_image' src=\"https:\/\/radiorevelacionfm.cl\/wp-content\/uploads\/2022\/10\/foto-achivo-viviendas-coyhaique-1_optimized-1.jpg\" alt='' title='foto-achivo-viviendas-coyhaique-(1)_optimized (1)' height=\"600\" width=\"923\"  itemprop=\"thumbnailUrl\" srcset=\"https:\/\/radiorevelacionfm.cl\/wp-content\/uploads\/2022\/10\/foto-achivo-viviendas-coyhaique-1_optimized-1.jpg 923w, https:\/\/radiorevelacionfm.cl\/wp-content\/uploads\/2022\/10\/foto-achivo-viviendas-coyhaique-1_optimized-1-300x195.jpg 300w, https:\/\/radiorevelacionfm.cl\/wp-content\/uploads\/2022\/10\/foto-achivo-viviendas-coyhaique-1_optimized-1-768x499.jpg 768w, https:\/\/radiorevelacionfm.cl\/wp-content\/uploads\/2022\/10\/foto-achivo-viviendas-coyhaique-1_optimized-1-705x458.jpg 705w, https:\/\/radiorevelacionfm.cl\/wp-content\/uploads\/2022\/10\/foto-achivo-viviendas-coyhaique-1_optimized-1-600x390.jpg 600w\" sizes=\"(max-width: 923px) 100vw, 923px\" \/><\/div><\/div><\/div><\/div><div class=\"flex_column av_one_full  flex_column_div av-zero-column-padding first  avia-builder-el-2  el_after_av_one_full  el_before_av_one_full  column-top-margin\" style='border-radius:0px; '><section class=\"av_textblock_section \"  itemscope=\"itemscope\" itemtype=\"https:\/\/schema.org\/BlogPosting\" itemprop=\"blogPost\" ><div class='avia_textblock  '   itemprop=\"text\" ><p style=\"text-align: center;\"><strong><span style=\"font-size: 18pt;\">Se inici\u00f3 postulaci\u00f3n al segundo llamado del Subsidio Habitacional para Sectores Medios<\/span><\/strong><\/p>\n<div id=\"gtx-trans\" style=\"position: absolute; left: -50px; top: 4.31534px;\">\n<div class=\"gtx-trans-icon\"><\/div>\n<\/div>\n<\/div><\/section><\/div><div class=\"flex_column av_one_full  flex_column_div av-zero-column-padding first  avia-builder-el-4  el_after_av_one_full  el_before_av_hr  column-top-margin\" style='border-radius:0px; '><section class=\"av_textblock_section \"  itemscope=\"itemscope\" itemtype=\"https:\/\/schema.org\/BlogPosting\" itemprop=\"blogPost\" ><div class='avia_textblock  '   itemprop=\"text\" ><p style=\"text-align: justify;\">El pasado mi\u00e9rcoles 19 de octubre, el Ministerio de Vivienda y Urbanismo anunci\u00f3 la apertura de un nuevo llamado para postular al Subsidio para familias de sectores medios (D.S.1), y que se extender\u00e1 hasta el viernes 28 de octubre a las 16:00 horas. Este segundo llamado del a\u00f1o, permite a las familias acceder a un subsidio habitacional complementando en algunos casos con un cr\u00e9dito hipotecario. Los interesados deben contar con el ahorro, que deb\u00eda estar depositado en sus cuentas a m\u00e1s tardar el pasado 30 de septiembre.<\/p>\n<p style=\"text-align: justify;\">Este beneficio, en sus diferentes modalidades, est\u00e1 enfocado hacia las familias que no son propietarias de una vivienda, que cuentan con una capacidad de ahorro y\/o acceso a un cr\u00e9dito hipotecario, pero que requieren de un apoyo por parte del Estado para lograr una soluci\u00f3n habitacional definitiva.<\/p>\n<p style=\"text-align: justify;\">La Seremi de Vivienda, Paulina Ruz, hizo un llamado a nuestra comunidad regional a aprovechar este beneficio que est\u00e1 dirigido a miles de familias que est\u00e1n esperando una oportunidad como esta para tener su casa y mejorar su calidad de vida. \u201cInvitamos a todas las familias de sectores emergentes y medios de nuestra regi\u00f3n, que est\u00e9n interesadas, a que se informen y postulen hasta el viernes 28 de octubre a este subsidio que sin duda podr\u00e1 ser de gran ayuda para cumplir el objetivo de obtener la casa propia. Como ha indicado nuestro Ministro Carlos Montes, hay distintas modalidades para aplicar este beneficio, como la compra de viviendas nuevas, viviendas usadas o la construcci\u00f3n en sitio propio, que ha sido utilizada con \u00e9xito en varias comunas de nuestra regi\u00f3n, tanto en zonas urbanas como rurales\u201d, record\u00f3.<\/p>\n<p style=\"text-align: justify;\">Las opciones para postular son:<\/p>\n<ul style=\"text-align: justify;\">\n<li>V\u00eda autom\u00e1tica:\u00a0Est\u00e1 operativa desde del 19 de octubre y es para aquellas personas que postularon al Primer Llamado 2022 (realizado entre el 19 y el 29 de abril de este a\u00f1o) y que no fueron seleccionadas. Podr\u00e1n postular si cumplen con los requisitos exigidos y aceptar la propuesta que el Minvu enviar\u00e1 a sus correos electr\u00f3nicos o directamente en <a href=\"http:\/\/www.minvu.cl\">www.minvu.cl<\/a>.<\/li>\n<li>Postulaci\u00f3n en l\u00ednea:\u00a0Est\u00e1 vigente desde el 20 de octubre y est\u00e1 dirigida a personas interesadas en postular en la modalidad de adquisici\u00f3n de viviendas, en la alternativa individual. Para esto, tanto el postulante como los integrantes de su n\u00facleo familiar mayores de 18 a\u00f1os, exceptuando a su c\u00f3nyuge, deben contar con su Clave \u00danica entregada por el Servicio de Registro Civil e Identificaci\u00f3n; tener sus ahorros en instituciones financieras en l\u00ednea con el Minvu (Banco Estado, Banco Scotiabank, Coopeuch y Caja Los Andes); y que no necesiten acreditar ninguna situaci\u00f3n especial con documentaci\u00f3n anexa.<\/li>\n<li>Formulario de Atenci\u00f3n Ciudadana:\u00a0A partir del 24 de octubre, podr\u00e1n hacer el tr\u00e1mite las personas que no puedan materializar su postulaci\u00f3n a trav\u00e9s de las v\u00edas antes se\u00f1aladas. Ellas podr\u00e1n presentar su solicitud de postulaci\u00f3n a trav\u00e9s de la plataforma \u201cFormulario de Atenci\u00f3n Ciudadana\u201d adjuntando los documentos que ser\u00e1n solicitados.<\/li>\n<\/ul>\n<p style=\"text-align: justify;\">Entre las consideraciones especiales para este llamado est\u00e1n que se aceptar\u00e1n las c\u00e9dulas de Identidad que no est\u00e9n vigentes; que no se exigir\u00e1 preaprobaci\u00f3n de un cr\u00e9dito hipotecario y tambi\u00e9n<\/p>\n<p style=\"text-align: justify;\">para aquellos postulantes a la modalidad de Construcci\u00f3n en Sitio Propio que hayan postulado al primer o segundo llamado 2021\u00a0o primer llamado 2022 y que no resultaron seleccionados, se les considerar\u00e1n los documentos de acreditaci\u00f3n del terreno y factibilidades presentados en los anteriores llamados.<\/p>\n<\/div><\/section><\/div><div  style='height:50px' class='hr hr-invisible   avia-builder-el-6  el_after_av_one_full  el_before_av_social_share '><span class='hr-inner ' ><span class='hr-inner-style'><\/span><\/span><\/div><\/p>\n<div  class='av-social-sharing-box  avia-builder-el-7  el_after_av_hr  el_before_av_hr  '><div class='av-share-box'><h5 class='av-share-link-description av-no-toc '>Compartir esta noticia<\/h5><ul class='av-share-box-list noLightbox'><li class='av-share-link av-social-link-facebook' ><a target=\"_blank\" aria-label=\"Compartir en Facebook\" href='https:\/\/www.facebook.com\/sharer.php?u=https:\/\/radiorevelacionfm.cl\/?p=23321&#038;t=Se%20inici%C3%B3%20postulaci%C3%B3n%20al%20segundo%20llamado%20del%20Subsidio%20Habitacional%20para%20Sectores%20Medios' aria-hidden='false' data-av_icon='\ue8f3' data-av_iconfont='entypo-fontello' title='' data-avia-related-tooltip='Compartir en Facebook' rel=\"noopener\"><span class='avia_hidden_link_text'>Compartir en Facebook<\/span><\/a><\/li><li class='av-share-link av-social-link-twitter' ><a target=\"_blank\" aria-label=\"Compartir en Twitter\" href='https:\/\/twitter.com\/share?text=Se%20inici%C3%B3%20postulaci%C3%B3n%20al%20segundo%20llamado%20del%20Subsidio%20Habitacional%20para%20Sectores%20Medios&#038;url=https:\/\/radiorevelacionfm.cl\/?p=23321' aria-hidden='false' data-av_icon='\ue8f1' data-av_iconfont='entypo-fontello' title='' data-avia-related-tooltip='Compartir en Twitter' rel=\"noopener\"><span class='avia_hidden_link_text'>Compartir en Twitter<\/span><\/a><\/li><li class='av-share-link av-social-link-whatsapp' ><a target=\"_blank\" aria-label=\"Compartir en Whatsapp\" href='https:\/\/api.whatsapp.com\/send?text=https:\/\/radiorevelacionfm.cl\/?p=23321' aria-hidden='false' data-av_icon='\uf232' data-av_iconfont='entypo-fontello' title='' data-avia-related-tooltip='Compartir en Whatsapp' rel=\"noopener\"><span class='avia_hidden_link_text'>Compartir en Whatsapp<\/span><\/a><\/li><li class='av-share-link av-social-link-linkedin' ><a target=\"_blank\" aria-label=\"Compartir en LinkedIn\" href='https:\/\/linkedin.com\/shareArticle?mini=true&#038;title=Se%20inici%C3%B3%20postulaci%C3%B3n%20al%20segundo%20llamado%20del%20Subsidio%20Habitacional%20para%20Sectores%20Medios&#038;url=https:\/\/radiorevelacionfm.cl\/?p=23321' aria-hidden='false' data-av_icon='\ue8fc' data-av_iconfont='entypo-fontello' title='' data-avia-related-tooltip='Compartir en LinkedIn' rel=\"noopener\"><span class='avia_hidden_link_text'>Compartir en LinkedIn<\/span><\/a><\/li><li class='av-share-link av-social-link-mail' ><a  aria-label=\"Compartir por correo\" href='mailto:?subject=Se%20inici%C3%B3%20postulaci%C3%B3n%20al%20segundo%20llamado%20del%20Subsidio%20Habitacional%20para%20Sectores%20Medios&#038;body=https:\/\/radiorevelacionfm.cl\/?p=23321' aria-hidden='false' data-av_icon='\ue805' data-av_iconfont='entypo-fontello' title='' data-avia-related-tooltip='Compartir por correo'><span class='avia_hidden_link_text'>Compartir por correo<\/span><\/a><\/li><\/ul><\/div><\/div>\n<div  style='height:50px' class='hr hr-invisible   avia-builder-el-8  el_after_av_social_share  el_before_av_comments_list '><span class='hr-inner ' ><span class='hr-inner-style'><\/span><\/span><\/div>\n<div  class='av-buildercomment  av-blog-meta-html-info-disabled av-blog-meta-tag-disabled  '><\/div>\n","protected":false},"excerpt":{"rendered":"","protected":false},"author":1,"featured_media":23323,"comment_status":"open","ping_status":"open","sticky":false,"template":"","format":"standard","meta":{"footnotes":""},"categories":[57],"tags":[],"class_list":["post-23321","post","type-post","status-publish","format-standard","has-post-thumbnail","hentry","category-vivienda"],"jetpack_featured_media_url":"https:\/\/radiorevelacionfm.cl\/wp-content\/uploads\/2022\/10\/foto-achivo-viviendas-coyhaique-1_optimized-1.jpg","_links":{"self":[{"href":"https:\/\/radiorevelacionfm.cl\/index.php?rest_route=\/wp\/v2\/posts\/23321","targetHints":{"allow":["GET"]}}],"collection":[{"href":"https:\/\/radiorevelacionfm.cl\/index.php?rest_route=\/wp\/v2\/posts"}],"about":[{"href":"https:\/\/radiorevelacionfm.cl\/index.php?rest_route=\/wp\/v2\/types\/post"}],"author":[{"embeddable":true,"href":"https:\/\/radiorevelacionfm.cl\/index.php?rest_route=\/wp\/v2\/users\/1"}],"replies":[{"embeddable":true,"href":"https:\/\/radiorevelacionfm.cl\/index.php?rest_route=%2Fwp%2Fv2%2Fcomments&post=23321"}],"version-history":[{"count":2,"href":"https:\/\/radiorevelacionfm.cl\/index.php?rest_route=\/wp\/v2\/posts\/23321\/revisions"}],"predecessor-version":[{"id":23363,"href":"https:\/\/radiorevelacionfm.cl\/index.php?rest_route=\/wp\/v2\/posts\/23321\/revisions\/23363"}],"wp:featuredmedia":[{"embeddable":true,"href":"https:\/\/radiorevelacionfm.cl\/index.php?rest_route=\/wp\/v2\/media\/23323"}],"wp:attachment":[{"href":"https:\/\/radiorevelacionfm.cl\/index.php?rest_route=%2Fwp%2Fv2%2Fmedia&parent=23321"}],"wp:term":[{"taxonomy":"category","embeddable":true,"href":"https:\/\/radiorevelacionfm.cl\/index.php?rest_route=%2Fwp%2Fv2%2Fcategories&post=23321"},{"taxonomy":"post_tag","embeddable":true,"href":"https:\/\/radiorevelacionfm.cl\/index.php?rest_route=%2Fwp%2Fv2%2Ftags&post=23321"}],"curies":[{"name":"wp","href":"https:\/\/api.w.org\/{rel}","templated":true}]}}