{"id":23313,"date":"2022-10-21T10:46:43","date_gmt":"2022-10-21T13:46:43","guid":{"rendered":"https:\/\/radiorevelacionfm.cl\/?p=23313"},"modified":"2022-10-21T10:46:43","modified_gmt":"2022-10-21T13:46:43","slug":"avanza-proceso-de-concrecion-de-proyecto-conservacion-escuela-basica-ribera-sur-en-puerto-aysen","status":"publish","type":"post","link":"https:\/\/radiorevelacionfm.cl\/?p=23313","title":{"rendered":"Avanza proceso de concreci\u00f3n de proyecto conservaci\u00f3n Escuela B\u00e1sica Ribera Sur en Puerto Ays\u00e9n"},"content":{"rendered":"<div class=\"flex_column av_one_full  flex_column_div av-zero-column-padding first  avia-builder-el-0  el_before_av_one_full  avia-builder-el-first  \" style='border-radius:0px; '><div  class='avia-image-container  av-styling-    avia-builder-el-1  avia-builder-el-no-sibling  avia-align-center '  itemprop=\"image\" itemscope=\"itemscope\" itemtype=\"https:\/\/schema.org\/ImageObject\"  ><div class='avia-image-container-inner'><div class='avia-image-overlay-wrap'><img decoding=\"async\" class='wp-image-23314 avia-img-lazy-loading-not-23314 avia_image' src=\"https:\/\/radiorevelacionfm.cl\/wp-content\/uploads\/2022\/10\/frontis-Ribera-Sur-2-1.jpg\" alt='' title='frontis-Ribera-Sur (2) (1)' height=\"600\" width=\"800\"  itemprop=\"thumbnailUrl\" srcset=\"https:\/\/radiorevelacionfm.cl\/wp-content\/uploads\/2022\/10\/frontis-Ribera-Sur-2-1.jpg 800w, https:\/\/radiorevelacionfm.cl\/wp-content\/uploads\/2022\/10\/frontis-Ribera-Sur-2-1-300x225.jpg 300w, https:\/\/radiorevelacionfm.cl\/wp-content\/uploads\/2022\/10\/frontis-Ribera-Sur-2-1-768x576.jpg 768w, https:\/\/radiorevelacionfm.cl\/wp-content\/uploads\/2022\/10\/frontis-Ribera-Sur-2-1-705x529.jpg 705w, https:\/\/radiorevelacionfm.cl\/wp-content\/uploads\/2022\/10\/frontis-Ribera-Sur-2-1-600x450.jpg 600w\" sizes=\"(max-width: 800px) 100vw, 800px\" \/><\/div><\/div><\/div><\/div><div class=\"flex_column av_one_full  flex_column_div av-zero-column-padding first  avia-builder-el-2  el_after_av_one_full  el_before_av_one_full  column-top-margin\" style='border-radius:0px; '><section class=\"av_textblock_section \"  itemscope=\"itemscope\" itemtype=\"https:\/\/schema.org\/BlogPosting\" itemprop=\"blogPost\" ><div class='avia_textblock  '   itemprop=\"text\" ><p style=\"text-align: center;\"><span style=\"font-size: 18pt;\"><strong>Avanza proceso de concreci\u00f3n de proyecto conservaci\u00f3n Escuela Ribera Sur en Puerto Ays\u00e9n<\/strong><\/span><\/p>\n<div id=\"gtx-trans\" style=\"position: absolute; left: -50px; top: 4.31534px;\">\n<div class=\"gtx-trans-icon\"><\/div>\n<\/div>\n<\/div><\/section><\/div><div class=\"flex_column av_one_full  flex_column_div av-zero-column-padding first  avia-builder-el-4  el_after_av_one_full  el_before_av_hr  column-top-margin\" style='border-radius:0px; '><section class=\"av_textblock_section \"  itemscope=\"itemscope\" itemtype=\"https:\/\/schema.org\/BlogPosting\" itemprop=\"blogPost\" ><div class='avia_textblock  '   itemprop=\"text\" ><p style=\"text-align: justify;\">Feliz se encuentra la comunidad educativa de la escuela B\u00e1sica Ribera Sur en Puerto Ays\u00e9n, luego que este jueves, en el marco de una sesi\u00f3n de concejo municipal, fuera aprobada de forma un\u00e1nime, la contrataci\u00f3n de empresa que permitir\u00e1 la ejecuci\u00f3n del proyecto \u201cConservaci\u00f3n escuela Ribera Sur, Comuna de Ays\u00e9n\u201d.<\/p>\n<p style=\"text-align: justify;\">Iniciativa adjudicada en licitaci\u00f3n privada por la empresa Sociedad de Servicio Cerro Cord\u00f3n Ltda, por un monto que asciende a los $284 millones y que, tras realizar el proceso administrativo -referente a la redacci\u00f3n del contrato y gesti\u00f3n de garant\u00edas, entre otras-, tendr\u00e1 un plazo de 150 d\u00edas corridos a partir de la entrega de terreno, que se proyecta a priori para el mes de diciembre de 2022.<\/p>\n<p style=\"text-align: justify;\">\u201cEste es un proyecto tremendamente sensible para la comunidad en una infraestructura que ya tiene varios a\u00f1os, poca intervenci\u00f3n y, sin duda, es necesario relevar este hito de la gesti\u00f3n del alcalde Julio Uribe, as\u00ed como el trabajo del equipo de Proyectos del DEM y, por supuesto, la motivaci\u00f3n y compromiso de los apoderados y la comunidad de la escuela. Estamos realmente contentos y felices\u201d, manifest\u00f3 tras la votaci\u00f3n el director de la Educaci\u00f3n Municipal de Ays\u00e9n, Patricio B\u00f3rquez.<\/p>\n<p style=\"text-align: justify;\">Uno de los principales objetivos del proyecto -el cual fue licitado sin \u00e9xito en dos oportunidades a trav\u00e9s de la plataforma mercado p\u00fablico-, es la reposici\u00f3n de la cubierta existente, que contempla una superficie estimada de 2.200 m2, de manera de poder mejorar las condiciones t\u00e9rmicas y eliminar en forma definitiva las filtraciones en el establecimiento.<\/p>\n<p style=\"text-align: justify;\">Asimismo, contempla la reposici\u00f3n total de ventanas y puertas principales del establecimiento, y el mejoramiento de la fachada principal, a lo que se suma el mejoramiento de los servicios higi\u00e9nicos de los estudiantes, considerando la redistribuci\u00f3n de los artefactos sanitarios, la reposici\u00f3n de m\u00f3dulos divisorios, revestimientos interiores de piso y muros, con nuevas conexiones para eliminar fugas y permitir un funcionamiento adecuado.<\/p>\n<p style=\"text-align: justify;\">La iniciativa responde a la necesidad de mejorar las condiciones de infraestructura dl recinto educativo, emplazado en el sector Ribera Sur de Puerto Ays\u00e9n, considerando su deterior, debido a su data de construcci\u00f3n. Por lo cual, se realizar\u00e1 una conservaci\u00f3n general de la envolvente t\u00e9rmica, de manera de prolongar la vida \u00fatil del establecimiento y entregar un servicio educacional adecuado, con las condiciones de confort para el bienestar de los estudiantes y su comunidad educativa.<\/p>\n<p style=\"text-align: justify;\">\u201cLa verdad es que ha sido un proceso largo para poder sacar adelante este proyecto. Hoy ha sido aprobado y estamos muy contentos por ello. Es necesario realizar algunos tr\u00e1mites administrativos propias de estos procesos para, una vez listo, hacer la entrega de terreno a la empresa que, creemos podr\u00e1 efectuarse a mediados de diciembre, para poder realizar los trabajos durante la \u00e9poca de verano, para trabajar con mayor tranquilidad con todo el horario disponible\u201d, explic\u00f3 la jefa de la unidad de Proyectos del DEM, Karen Faundes.<\/p>\n<p style=\"text-align: justify;\">Por su parte, satisfecho se encuentra el director de la escuela, Edgar C\u00e1ceres, quien agradeci\u00f3 esta aprobaci\u00f3n que permitir\u00e1 avanzar, tal cual han hecho con cada uno de los desaf\u00edos autoimpuestos, en esta instituci\u00f3n educativa que recientemente cumpli\u00f3 33 a\u00f1os desde su fundaci\u00f3n. \u201cBastante contentos porque ya se empieza a concretar un proyecto que viene hace mucho tiempo, si bien puede ser un peque\u00f1o avance en la educaci\u00f3n municipal, viene a ser un tremendo paso para la escuela Ribera Sur. Para nosotros esta es la primera gran intervenci\u00f3n que vamos a tener en esta trayectoria de m\u00e1s de 30 a\u00f1os. Importante porque eso nos va a permitir tener salas m\u00e1s adecuadas, la energ\u00eda cal\u00f3rica va a estar mucho m\u00e1s concentrada. Esto viene a ser un b\u00e1lsamo para nosotros que, desde hace mucho tiempo, comenzamos con un trabajo que ha significado cambiar el logo escolar, y que seguimos trabajando profundamente para lograr cambios no solamente estructurales, sino que de forma y de fondo\u201d, se\u00f1al\u00f3 el director de la EBRS, Edgar C\u00e1ceres.<\/p>\n<p style=\"text-align: justify;\">Se\u00f1alar que el financiamiento de este proyecto corresponde a la asignaci\u00f3n de recursos de Conservaci\u00f3n del Ministerio de Educaci\u00f3n del Fondo de Conservaci\u00f3n de Infraestructura, adjudicado en la convocatoria 2021, y que permitir\u00e1 mejoras en dos establecimientos de la regi\u00f3n, siendo uno de ellos la escuela b\u00e1sica Ribera Sur, en Puerto Ays\u00e9n.<\/p>\n<\/div><\/section><\/div><div  style='height:50px' class='hr hr-invisible   avia-builder-el-6  el_after_av_one_full  el_before_av_social_share '><span class='hr-inner ' ><span class='hr-inner-style'><\/span><\/span><\/div><\/p>\n<div  class='av-social-sharing-box  avia-builder-el-7  el_after_av_hr  el_before_av_hr  '><div class='av-share-box'><h5 class='av-share-link-description av-no-toc '>Compartir esta noticia<\/h5><ul class='av-share-box-list noLightbox'><li class='av-share-link av-social-link-facebook' ><a target=\"_blank\" aria-label=\"Compartir en Facebook\" href='https:\/\/www.facebook.com\/sharer.php?u=https:\/\/radiorevelacionfm.cl\/?p=23313&#038;t=Avanza%20proceso%20de%20concreci%C3%B3n%20de%20proyecto%20conservaci%C3%B3n%20Escuela%20B%C3%A1sica%20Ribera%20Sur%20en%20Puerto%20Ays%C3%A9n' aria-hidden='false' data-av_icon='\ue8f3' data-av_iconfont='entypo-fontello' title='' data-avia-related-tooltip='Compartir en Facebook' rel=\"noopener\"><span class='avia_hidden_link_text'>Compartir en Facebook<\/span><\/a><\/li><li class='av-share-link av-social-link-twitter' ><a target=\"_blank\" aria-label=\"Compartir en Twitter\" href='https:\/\/twitter.com\/share?text=Avanza%20proceso%20de%20concreci%C3%B3n%20de%20proyecto%20conservaci%C3%B3n%20Escuela%20B%C3%A1sica%20Ribera%20Sur%20en%20Puerto%20Ays%C3%A9n&#038;url=https:\/\/radiorevelacionfm.cl\/?p=23313' aria-hidden='false' data-av_icon='\ue8f1' data-av_iconfont='entypo-fontello' title='' data-avia-related-tooltip='Compartir en Twitter' rel=\"noopener\"><span class='avia_hidden_link_text'>Compartir en Twitter<\/span><\/a><\/li><li class='av-share-link av-social-link-whatsapp' ><a target=\"_blank\" aria-label=\"Compartir en Whatsapp\" href='https:\/\/api.whatsapp.com\/send?text=https:\/\/radiorevelacionfm.cl\/?p=23313' aria-hidden='false' data-av_icon='\uf232' data-av_iconfont='entypo-fontello' title='' data-avia-related-tooltip='Compartir en Whatsapp' rel=\"noopener\"><span class='avia_hidden_link_text'>Compartir en Whatsapp<\/span><\/a><\/li><li class='av-share-link av-social-link-linkedin' ><a target=\"_blank\" aria-label=\"Compartir en LinkedIn\" href='https:\/\/linkedin.com\/shareArticle?mini=true&#038;title=Avanza%20proceso%20de%20concreci%C3%B3n%20de%20proyecto%20conservaci%C3%B3n%20Escuela%20B%C3%A1sica%20Ribera%20Sur%20en%20Puerto%20Ays%C3%A9n&#038;url=https:\/\/radiorevelacionfm.cl\/?p=23313' aria-hidden='false' data-av_icon='\ue8fc' data-av_iconfont='entypo-fontello' title='' data-avia-related-tooltip='Compartir en LinkedIn' rel=\"noopener\"><span class='avia_hidden_link_text'>Compartir en LinkedIn<\/span><\/a><\/li><li class='av-share-link av-social-link-mail' ><a  aria-label=\"Compartir por correo\" href='mailto:?subject=Avanza%20proceso%20de%20concreci%C3%B3n%20de%20proyecto%20conservaci%C3%B3n%20Escuela%20B%C3%A1sica%20Ribera%20Sur%20en%20Puerto%20Ays%C3%A9n&#038;body=https:\/\/radiorevelacionfm.cl\/?p=23313' aria-hidden='false' data-av_icon='\ue805' data-av_iconfont='entypo-fontello' title='' data-avia-related-tooltip='Compartir por correo'><span class='avia_hidden_link_text'>Compartir por correo<\/span><\/a><\/li><\/ul><\/div><\/div>\n<div  style='height:50px' class='hr hr-invisible   avia-builder-el-8  el_after_av_social_share  el_before_av_comments_list '><span class='hr-inner ' ><span class='hr-inner-style'><\/span><\/span><\/div>\n<div  class='av-buildercomment  av-blog-meta-html-info-disabled av-blog-meta-tag-disabled  '><\/div>\n","protected":false},"excerpt":{"rendered":"","protected":false},"author":1,"featured_media":23314,"comment_status":"open","ping_status":"open","sticky":false,"template":"","format":"standard","meta":{"footnotes":""},"categories":[38],"tags":[],"class_list":["post-23313","post","type-post","status-publish","format-standard","has-post-thumbnail","hentry","category-regional"],"jetpack_featured_media_url":"https:\/\/radiorevelacionfm.cl\/wp-content\/uploads\/2022\/10\/frontis-Ribera-Sur-2-1.jpg","_links":{"self":[{"href":"https:\/\/radiorevelacionfm.cl\/index.php?rest_route=\/wp\/v2\/posts\/23313","targetHints":{"allow":["GET"]}}],"collection":[{"href":"https:\/\/radiorevelacionfm.cl\/index.php?rest_route=\/wp\/v2\/posts"}],"about":[{"href":"https:\/\/radiorevelacionfm.cl\/index.php?rest_route=\/wp\/v2\/types\/post"}],"author":[{"embeddable":true,"href":"https:\/\/radiorevelacionfm.cl\/index.php?rest_route=\/wp\/v2\/users\/1"}],"replies":[{"embeddable":true,"href":"https:\/\/radiorevelacionfm.cl\/index.php?rest_route=%2Fwp%2Fv2%2Fcomments&post=23313"}],"version-history":[{"count":2,"href":"https:\/\/radiorevelacionfm.cl\/index.php?rest_route=\/wp\/v2\/posts\/23313\/revisions"}],"predecessor-version":[{"id":23316,"href":"https:\/\/radiorevelacionfm.cl\/index.php?rest_route=\/wp\/v2\/posts\/23313\/revisions\/23316"}],"wp:featuredmedia":[{"embeddable":true,"href":"https:\/\/radiorevelacionfm.cl\/index.php?rest_route=\/wp\/v2\/media\/23314"}],"wp:attachment":[{"href":"https:\/\/radiorevelacionfm.cl\/index.php?rest_route=%2Fwp%2Fv2%2Fmedia&parent=23313"}],"wp:term":[{"taxonomy":"category","embeddable":true,"href":"https:\/\/radiorevelacionfm.cl\/index.php?rest_route=%2Fwp%2Fv2%2Fcategories&post=23313"},{"taxonomy":"post_tag","embeddable":true,"href":"https:\/\/radiorevelacionfm.cl\/index.php?rest_route=%2Fwp%2Fv2%2Ftags&post=23313"}],"curies":[{"name":"wp","href":"https:\/\/api.w.org\/{rel}","templated":true}]}}