{"id":23309,"date":"2022-10-21T10:24:26","date_gmt":"2022-10-21T13:24:26","guid":{"rendered":"https:\/\/radiorevelacionfm.cl\/?p=23309"},"modified":"2022-10-21T10:24:26","modified_gmt":"2022-10-21T13:24:26","slug":"en-su-visita-a-la-region-ministra-de-justicia-entrega-nuevo-vehiculo-al-sml-de-coyhaique","status":"publish","type":"post","link":"https:\/\/radiorevelacionfm.cl\/?p=23309","title":{"rendered":"En su visita a la regi\u00f3n Ministra de Justicia entrega nuevo veh\u00edculo al SML de Coyhaique"},"content":{"rendered":"<div class=\"flex_column av_one_full  flex_column_div av-zero-column-padding first  avia-builder-el-0  el_before_av_one_full  avia-builder-el-first  \" style='border-radius:0px; '><div  class='avia-image-container  av-styling-    avia-builder-el-1  avia-builder-el-no-sibling  avia-align-center '  itemprop=\"image\" itemscope=\"itemscope\" itemtype=\"https:\/\/schema.org\/ImageObject\"  ><div class='avia-image-container-inner'><div class='avia-image-overlay-wrap'><img decoding=\"async\" class='wp-image-23310 avia-img-lazy-loading-not-23310 avia_image' src=\"https:\/\/radiorevelacionfm.cl\/wp-content\/uploads\/2022\/10\/vehiculo-sml-2-1_optimized.jpg\" alt='' title='vehiculo-sml-2-(1)_optimized' height=\"600\" width=\"800\"  itemprop=\"thumbnailUrl\" srcset=\"https:\/\/radiorevelacionfm.cl\/wp-content\/uploads\/2022\/10\/vehiculo-sml-2-1_optimized.jpg 800w, https:\/\/radiorevelacionfm.cl\/wp-content\/uploads\/2022\/10\/vehiculo-sml-2-1_optimized-300x225.jpg 300w, https:\/\/radiorevelacionfm.cl\/wp-content\/uploads\/2022\/10\/vehiculo-sml-2-1_optimized-768x576.jpg 768w, https:\/\/radiorevelacionfm.cl\/wp-content\/uploads\/2022\/10\/vehiculo-sml-2-1_optimized-705x529.jpg 705w, https:\/\/radiorevelacionfm.cl\/wp-content\/uploads\/2022\/10\/vehiculo-sml-2-1_optimized-600x450.jpg 600w\" sizes=\"(max-width: 800px) 100vw, 800px\" \/><\/div><\/div><\/div><\/div><div class=\"flex_column av_one_full  flex_column_div av-zero-column-padding first  avia-builder-el-2  el_after_av_one_full  el_before_av_one_full  column-top-margin\" style='border-radius:0px; '><section class=\"av_textblock_section \"  itemscope=\"itemscope\" itemtype=\"https:\/\/schema.org\/BlogPosting\" itemprop=\"blogPost\" ><div class='avia_textblock  '   itemprop=\"text\" ><p style=\"text-align: center;\"><strong><span style=\"font-size: 18pt;\">En su visita a la regi\u00f3n Ministra de Justicia entrega nuevo veh\u00edculo al SML de Coyhaique<\/span><\/strong><\/p>\n<div id=\"gtx-trans\" style=\"position: absolute; left: -50px; top: 4.31534px;\">\n<div class=\"gtx-trans-icon\"><\/div>\n<\/div>\n<\/div><\/section><\/div><div class=\"flex_column av_one_full  flex_column_div av-zero-column-padding first  avia-builder-el-4  el_after_av_one_full  el_before_av_hr  column-top-margin\" style='border-radius:0px; '><section class=\"av_textblock_section \"  itemscope=\"itemscope\" itemtype=\"https:\/\/schema.org\/BlogPosting\" itemprop=\"blogPost\" ><div class='avia_textblock  '   itemprop=\"text\" ><p style=\"text-align: justify;\">Marcela R\u00edos recorri\u00f3 la sede del servicio en la capital de la regi\u00f3n de Ays\u00e9n, y encabez\u00f3 la recepci\u00f3n de una nueva camioneta especialmente equipada para reforzar las labores de levantamiento y traslado de fallecidos en la regi\u00f3n de Ays\u00e9n.<\/p>\n<p style=\"text-align: justify;\">La Ministra de Justicia y Derechos Humanos, Marcela R\u00edos Tobar y la Directora Regional del Servicio M\u00e9dico Legal (SML) de Ays\u00e9n, Catherine Sandoval Marchant encabezaron la ceremonia de entrega de una nueva camioneta para el SML de Coyhaique, veh\u00edculo que busca mejorar los tiempos de respuesta en una zona de grandes complejidades geogr\u00e1ficas y clim\u00e1ticas.<\/p>\n<p style=\"text-align: justify;\">La ceremonia se realiz\u00f3 en la direcci\u00f3n regional del SML y cont\u00f3 con la presencia del alcalde de la comuna Carlos Gatica, el Fiscal Regional de Ays\u00e9n Carlos Palma, el Seremi de Justicia y DD.HH Samuel Navarro, consejeros regionales, adem\u00e1s de funcionarios y funcionarias de la instituci\u00f3n forense.<\/p>\n<p style=\"text-align: justify;\">En su intervenci\u00f3n, la ministra Marcela R\u00edos se\u00f1al\u00f3 que \u201ces un veh\u00edculo que viene a mejorar los est\u00e1ndares y el servicio a toda la regi\u00f3n de Ays\u00e9n, esto era muy importante porque uno de los veh\u00edculos con que contaba el Servicio M\u00e9dico Legal ac\u00e1 en la regi\u00f3n ya cumpli\u00f3 su vida \u00fatil, y en esta regi\u00f3n \u00a0los veh\u00edculos como ustedes bien saben tienen una vida \u00fatil menor, es muy relevante para nosotros la seguridad de los funcionarios y funcionarias, y que puedan contar con un veh\u00edculo que cumple con todos los requisitos tecnol\u00f3gicos y de movilidad, entonces la prioridad de entregar uno de estos 4 veh\u00edculos que ten\u00edamos\u00a0 disposici\u00f3n a nivel nacional en esta regi\u00f3n, era justamente para poder cumplir una necesidad, que es para los funcionarios y funcionarias pero tambi\u00e9n para los ciudadanos y ciudadanas de esta regi\u00f3n, de tener un veh\u00edculo m\u00e1s nuevo y moderno\u201d \u00a0expres\u00f3 la secretaria de Estado.<\/p>\n<p style=\"text-align: justify;\">En tanto, la directora regional del SML, Catherine Sandoval, agradeci\u00f3 la presencia de la ministra en la sede para realizar esta entrega indicando que \u201ceste nuevo veh\u00edculo cumple con todos los est\u00e1ndares requeridos en una zona en que las condiciones clim\u00e1ticas y geogr\u00e1ficas se imponen como un desaf\u00edo, lo que no nos exime de nuestra responsabilidad de actuar con la mirada puesta en el ejercicio de la justicia y de entregar una respuesta r\u00e1pida a familiares y deudos, puesto que todas las instituciones del Estado estamos mandatadas para facilitar que los habitantes de Ays\u00e9n puedan asistir a un trato igualitario, digno y de calidad, y que nuestro ministerio nos d\u00e9 el apoyo necesario para cumplir ese mandato nos llena de satisfacci\u00f3n\u201d.<\/p>\n<p style=\"text-align: justify;\">El nuevo veh\u00edculo cuenta con todas las caracter\u00edsticas necesarias para el traslado de cuatro fallecidos, bandejas de acero inoxidable y un sistema de rodillos que facilita su manipulaci\u00f3n. Posee adem\u00e1s un sistema de anclaje desmontable, que impide el movimiento de las bandejas mientras se encuentra en movimiento.<\/p>\n<p style=\"text-align: justify;\">Finalmente, Resalta tambi\u00e9n el color rojo de la nueva camioneta asignada a la regi\u00f3n, que difiere del blanco caracter\u00edstico de las camionetas SML. Esto se da por la necesidad de dar mayor visibilidad en estas zonas geogr\u00e1ficas donde pueden confundirse o mimetizarse con el paisaje en caso de ventiscas o de fuertes nevadas.<\/p>\n<\/div><\/section><\/div><div  style='height:50px' class='hr hr-invisible   avia-builder-el-6  el_after_av_one_full  el_before_av_social_share '><span class='hr-inner ' ><span class='hr-inner-style'><\/span><\/span><\/div><\/p>\n<div  class='av-social-sharing-box  avia-builder-el-7  el_after_av_hr  el_before_av_hr  '><div class='av-share-box'><h5 class='av-share-link-description av-no-toc '>Compartir esta noticia<\/h5><ul class='av-share-box-list noLightbox'><li class='av-share-link av-social-link-facebook' ><a target=\"_blank\" aria-label=\"Compartir en Facebook\" href='https:\/\/www.facebook.com\/sharer.php?u=https:\/\/radiorevelacionfm.cl\/?p=23309&#038;t=En%20su%20visita%20a%20la%20regi%C3%B3n%20Ministra%20de%20Justicia%20entrega%20nuevo%20veh%C3%ADculo%20al%20SML%20de%20Coyhaique' aria-hidden='false' data-av_icon='\ue8f3' data-av_iconfont='entypo-fontello' title='' data-avia-related-tooltip='Compartir en Facebook' rel=\"noopener\"><span class='avia_hidden_link_text'>Compartir en Facebook<\/span><\/a><\/li><li class='av-share-link av-social-link-twitter' ><a target=\"_blank\" aria-label=\"Compartir en Twitter\" href='https:\/\/twitter.com\/share?text=En%20su%20visita%20a%20la%20regi%C3%B3n%20Ministra%20de%20Justicia%20entrega%20nuevo%20veh%C3%ADculo%20al%20SML%20de%20Coyhaique&#038;url=https:\/\/radiorevelacionfm.cl\/?p=23309' aria-hidden='false' data-av_icon='\ue8f1' data-av_iconfont='entypo-fontello' title='' data-avia-related-tooltip='Compartir en Twitter' rel=\"noopener\"><span class='avia_hidden_link_text'>Compartir en Twitter<\/span><\/a><\/li><li class='av-share-link av-social-link-whatsapp' ><a target=\"_blank\" aria-label=\"Compartir en Whatsapp\" href='https:\/\/api.whatsapp.com\/send?text=https:\/\/radiorevelacionfm.cl\/?p=23309' aria-hidden='false' data-av_icon='\uf232' data-av_iconfont='entypo-fontello' title='' data-avia-related-tooltip='Compartir en Whatsapp' rel=\"noopener\"><span class='avia_hidden_link_text'>Compartir en Whatsapp<\/span><\/a><\/li><li class='av-share-link av-social-link-linkedin' ><a target=\"_blank\" aria-label=\"Compartir en LinkedIn\" href='https:\/\/linkedin.com\/shareArticle?mini=true&#038;title=En%20su%20visita%20a%20la%20regi%C3%B3n%20Ministra%20de%20Justicia%20entrega%20nuevo%20veh%C3%ADculo%20al%20SML%20de%20Coyhaique&#038;url=https:\/\/radiorevelacionfm.cl\/?p=23309' aria-hidden='false' data-av_icon='\ue8fc' data-av_iconfont='entypo-fontello' title='' data-avia-related-tooltip='Compartir en LinkedIn' rel=\"noopener\"><span class='avia_hidden_link_text'>Compartir en LinkedIn<\/span><\/a><\/li><li class='av-share-link av-social-link-mail' ><a  aria-label=\"Compartir por correo\" href='mailto:?subject=En%20su%20visita%20a%20la%20regi%C3%B3n%20Ministra%20de%20Justicia%20entrega%20nuevo%20veh%C3%ADculo%20al%20SML%20de%20Coyhaique&#038;body=https:\/\/radiorevelacionfm.cl\/?p=23309' aria-hidden='false' data-av_icon='\ue805' data-av_iconfont='entypo-fontello' title='' data-avia-related-tooltip='Compartir por correo'><span class='avia_hidden_link_text'>Compartir por correo<\/span><\/a><\/li><\/ul><\/div><\/div>\n<div  style='height:50px' class='hr hr-invisible   avia-builder-el-8  el_after_av_social_share  el_before_av_comments_list '><span class='hr-inner ' ><span class='hr-inner-style'><\/span><\/span><\/div>\n<div  class='av-buildercomment  av-blog-meta-html-info-disabled av-blog-meta-tag-disabled  '><\/div>\n","protected":false},"excerpt":{"rendered":"","protected":false},"author":1,"featured_media":23310,"comment_status":"open","ping_status":"open","sticky":false,"template":"","format":"standard","meta":{"footnotes":""},"categories":[55],"tags":[],"class_list":["post-23309","post","type-post","status-publish","format-standard","has-post-thumbnail","hentry","category-justicia"],"jetpack_featured_media_url":"https:\/\/radiorevelacionfm.cl\/wp-content\/uploads\/2022\/10\/vehiculo-sml-2-1_optimized.jpg","_links":{"self":[{"href":"https:\/\/radiorevelacionfm.cl\/index.php?rest_route=\/wp\/v2\/posts\/23309","targetHints":{"allow":["GET"]}}],"collection":[{"href":"https:\/\/radiorevelacionfm.cl\/index.php?rest_route=\/wp\/v2\/posts"}],"about":[{"href":"https:\/\/radiorevelacionfm.cl\/index.php?rest_route=\/wp\/v2\/types\/post"}],"author":[{"embeddable":true,"href":"https:\/\/radiorevelacionfm.cl\/index.php?rest_route=\/wp\/v2\/users\/1"}],"replies":[{"embeddable":true,"href":"https:\/\/radiorevelacionfm.cl\/index.php?rest_route=%2Fwp%2Fv2%2Fcomments&post=23309"}],"version-history":[{"count":2,"href":"https:\/\/radiorevelacionfm.cl\/index.php?rest_route=\/wp\/v2\/posts\/23309\/revisions"}],"predecessor-version":[{"id":23312,"href":"https:\/\/radiorevelacionfm.cl\/index.php?rest_route=\/wp\/v2\/posts\/23309\/revisions\/23312"}],"wp:featuredmedia":[{"embeddable":true,"href":"https:\/\/radiorevelacionfm.cl\/index.php?rest_route=\/wp\/v2\/media\/23310"}],"wp:attachment":[{"href":"https:\/\/radiorevelacionfm.cl\/index.php?rest_route=%2Fwp%2Fv2%2Fmedia&parent=23309"}],"wp:term":[{"taxonomy":"category","embeddable":true,"href":"https:\/\/radiorevelacionfm.cl\/index.php?rest_route=%2Fwp%2Fv2%2Fcategories&post=23309"},{"taxonomy":"post_tag","embeddable":true,"href":"https:\/\/radiorevelacionfm.cl\/index.php?rest_route=%2Fwp%2Fv2%2Ftags&post=23309"}],"curies":[{"name":"wp","href":"https:\/\/api.w.org\/{rel}","templated":true}]}}