{"id":2329,"date":"2021-02-02T18:41:35","date_gmt":"2021-02-02T21:41:35","guid":{"rendered":"https:\/\/radiorevelacionfm.cl\/?p=2329"},"modified":"2021-02-02T20:05:37","modified_gmt":"2021-02-02T23:05:37","slug":"gobierno-prepara-primera-vacunacion-masiva-en-la-region-contra-el-covid-19","status":"publish","type":"post","link":"https:\/\/radiorevelacionfm.cl\/?p=2329","title":{"rendered":"Realizan preparativos para primera vacunaci\u00f3n masiva en la regi\u00f3n contra el Covid-19"},"content":{"rendered":"<div class=\"flex_column av_one_full  flex_column_div av-zero-column-padding first  avia-builder-el-0  el_before_av_one_full  avia-builder-el-first  \" style='border-radius:0px; '><div  class='avia-image-container  av-styling-    avia-builder-el-1  avia-builder-el-no-sibling  avia-align-center '  itemprop=\"image\" itemscope=\"itemscope\" itemtype=\"https:\/\/schema.org\/ImageObject\"  ><div class='avia-image-container-inner'><div class='avia-image-overlay-wrap'><img decoding=\"async\" class='wp-image-0 avia-img-lazy-loading-not-0 avia_image' src=\"https:\/\/radiorevelacionfm.cl\/wp-content\/uploads\/2021\/02\/VACUNACION.jpg\" alt='' title=''   itemprop=\"thumbnailUrl\"  \/><\/div><\/div><\/div><\/div>\n<div class=\"flex_column av_one_full  flex_column_div av-zero-column-padding first  avia-builder-el-2  el_after_av_one_full  el_before_av_one_full  column-top-margin\" style='border-radius:0px; '><section class=\"av_textblock_section \"  itemscope=\"itemscope\" itemtype=\"https:\/\/schema.org\/BlogPosting\" itemprop=\"blogPost\" ><div class='avia_textblock  '   itemprop=\"text\" ><p style=\"text-align: center;\"><span style=\"font-size: 18pt;\"><strong>Realizan preparativos para primera vacunaci\u00f3n masiva en la regi\u00f3n contra el Covid-19<\/strong><\/span><\/p>\n<div id=\"gtx-trans\" style=\"position: absolute; left: -50px; top: 4.31534px;\">\n<div class=\"gtx-trans-icon\"><\/div>\n<\/div>\n<\/div><\/section><\/div><div class=\"flex_column av_one_full  flex_column_div av-zero-column-padding first  avia-builder-el-4  el_after_av_one_full  el_before_av_hr  column-top-margin\" style='border-radius:0px; '><section class=\"av_textblock_section \"  itemscope=\"itemscope\" itemtype=\"https:\/\/schema.org\/BlogPosting\" itemprop=\"blogPost\" ><div class='avia_textblock  '   itemprop=\"text\" ><p style=\"text-align: justify;\"><em>Este mi\u00e9rcoles el proceso se iniciar\u00e1 en 21 puntos de vacunaci\u00f3n, a lo largo y ancho de la regi\u00f3n, teniendo como meta inmunizar a la poblaci\u00f3n adulto mayor de 90 a\u00f1os o m\u00e1s. En 8 jornadas se pretende vacunas a 12 mil personas.<\/em><\/p>\n<p style=\"text-align: justify;\">Tal como se anunci\u00f3 en jornadas anteriores, este mi\u00e9rcoles 3 de febrero se comenzar\u00e1 con el proceso de vacunaci\u00f3n masiva a la poblaci\u00f3n contra el Covid-19, el cual busca en primera instancia inmunizar a los adultos mayores de 90 a\u00f1os o m\u00e1s.<\/p>\n<p style=\"text-align: justify;\">De acuerdo al calendario elaborado por las autoridades de Gobierno \u2013conjuntamente con los municipios regionales \u2013 para la jornada inaugural se dispondr\u00e1n de 21 puntos de vacunaci\u00f3n, desde Melinka hasta Villa O\u00b4Higgins, a fin de cumplir con el calendario estipulado desde el MINSAL.<\/p>\n<p style=\"text-align: justify;\">En atenci\u00f3n a lo mismo, la Intendenta Margarita Ossa destac\u00f3 el grado de coordinaci\u00f3n entre todos los entes y organismos, se\u00f1alando que \u201cha sido un trabajo log\u00edstico sin precedentes, donde cada uno de los involucrados &#8211; ya sea de gobierno, servicios, municipios o fuerzas de orden &#8211; hemos buscado llegar de la mejor forma posible con esta vacuna que sabemos es esperanzadora para muchas personas y familias y por lo mismo, hemos estado desplegados para no fallarle a nuestra gente que sabemos esperaba este momento\u201d, dijo.<\/p>\n<p style=\"text-align: justify;\">En esa misma l\u00ednea, la Ejecutivo Regional destac\u00f3 que \u201cma\u00f1ana (mi\u00e9rcoles) estaremos nuevamente en las 10 comunas de la regi\u00f3n; y adem\u00e1s en un esfuerzo log\u00edstico y de movilizaci\u00f3n importante tambi\u00e9n llegaremos hasta nuestros vecinos de localidades como Alto Baguales; Bah\u00eda Murta, Lago Atravesado, La Junta, Ma\u00f1ihuales, Puerto Aguirre, Puerto Chacabuco y Valle Simpson; para decirles que el Gobierno de Chile cumpli\u00f3 con su palabra de asegurarle sus vacunas y tratar as\u00ed de ir dejando atr\u00e1s esta pandemia que nos tiene en alerta desde marzo del a\u00f1o pasado\u201d, agreg\u00f3.<\/p>\n<p style=\"text-align: justify;\">En tanto, el director del Servicio de Salud Ays\u00e9n, Gabriel Burgos, explic\u00f3 que los funcionarios de la Red Asistencial est\u00e1n trabajando con mucha coordinaci\u00f3n para cumplir de manera responsable con el cronograma del Ministerio de Salud.<\/p>\n<p style=\"text-align: justify;\">\u201cSon muchos los actores que est\u00e1n trabajando mancomunadamente para realizar un proceso de vacunaci\u00f3n ordenado, llegando con las dosis a los lugares m\u00e1s extremos de nuestro territorio. Recordar que todo este procedimiento, que iniciamos ma\u00f1ana con los adultos mayores de 90 a\u00f1os, es gratuito y voluntario, ya tengan Fonasa, Isapre, o ninguna previsi\u00f3n, s\u00f3lo es necesario acercarse a los puntos de vacunaci\u00f3n\u201d, indic\u00f3.<\/p>\n<p style=\"text-align: justify;\">Pr\u00f3xima jornada<\/p>\n<p style=\"text-align: justify;\">Teniendo presente que las jornadas de vacunaciones se extender\u00e1n por las pr\u00f3ximas 8 jornadas h\u00e1biles, para ma\u00f1ana mi\u00e9rcoles est\u00e1 contemplada la inmunizaci\u00f3n en las zonas de Balmaceda, Caleta Andrade, Puerto S\u00e1nchez, \u00d1irehuao y Villa Frei.<\/p>\n<\/div><\/section><\/div><\/p>\n<div  style='height:50px' class='hr hr-invisible   avia-builder-el-6  el_after_av_one_full  el_before_av_social_share '><span class='hr-inner ' ><span class='hr-inner-style'><\/span><\/span><\/div>\n<div  class='av-social-sharing-box  avia-builder-el-7  el_after_av_hr  el_before_av_hr  '><div class='av-share-box'><h5 class='av-share-link-description av-no-toc '>Compartir esta noticia<\/h5><ul class='av-share-box-list noLightbox'><li class='av-share-link av-social-link-facebook' ><a target=\"_blank\" aria-label=\"Compartir en Facebook\" href='https:\/\/www.facebook.com\/sharer.php?u=https:\/\/radiorevelacionfm.cl\/?p=2329&#038;t=Realizan%20preparativos%20para%20primera%20vacunaci%C3%B3n%20masiva%20en%20la%20regi%C3%B3n%20contra%20el%20Covid-19' aria-hidden='false' data-av_icon='\ue8f3' data-av_iconfont='entypo-fontello' title='' data-avia-related-tooltip='Compartir en Facebook' rel=\"noopener\"><span class='avia_hidden_link_text'>Compartir en Facebook<\/span><\/a><\/li><li class='av-share-link av-social-link-twitter' ><a target=\"_blank\" aria-label=\"Compartir en Twitter\" href='https:\/\/twitter.com\/share?text=Realizan%20preparativos%20para%20primera%20vacunaci%C3%B3n%20masiva%20en%20la%20regi%C3%B3n%20contra%20el%20Covid-19&#038;url=https:\/\/radiorevelacionfm.cl\/?p=2329' aria-hidden='false' data-av_icon='\ue8f1' data-av_iconfont='entypo-fontello' title='' data-avia-related-tooltip='Compartir en Twitter' rel=\"noopener\"><span class='avia_hidden_link_text'>Compartir en Twitter<\/span><\/a><\/li><li class='av-share-link av-social-link-whatsapp' ><a target=\"_blank\" aria-label=\"Compartir en Whatsapp\" href='https:\/\/api.whatsapp.com\/send?text=https:\/\/radiorevelacionfm.cl\/?p=2329' aria-hidden='false' data-av_icon='\uf232' data-av_iconfont='entypo-fontello' title='' data-avia-related-tooltip='Compartir en Whatsapp' rel=\"noopener\"><span class='avia_hidden_link_text'>Compartir en Whatsapp<\/span><\/a><\/li><li class='av-share-link av-social-link-linkedin' ><a target=\"_blank\" aria-label=\"Compartir en LinkedIn\" href='https:\/\/linkedin.com\/shareArticle?mini=true&#038;title=Realizan%20preparativos%20para%20primera%20vacunaci%C3%B3n%20masiva%20en%20la%20regi%C3%B3n%20contra%20el%20Covid-19&#038;url=https:\/\/radiorevelacionfm.cl\/?p=2329' aria-hidden='false' data-av_icon='\ue8fc' data-av_iconfont='entypo-fontello' title='' data-avia-related-tooltip='Compartir en LinkedIn' rel=\"noopener\"><span class='avia_hidden_link_text'>Compartir en LinkedIn<\/span><\/a><\/li><li class='av-share-link av-social-link-mail' ><a  aria-label=\"Compartir por correo\" href='mailto:?subject=Realizan%20preparativos%20para%20primera%20vacunaci%C3%B3n%20masiva%20en%20la%20regi%C3%B3n%20contra%20el%20Covid-19&#038;body=https:\/\/radiorevelacionfm.cl\/?p=2329' aria-hidden='false' data-av_icon='\ue805' data-av_iconfont='entypo-fontello' title='' data-avia-related-tooltip='Compartir por correo'><span class='avia_hidden_link_text'>Compartir por correo<\/span><\/a><\/li><\/ul><\/div><\/div>\n<div  style='height:50px' class='hr hr-invisible   avia-builder-el-8  el_after_av_social_share  el_before_av_comments_list '><span class='hr-inner ' ><span class='hr-inner-style'><\/span><\/span><\/div>\n<div  class='av-buildercomment  av-blog-meta-html-info-disabled av-blog-meta-tag-disabled  '><\/div>\n","protected":false},"excerpt":{"rendered":"","protected":false},"author":1,"featured_media":0,"comment_status":"open","ping_status":"open","sticky":false,"template":"","format":"standard","meta":{"footnotes":""},"categories":[46],"tags":[],"class_list":["post-2329","post","type-post","status-publish","format-standard","hentry","category-salud"],"jetpack_featured_media_url":"","_links":{"self":[{"href":"https:\/\/radiorevelacionfm.cl\/index.php?rest_route=\/wp\/v2\/posts\/2329","targetHints":{"allow":["GET"]}}],"collection":[{"href":"https:\/\/radiorevelacionfm.cl\/index.php?rest_route=\/wp\/v2\/posts"}],"about":[{"href":"https:\/\/radiorevelacionfm.cl\/index.php?rest_route=\/wp\/v2\/types\/post"}],"author":[{"embeddable":true,"href":"https:\/\/radiorevelacionfm.cl\/index.php?rest_route=\/wp\/v2\/users\/1"}],"replies":[{"embeddable":true,"href":"https:\/\/radiorevelacionfm.cl\/index.php?rest_route=%2Fwp%2Fv2%2Fcomments&post=2329"}],"version-history":[{"count":4,"href":"https:\/\/radiorevelacionfm.cl\/index.php?rest_route=\/wp\/v2\/posts\/2329\/revisions"}],"predecessor-version":[{"id":2340,"href":"https:\/\/radiorevelacionfm.cl\/index.php?rest_route=\/wp\/v2\/posts\/2329\/revisions\/2340"}],"wp:attachment":[{"href":"https:\/\/radiorevelacionfm.cl\/index.php?rest_route=%2Fwp%2Fv2%2Fmedia&parent=2329"}],"wp:term":[{"taxonomy":"category","embeddable":true,"href":"https:\/\/radiorevelacionfm.cl\/index.php?rest_route=%2Fwp%2Fv2%2Fcategories&post=2329"},{"taxonomy":"post_tag","embeddable":true,"href":"https:\/\/radiorevelacionfm.cl\/index.php?rest_route=%2Fwp%2Fv2%2Ftags&post=2329"}],"curies":[{"name":"wp","href":"https:\/\/api.w.org\/{rel}","templated":true}]}}