{"id":23287,"date":"2022-10-21T09:33:03","date_gmt":"2022-10-21T12:33:03","guid":{"rendered":"https:\/\/radiorevelacionfm.cl\/?p=23287"},"modified":"2022-10-21T09:50:05","modified_gmt":"2022-10-21T12:50:05","slug":"entregan-certificado-con-sello-40-horas-a-empresa-de-puerto-ibanez","status":"publish","type":"post","link":"https:\/\/radiorevelacionfm.cl\/?p=23287","title":{"rendered":"Entregan Certificado con Sello 40 Horas a empresa de Puerto Ib\u00e1\u00f1ez"},"content":{"rendered":"<div class=\"flex_column av_one_full  flex_column_div av-zero-column-padding first  avia-builder-el-0  el_before_av_one_full  avia-builder-el-first  \" style='border-radius:0px; '><div  class='avia-image-container  av-styling-    avia-builder-el-1  avia-builder-el-no-sibling  avia-align-center '  itemprop=\"image\" itemscope=\"itemscope\" itemtype=\"https:\/\/schema.org\/ImageObject\"  ><div class='avia-image-container-inner'><div class='avia-image-overlay-wrap'><img decoding=\"async\" class='wp-image-23305 avia-img-lazy-loading-not-23305 avia_image' src=\"https:\/\/radiorevelacionfm.cl\/wp-content\/uploads\/2022\/10\/KOSTEN-1b-2-1-1.jpg\" alt='' title='KOSTEN 1b (2) (1) (1)' height=\"600\" width=\"843\"  itemprop=\"thumbnailUrl\" srcset=\"https:\/\/radiorevelacionfm.cl\/wp-content\/uploads\/2022\/10\/KOSTEN-1b-2-1-1.jpg 843w, https:\/\/radiorevelacionfm.cl\/wp-content\/uploads\/2022\/10\/KOSTEN-1b-2-1-1-300x214.jpg 300w, https:\/\/radiorevelacionfm.cl\/wp-content\/uploads\/2022\/10\/KOSTEN-1b-2-1-1-768x547.jpg 768w, https:\/\/radiorevelacionfm.cl\/wp-content\/uploads\/2022\/10\/KOSTEN-1b-2-1-1-260x185.jpg 260w, https:\/\/radiorevelacionfm.cl\/wp-content\/uploads\/2022\/10\/KOSTEN-1b-2-1-1-705x502.jpg 705w, https:\/\/radiorevelacionfm.cl\/wp-content\/uploads\/2022\/10\/KOSTEN-1b-2-1-1-600x427.jpg 600w\" sizes=\"(max-width: 843px) 100vw, 843px\" \/><\/div><\/div><\/div><\/div><div class=\"flex_column av_one_full  flex_column_div av-zero-column-padding first  avia-builder-el-2  el_after_av_one_full  el_before_av_one_full  column-top-margin\" style='border-radius:0px; '><section class=\"av_textblock_section \"  itemscope=\"itemscope\" itemtype=\"https:\/\/schema.org\/BlogPosting\" itemprop=\"blogPost\" ><div class='avia_textblock  '   itemprop=\"text\" ><p style=\"text-align: center;\"><strong><span style=\"font-size: 18pt;\">Entregan Certificado con Sello 40 Horas a empresa de Puerto Ib\u00e1\u00f1ez<\/span><\/strong><\/p>\n<div id=\"gtx-trans\" style=\"position: absolute; left: -50px; top: 4.31534px;\">\n<div class=\"gtx-trans-icon\"><\/div>\n<\/div>\n<\/div><\/section><\/div><\/p>\n<div class=\"flex_column av_one_full  flex_column_div av-zero-column-padding first  avia-builder-el-4  el_after_av_one_full  el_before_av_hr  column-top-margin\" style='border-radius:0px; '><section class=\"av_textblock_section \"  itemscope=\"itemscope\" itemtype=\"https:\/\/schema.org\/BlogPosting\" itemprop=\"blogPost\" ><div class='avia_textblock  '   itemprop=\"text\" ><p class=\"v1MsoNormal\" style=\"text-align: justify;\"><span lang=\"ES-MX\">En una emotiva ceremonia de certificaci\u00f3n en Puerto Ib\u00e1\u00f1ez, que cont\u00f3 con la presencia del Delegado Presidencial Provincial de General Carrera, Daniel Fern\u00e1ndez y del Seremi de Trabajo y Previsi\u00f3n Social, Rodrigo D\u00edaz, se realiz\u00f3 la entrega del Sello 40 Horas al Supermercado Kosten, empresa que redujo hace ya 3 a\u00f1os su jornada laboral para gran parte de sus trabajadores\/as.<\/span><\/p>\n<p class=\"v1MsoNormal\" style=\"text-align: justify;\"><span lang=\"ES-MX\">Esta es la tercera empresa a nivel regional y la primera fuera de la capital regional que recibe el Sello 40 Horas que busca reconocer a las empresas que voluntariamente han reducido su jornada laboral semanal a 40 horas o menos, antes que sea ley el proyecto impulsado por el Gobierno.<\/span><\/p>\n<p class=\"v1MsoNormal\" style=\"text-align: justify;\"><span lang=\"ES-MX\">Kosten es un supermercado a orillas del Lago General Carrera, que ha crecido a lo largo de los a\u00f1os, con el esfuerzo de su due\u00f1o, Armando Andrade, de su hija Daniela, y de todo el equipo de trabajo, que est\u00e1 compuesto por 11 trabajadores\/as, de los cuales 80% son mujeres. \u00a0<\/span><\/p>\n<p class=\"v1MsoNormal\" style=\"text-align: justify;\"><span lang=\"ES-MX\">\u00abNosotros ya llevamos 3 a\u00f1os con la implementaci\u00f3n, d\u00e1ndonos cuenta de antemano que era algo absolutamente necesario. M\u00e1s que nada es un reconocimiento al equipo de trabajo que nosotros tenemos. Quisimos alivianarle la carga, porque m\u00e1s del 80% de los trabajadores son mujeres y la mayor\u00eda son mam\u00e1s, tienen a sus hijos en el colegio, algunas en el jard\u00edn, entonces ellas tienen m\u00e1s tiempo para estar en familia\u00bb, mencion\u00f3 Armando.<\/span><\/p>\n<p class=\"v1MsoNormal\" style=\"text-align: justify;\"><span lang=\"ES\">Este \u00abtrabajo en equipo\u00bb como mencionan ellos, se ha traducido en mejor calidad de vida para sus trabajadores\/as, menor ausentismo laboral, disminuci\u00f3n en la cantidad de licencias m\u00e9dicas, un reconocimiento por parte de los trabajadores\/as y mejor rendimiento. Por ello, est\u00e1n proyectando la reducci\u00f3n de las horas prontamente tambi\u00e9n para el resto de las \u00e1reas del supermercado, que son administraci\u00f3n y panader\u00eda.<\/span><\/p>\n<p class=\"v1MsoNormal\" style=\"text-align: justify;\"><span lang=\"ES\">Sobre los beneficios, nos cuenta M\u00f3nica Ascencio, trabajadora de Kosten, \u00abBueno para m\u00ed ha sido s\u00faper bueno, porque estoy desde el comienzo, soy parte de la familia, he visto los progresos, he visto todo lo que ha conllevado llegar hasta ahora y ya llegar a este punto para m\u00ed es s\u00faper bueno, porque tengo tiempo para m\u00ed, un tiempo personal, familiar, tengo hijas, entonces puedo disponer m\u00e1s de mi tiempo, un poco m\u00e1s all\u00e1 que trabajar\u00bb, coment\u00f3.<\/span><\/p>\n<p class=\"v1MsoNormal\" style=\"text-align: justify;\"><span lang=\"ES-MX\">En este mismo sentido, el Delegado provincial manifest\u00f3, \u00abHay un orgullo, una satisfacci\u00f3n, tambi\u00e9n hay esperanza, porque estamos demostrando con este hito que somos capaces de innovar en pos de mejorar la calidad de vida de nuestra gente, de nuestros habitantes, que podemos hacer las cosas mejor, que podemos cambiar el paradigma trabajador-empleador, podemos efectivamente hacer un trabajo colaborativo, podemos cooperar entre nosotros y con ello vamos fomentando este concepto nuevo que tenemos como Gobierno, que es el Trabajo Decente, un trabajo que mira el buen vivir de los ciudadanos y ciudadanas. Estoy muy contento, estoy muy esperanzado que el ejemplo de don Armando, de Daniela, del supermercado Kosten y su personal, pueda ser replicado en la provincia cuanto antes. Para demostrar a la regi\u00f3n de que s\u00ed podemos, podemos reducir la jornada laboral, podemos cumplir las metas, mejorar la productividad, mejorar las tasas de ausentismo laboral, mejorar las tasas de licencia m\u00e9dica y hacemos mejor producci\u00f3n, fomentamos el trabajo, el buen vivir, las buenas pr\u00e1cticas laborales, as\u00ed que yo estoy contento, orgulloso y esperanzado\u00bb, afirm\u00f3 Daniel Fern\u00e1ndez.<\/span><\/p>\n<p class=\"v1MsoNormal\" style=\"text-align: justify;\"><span lang=\"ES-MX\">Sobre el reconocimiento de este sello 40 Horas, el Seremi de Trabajo y Previsi\u00f3n Social, Rodrigo D\u00edaz, explic\u00f3, \u00abHoy d\u00eda hemos entregado el sello de 40 horas a la empresa de Puerto Ib\u00e1\u00f1ez, Comercial Kosten, que es la primera empresa fuera de la capital regional a la que hacemos entrega de este reconocimiento. Quiero destacar que don Armando con todo su equipo, su familia, trabajadoras, trabajadores vienen hace varios a\u00f1os ya trabajando de esta manera y que demuestra que en el rubro tan competitivo como es el supermercado, es posible. \u00c9l y sus trabajadores\/as reconocen que ahora tienen un mejor ambiente laboral, un mejor clima, menos licencias m\u00e9dicas, menor deserci\u00f3n laboral, aumento en productividad y ventas, apoyando al trabajo que est\u00e1n haciendo. Esto para la comuna de R\u00edo Ib\u00e1\u00f1ez es un tremendo impacto, tambi\u00e9n es un ejemplo para la Provincia General Carrera, donde vemos que la descentralizaci\u00f3n, es posible. Por eso, como Ministerio del Trabajo y Previsi\u00f3n Social, estamos muy contentos de reconocer el trabajo que se est\u00e1 haciendo e invitamos a m\u00e1s empresas a postular al Sello 40 Horas, para reconocer la labor que est\u00e1n haciendo por el bienestar de sus trabajadores\/as y apostando por el trabajo decente para el buen vivir\u00bb.<\/span><\/p>\n<p class=\"v1MsoNormal\" style=\"text-align: justify;\"><span lang=\"ES-MX\">Incluyendo a Kosten, ya son 316 las empresas a nivel nacional que cuentan con esta certificaci\u00f3n, una iniciativa del Ministerio de Trabajo y Previsi\u00f3n Social que promueve el Gobierno del Presidente Gabriel Boric mediante el ingreso de indicaciones al proyecto que, en 2017, ingresaron la diputada Karol Cariola y la ahora ministra secretaria general de Gobierno, Camila Vallejo.<\/span><\/p>\n<p class=\"v1MsoNormal\" style=\"text-align: justify;\"><span lang=\"ES-MX\">En este sentido, junto con felicitar a las empresas certificadas en diversas regiones de Chile, la ministra de la cartera, Jeannette Jara, destac\u00f3 que esas indicaciones cuentan con el respaldo de un acuerdo alcanzado en el Consejo Superior Laboral, instancia tripartita en la que participan el Gobierno, la Central Unitaria de Trabajadores (CUT) y la Confederaci\u00f3n de la Producci\u00f3n y el Comercio (CPC).<\/span><\/p>\n<p style=\"text-align: justify;\"><span lang=\"ES-MX\">\u00abSe ha logrado constituir un acuerdo tripartito, un acuerdo laboral previo al proceso legislativo, que es una f\u00f3rmula con la cual se trabajan internacionalmente los temas laborales, en la que los gobiernos, los empleadores y los trabajadores impulsan el proceso de di\u00e1logo social\u00bb, dijo. Agreg\u00f3 que esa f\u00f3rmula \u00abnos permite avanzar en proyectos que algunos consideraban imposibles, pero que hoy d\u00eda, con este acuerdo y con una implementaci\u00f3n gradual a fin de cuidar el empleo, nos va a permitir tener en Chile una jornada de 40 horas laborales para todas y todos los trabajadores del pa\u00eds\u00bb.<\/span><\/p>\n<p class=\"v1MsoNormal\" style=\"text-align: justify;\"><span lang=\"ES\">Para postular y obtener el Sello 40 Horas las compa\u00f1\u00edas deben cumplir con requisitos como tener contratado, conforme a la normativa del C\u00f3digo del Trabajo, a lo menos al 80% de los trabajadores\/as con una jornada ordinaria que no supere las 40 horas y que no sea menor a 30 horas semanales; no haber sido condenada por vulneraci\u00f3n a los derechos fundamentales; y estar al d\u00eda en el pago de las obligaciones previsionales de sus trabajadoras y trabajadores. Para obtener mayor informaci\u00f3n y postular, se debe ingresar al sitio del\u00a0<a href=\"https:\/\/www.mintrab.gob.cl\/certificacion-sello-40h\/\" target=\"_blank\" rel=\"noopener noreferrer\">Ministerio del Trabajo y Previsi\u00f3n Social<\/a><\/span><\/p>\n<p class=\"v1MsoNormal\" style=\"text-align: justify;\"><span lang=\"ES-MX\">\u00a0<\/span><\/p>\n<p style=\"text-align: justify;\"><strong><u>Proyecto de ley 40 Horas<\/u><\/strong><u><\/u><\/p>\n<p style=\"text-align: justify;\">El proyecto de ley que reduce la jornada laboral a 40 horas, fue aprobado en 2019 por la C\u00e1mara de Diputados. Con el ingreso de indicaciones por parte del Gobierno del Presidente Boric, la tramitaci\u00f3n se reactiv\u00f3 este 19 de octubre en la Comisi\u00f3n de Trabajo y Previsi\u00f3n Social del Senado, donde se aprob\u00f3 de forma un\u00e1nime la principal indicaci\u00f3n, que tiene relaci\u00f3n con la reducci\u00f3n de la jornada laboral de 45 a 40 horas, avanzando en los pr\u00f3ximos d\u00edas en la discusi\u00f3n y tramitaci\u00f3n de las otras indicaciones.<\/p>\n<\/div><\/section><\/div>\n<div  style='height:50px' class='hr hr-invisible   avia-builder-el-6  el_after_av_one_full  el_before_av_social_share '><span class='hr-inner ' ><span class='hr-inner-style'><\/span><\/span><\/div>\n<div  class='av-social-sharing-box  avia-builder-el-7  el_after_av_hr  el_before_av_hr  '><div class='av-share-box'><h5 class='av-share-link-description av-no-toc '>Compartir esta noticia<\/h5><ul class='av-share-box-list noLightbox'><li class='av-share-link av-social-link-facebook' ><a target=\"_blank\" aria-label=\"Compartir en Facebook\" href='https:\/\/www.facebook.com\/sharer.php?u=https:\/\/radiorevelacionfm.cl\/?p=23287&#038;t=Entregan%20Certificado%20con%20Sello%2040%20Horas%20a%20empresa%20de%20Puerto%20Ib%C3%A1%C3%B1ez' aria-hidden='false' data-av_icon='\ue8f3' data-av_iconfont='entypo-fontello' title='' data-avia-related-tooltip='Compartir en Facebook' rel=\"noopener\"><span class='avia_hidden_link_text'>Compartir en Facebook<\/span><\/a><\/li><li class='av-share-link av-social-link-twitter' ><a target=\"_blank\" aria-label=\"Compartir en Twitter\" href='https:\/\/twitter.com\/share?text=Entregan%20Certificado%20con%20Sello%2040%20Horas%20a%20empresa%20de%20Puerto%20Ib%C3%A1%C3%B1ez&#038;url=https:\/\/radiorevelacionfm.cl\/?p=23287' aria-hidden='false' data-av_icon='\ue8f1' data-av_iconfont='entypo-fontello' title='' data-avia-related-tooltip='Compartir en Twitter' rel=\"noopener\"><span class='avia_hidden_link_text'>Compartir en Twitter<\/span><\/a><\/li><li class='av-share-link av-social-link-whatsapp' ><a target=\"_blank\" aria-label=\"Compartir en Whatsapp\" href='https:\/\/api.whatsapp.com\/send?text=https:\/\/radiorevelacionfm.cl\/?p=23287' aria-hidden='false' data-av_icon='\uf232' data-av_iconfont='entypo-fontello' title='' data-avia-related-tooltip='Compartir en Whatsapp' rel=\"noopener\"><span class='avia_hidden_link_text'>Compartir en Whatsapp<\/span><\/a><\/li><li class='av-share-link av-social-link-linkedin' ><a target=\"_blank\" aria-label=\"Compartir en LinkedIn\" href='https:\/\/linkedin.com\/shareArticle?mini=true&#038;title=Entregan%20Certificado%20con%20Sello%2040%20Horas%20a%20empresa%20de%20Puerto%20Ib%C3%A1%C3%B1ez&#038;url=https:\/\/radiorevelacionfm.cl\/?p=23287' aria-hidden='false' data-av_icon='\ue8fc' data-av_iconfont='entypo-fontello' title='' data-avia-related-tooltip='Compartir en LinkedIn' rel=\"noopener\"><span class='avia_hidden_link_text'>Compartir en LinkedIn<\/span><\/a><\/li><li class='av-share-link av-social-link-mail' ><a  aria-label=\"Compartir por correo\" href='mailto:?subject=Entregan%20Certificado%20con%20Sello%2040%20Horas%20a%20empresa%20de%20Puerto%20Ib%C3%A1%C3%B1ez&#038;body=https:\/\/radiorevelacionfm.cl\/?p=23287' aria-hidden='false' data-av_icon='\ue805' data-av_iconfont='entypo-fontello' title='' data-avia-related-tooltip='Compartir por correo'><span class='avia_hidden_link_text'>Compartir por correo<\/span><\/a><\/li><\/ul><\/div><\/div>\n<div  style='height:50px' class='hr hr-invisible   avia-builder-el-8  el_after_av_social_share  el_before_av_comments_list '><span class='hr-inner ' ><span class='hr-inner-style'><\/span><\/span><\/div>\n<div  class='av-buildercomment  av-blog-meta-html-info-disabled av-blog-meta-tag-disabled  '><\/div>\n","protected":false},"excerpt":{"rendered":"","protected":false},"author":1,"featured_media":23305,"comment_status":"open","ping_status":"open","sticky":false,"template":"","format":"standard","meta":{"footnotes":""},"categories":[56],"tags":[],"class_list":["post-23287","post","type-post","status-publish","format-standard","has-post-thumbnail","hentry","category-trabajo"],"jetpack_featured_media_url":"https:\/\/radiorevelacionfm.cl\/wp-content\/uploads\/2022\/10\/KOSTEN-1b-2-1-1.jpg","_links":{"self":[{"href":"https:\/\/radiorevelacionfm.cl\/index.php?rest_route=\/wp\/v2\/posts\/23287","targetHints":{"allow":["GET"]}}],"collection":[{"href":"https:\/\/radiorevelacionfm.cl\/index.php?rest_route=\/wp\/v2\/posts"}],"about":[{"href":"https:\/\/radiorevelacionfm.cl\/index.php?rest_route=\/wp\/v2\/types\/post"}],"author":[{"embeddable":true,"href":"https:\/\/radiorevelacionfm.cl\/index.php?rest_route=\/wp\/v2\/users\/1"}],"replies":[{"embeddable":true,"href":"https:\/\/radiorevelacionfm.cl\/index.php?rest_route=%2Fwp%2Fv2%2Fcomments&post=23287"}],"version-history":[{"count":3,"href":"https:\/\/radiorevelacionfm.cl\/index.php?rest_route=\/wp\/v2\/posts\/23287\/revisions"}],"predecessor-version":[{"id":23304,"href":"https:\/\/radiorevelacionfm.cl\/index.php?rest_route=\/wp\/v2\/posts\/23287\/revisions\/23304"}],"wp:featuredmedia":[{"embeddable":true,"href":"https:\/\/radiorevelacionfm.cl\/index.php?rest_route=\/wp\/v2\/media\/23305"}],"wp:attachment":[{"href":"https:\/\/radiorevelacionfm.cl\/index.php?rest_route=%2Fwp%2Fv2%2Fmedia&parent=23287"}],"wp:term":[{"taxonomy":"category","embeddable":true,"href":"https:\/\/radiorevelacionfm.cl\/index.php?rest_route=%2Fwp%2Fv2%2Fcategories&post=23287"},{"taxonomy":"post_tag","embeddable":true,"href":"https:\/\/radiorevelacionfm.cl\/index.php?rest_route=%2Fwp%2Fv2%2Ftags&post=23287"}],"curies":[{"name":"wp","href":"https:\/\/api.w.org\/{rel}","templated":true}]}}