{"id":23284,"date":"2022-10-20T18:08:49","date_gmt":"2022-10-20T21:08:49","guid":{"rendered":"https:\/\/radiorevelacionfm.cl\/?p=23284"},"modified":"2022-10-20T18:08:49","modified_gmt":"2022-10-20T21:08:49","slug":"nuevo-fogape-y-medidas-de-alivio-tributario-son-aprobadas-por-unanimidad-siendo-despachadas-para-su-promulgacion","status":"publish","type":"post","link":"https:\/\/radiorevelacionfm.cl\/?p=23284","title":{"rendered":"Nuevo Fogape y medidas de alivio tributario son aprobadas por unanimidad siendo despachadas para su promulgaci\u00f3n"},"content":{"rendered":"<div class=\"flex_column av_one_full  flex_column_div av-zero-column-padding first  avia-builder-el-0  el_before_av_one_full  avia-builder-el-first  \" style='border-radius:0px; '><div  class='avia-image-container  av-styling-    avia-builder-el-1  avia-builder-el-no-sibling  avia-align-center '  itemprop=\"image\" itemscope=\"itemscope\" itemtype=\"https:\/\/schema.org\/ImageObject\"  ><div class='avia-image-container-inner'><div class='avia-image-overlay-wrap'><img decoding=\"async\" class='wp-image-23285 avia-img-lazy-loading-not-23285 avia_image' src=\"https:\/\/radiorevelacionfm.cl\/wp-content\/uploads\/2022\/10\/Seremi-de-Economia-1-1.jpg\" alt='' title='Seremi de Econom\u00eda (1) (1)' height=\"600\" width=\"900\"  itemprop=\"thumbnailUrl\" srcset=\"https:\/\/radiorevelacionfm.cl\/wp-content\/uploads\/2022\/10\/Seremi-de-Economia-1-1.jpg 900w, https:\/\/radiorevelacionfm.cl\/wp-content\/uploads\/2022\/10\/Seremi-de-Economia-1-1-300x200.jpg 300w, https:\/\/radiorevelacionfm.cl\/wp-content\/uploads\/2022\/10\/Seremi-de-Economia-1-1-768x512.jpg 768w, https:\/\/radiorevelacionfm.cl\/wp-content\/uploads\/2022\/10\/Seremi-de-Economia-1-1-705x470.jpg 705w, https:\/\/radiorevelacionfm.cl\/wp-content\/uploads\/2022\/10\/Seremi-de-Economia-1-1-600x400.jpg 600w\" sizes=\"(max-width: 900px) 100vw, 900px\" \/><\/div><\/div><\/div><\/div><div class=\"flex_column av_one_full  flex_column_div av-zero-column-padding first  avia-builder-el-2  el_after_av_one_full  el_before_av_one_full  column-top-margin\" style='border-radius:0px; '><section class=\"av_textblock_section \"  itemscope=\"itemscope\" itemtype=\"https:\/\/schema.org\/BlogPosting\" itemprop=\"blogPost\" ><div class='avia_textblock  '   itemprop=\"text\" ><p style=\"text-align: center;\"><strong><span style=\"font-size: 18pt;\">Nuevo Fogape y medidas de alivio tributario son aprobadas por unanimidad siendo despachadas para su promulgaci\u00f3n<\/span><\/strong><\/p>\n<div id=\"gtx-trans\" style=\"position: absolute; left: -50px; top: 4.31534px;\">\n<div class=\"gtx-trans-icon\"><\/div>\n<\/div>\n<\/div><\/section><\/div><div class=\"flex_column av_one_full  flex_column_div av-zero-column-padding first  avia-builder-el-4  el_after_av_one_full  el_before_av_hr  column-top-margin\" style='border-radius:0px; '><section class=\"av_textblock_section \"  itemscope=\"itemscope\" itemtype=\"https:\/\/schema.org\/BlogPosting\" itemprop=\"blogPost\" ><div class='avia_textblock  '   itemprop=\"text\" ><div>\n<p class=\"v1MsoNormal\" style=\"text-align: justify;\">El pasado 19 de octubre, la C\u00e1mara de Diputadas y Diputados aprob\u00f3 un\u00e1nimemente el proyecto de Ley que crea un nuevo Fondo de Garant\u00eda para Peque\u00f1os y Medianos Empresarios (FOGAPE). La iniciativa fue despachada a ley tras su tercer tr\u00e1mite legislativo, donde, anteriormente, hab\u00eda sido aprobada de la misma forma en el Senado.<\/p>\n<p class=\"v1MsoNormal\" style=\"text-align: justify;\">El proyecto, que forma parte del programa de gobierno \u00abChile Apoya\u00bb, fue impulsado por los Ministerios de Econom\u00eda y Hacienda, y tiene por objetivo brindar apoyo financiero, fomentando la reactivaci\u00f3n de un sector que se ha visto fuertemente afectado por las consecuencias econ\u00f3micas derivadas de la pandemia. Adem\u00e1s del Fogape, el proyecto aprobado contempla una serie de medias de alivio tributario dirigida a las empresas de menor tama\u00f1o.<\/p>\n<p class=\"v1MsoNormal\" style=\"text-align: justify;\">Respecto a su aprobaci\u00f3n, Rosa Machacan Navarrete, Seremi de Econom\u00eda, Fomento y Turismo coment\u00f3 \u00abEste es un proyecto que fue realizado en conjunto con las diferentes organizaciones de MiPymes a nivel nacional, y que va en directo beneficio a emprendedoras y emprendedores, quienes podr\u00e1n acceder a un cr\u00e9dito con garant\u00eda estatal, que en esta oportunidad entrega garant\u00edas diferenciadas por tama\u00f1o y mejorar su liquidez con las medidas de alivio a la deuda tributaria adquirida durante el periodo de pandemia. Esto es importante porque sabemos las micro, peque\u00f1as y medianas empresas quieren hacerse cargo de sus deudas y esto va en directo beneficio de ellos.\u00bb<\/p>\n<p class=\"v1MsoNormal\" style=\"text-align: justify;\">La iniciativa permite el acceso a cr\u00e9ditos Fogape a empresas de menor tama\u00f1o que anteriormente no reun\u00edan las condiciones para solicitarlo. Asimismo, para las MiPymes que s\u00ed hab\u00edan podido, se habilitar\u00e1 la recaptaci\u00f3n y reprogramaci\u00f3n de su pago, permitiendo definici\u00f3n de m\u00e1s cuotas para pagar cr\u00e9ditos anteriores a la banca sin la p\u00e9rdida de garant\u00eda.<\/p>\n<p class=\"v1MsoNormal\" style=\"text-align: justify;\">Respecto al aspecto tributario, se establece la reprogramaci\u00f3n de las deudas de esta \u00edndole con la Tesorer\u00eda General de la Rep\u00fablica en tres frentes. La condonaci\u00f3n del 100% de multas e intereses, la recaptaci\u00f3n de deudas sin pie y la ampliaci\u00f3n de las cuotas de pago, pasando de 24 a 48.<\/p>\n<p class=\"v1MsoNormal\" style=\"text-align: justify;\">En t\u00e9rminos de cobertura, se ampl\u00eda su l\u00ednea de apoyo. En financiamiento y la reorganizaci\u00f3n de deudas, se incorporan nuevos porcentajes, abarcando hasta un 95% de las microempresas, 90% para peque\u00f1as empresas y 85% para medianas, con lo que se proyecta apoyo que beneficiar\u00e1 a m\u00e1s de 180 mil emprendimientos.<\/p>\n<\/div>\n<div style=\"text-align: justify;\"><\/div>\n<\/div><\/section><\/div><div  style='height:50px' class='hr hr-invisible   avia-builder-el-6  el_after_av_one_full  el_before_av_social_share '><span class='hr-inner ' ><span class='hr-inner-style'><\/span><\/span><\/div><\/p>\n<div  class='av-social-sharing-box  avia-builder-el-7  el_after_av_hr  el_before_av_hr  '><div class='av-share-box'><h5 class='av-share-link-description av-no-toc '>Compartir esta noticia<\/h5><ul class='av-share-box-list noLightbox'><li class='av-share-link av-social-link-facebook' ><a target=\"_blank\" aria-label=\"Compartir en Facebook\" href='https:\/\/www.facebook.com\/sharer.php?u=https:\/\/radiorevelacionfm.cl\/?p=23284&#038;t=Nuevo%20Fogape%20y%20medidas%20de%20alivio%20tributario%20son%20aprobadas%20por%20unanimidad%20siendo%20despachadas%20para%20su%20promulgaci%C3%B3n' aria-hidden='false' data-av_icon='\ue8f3' data-av_iconfont='entypo-fontello' title='' data-avia-related-tooltip='Compartir en Facebook' rel=\"noopener\"><span class='avia_hidden_link_text'>Compartir en Facebook<\/span><\/a><\/li><li class='av-share-link av-social-link-twitter' ><a target=\"_blank\" aria-label=\"Compartir en Twitter\" href='https:\/\/twitter.com\/share?text=Nuevo%20Fogape%20y%20medidas%20de%20alivio%20tributario%20son%20aprobadas%20por%20unanimidad%20siendo%20despachadas%20para%20su%20promulgaci%C3%B3n&#038;url=https:\/\/radiorevelacionfm.cl\/?p=23284' aria-hidden='false' data-av_icon='\ue8f1' data-av_iconfont='entypo-fontello' title='' data-avia-related-tooltip='Compartir en Twitter' rel=\"noopener\"><span class='avia_hidden_link_text'>Compartir en Twitter<\/span><\/a><\/li><li class='av-share-link av-social-link-whatsapp' ><a target=\"_blank\" aria-label=\"Compartir en Whatsapp\" href='https:\/\/api.whatsapp.com\/send?text=https:\/\/radiorevelacionfm.cl\/?p=23284' aria-hidden='false' data-av_icon='\uf232' data-av_iconfont='entypo-fontello' title='' data-avia-related-tooltip='Compartir en Whatsapp' rel=\"noopener\"><span class='avia_hidden_link_text'>Compartir en Whatsapp<\/span><\/a><\/li><li class='av-share-link av-social-link-linkedin' ><a target=\"_blank\" aria-label=\"Compartir en LinkedIn\" href='https:\/\/linkedin.com\/shareArticle?mini=true&#038;title=Nuevo%20Fogape%20y%20medidas%20de%20alivio%20tributario%20son%20aprobadas%20por%20unanimidad%20siendo%20despachadas%20para%20su%20promulgaci%C3%B3n&#038;url=https:\/\/radiorevelacionfm.cl\/?p=23284' aria-hidden='false' data-av_icon='\ue8fc' data-av_iconfont='entypo-fontello' title='' data-avia-related-tooltip='Compartir en LinkedIn' rel=\"noopener\"><span class='avia_hidden_link_text'>Compartir en LinkedIn<\/span><\/a><\/li><li class='av-share-link av-social-link-mail' ><a  aria-label=\"Compartir por correo\" href='mailto:?subject=Nuevo%20Fogape%20y%20medidas%20de%20alivio%20tributario%20son%20aprobadas%20por%20unanimidad%20siendo%20despachadas%20para%20su%20promulgaci%C3%B3n&#038;body=https:\/\/radiorevelacionfm.cl\/?p=23284' aria-hidden='false' data-av_icon='\ue805' data-av_iconfont='entypo-fontello' title='' data-avia-related-tooltip='Compartir por correo'><span class='avia_hidden_link_text'>Compartir por correo<\/span><\/a><\/li><\/ul><\/div><\/div>\n<div  style='height:50px' class='hr hr-invisible   avia-builder-el-8  el_after_av_social_share  el_before_av_comments_list '><span class='hr-inner ' ><span class='hr-inner-style'><\/span><\/span><\/div>\n<div  class='av-buildercomment  av-blog-meta-html-info-disabled av-blog-meta-tag-disabled  '><\/div>\n","protected":false},"excerpt":{"rendered":"","protected":false},"author":1,"featured_media":23285,"comment_status":"open","ping_status":"open","sticky":false,"template":"","format":"standard","meta":{"footnotes":""},"categories":[37],"tags":[],"class_list":["post-23284","post","type-post","status-publish","format-standard","has-post-thumbnail","hentry","category-economia"],"jetpack_featured_media_url":"https:\/\/radiorevelacionfm.cl\/wp-content\/uploads\/2022\/10\/Seremi-de-Economia-1-1.jpg","_links":{"self":[{"href":"https:\/\/radiorevelacionfm.cl\/index.php?rest_route=\/wp\/v2\/posts\/23284","targetHints":{"allow":["GET"]}}],"collection":[{"href":"https:\/\/radiorevelacionfm.cl\/index.php?rest_route=\/wp\/v2\/posts"}],"about":[{"href":"https:\/\/radiorevelacionfm.cl\/index.php?rest_route=\/wp\/v2\/types\/post"}],"author":[{"embeddable":true,"href":"https:\/\/radiorevelacionfm.cl\/index.php?rest_route=\/wp\/v2\/users\/1"}],"replies":[{"embeddable":true,"href":"https:\/\/radiorevelacionfm.cl\/index.php?rest_route=%2Fwp%2Fv2%2Fcomments&post=23284"}],"version-history":[{"count":2,"href":"https:\/\/radiorevelacionfm.cl\/index.php?rest_route=\/wp\/v2\/posts\/23284\/revisions"}],"predecessor-version":[{"id":23294,"href":"https:\/\/radiorevelacionfm.cl\/index.php?rest_route=\/wp\/v2\/posts\/23284\/revisions\/23294"}],"wp:featuredmedia":[{"embeddable":true,"href":"https:\/\/radiorevelacionfm.cl\/index.php?rest_route=\/wp\/v2\/media\/23285"}],"wp:attachment":[{"href":"https:\/\/radiorevelacionfm.cl\/index.php?rest_route=%2Fwp%2Fv2%2Fmedia&parent=23284"}],"wp:term":[{"taxonomy":"category","embeddable":true,"href":"https:\/\/radiorevelacionfm.cl\/index.php?rest_route=%2Fwp%2Fv2%2Fcategories&post=23284"},{"taxonomy":"post_tag","embeddable":true,"href":"https:\/\/radiorevelacionfm.cl\/index.php?rest_route=%2Fwp%2Fv2%2Ftags&post=23284"}],"curies":[{"name":"wp","href":"https:\/\/api.w.org\/{rel}","templated":true}]}}