{"id":23280,"date":"2022-10-20T16:24:49","date_gmt":"2022-10-20T19:24:49","guid":{"rendered":"https:\/\/radiorevelacionfm.cl\/?p=23280"},"modified":"2022-10-20T16:24:49","modified_gmt":"2022-10-20T19:24:49","slug":"agricultura-constituyo-la-primera-mesa-de-sanidad-vegetal-en-la-region-de-aysen","status":"publish","type":"post","link":"https:\/\/radiorevelacionfm.cl\/?p=23280","title":{"rendered":"Agricultura constituy\u00f3 la primera mesa de Sanidad Vegetal en la Regi\u00f3n de Ays\u00e9n"},"content":{"rendered":"<div class=\"flex_column av_one_full  flex_column_div av-zero-column-padding first  avia-builder-el-0  el_before_av_one_full  avia-builder-el-first  \" style='border-radius:0px; '><div  class='avia-image-container  av-styling-    avia-builder-el-1  avia-builder-el-no-sibling  avia-align-center '  itemprop=\"image\" itemscope=\"itemscope\" itemtype=\"https:\/\/schema.org\/ImageObject\"  ><div class='avia-image-container-inner'><div class='avia-image-overlay-wrap'><img decoding=\"async\" class='wp-image-23281 avia-img-lazy-loading-not-23281 avia_image' src=\"https:\/\/radiorevelacionfm.cl\/wp-content\/uploads\/2022\/10\/frutilla3-1-1.jpg\" alt='' title='frutilla3 (1) (1)' height=\"600\" width=\"800\"  itemprop=\"thumbnailUrl\" srcset=\"https:\/\/radiorevelacionfm.cl\/wp-content\/uploads\/2022\/10\/frutilla3-1-1.jpg 800w, https:\/\/radiorevelacionfm.cl\/wp-content\/uploads\/2022\/10\/frutilla3-1-1-300x225.jpg 300w, https:\/\/radiorevelacionfm.cl\/wp-content\/uploads\/2022\/10\/frutilla3-1-1-768x576.jpg 768w, https:\/\/radiorevelacionfm.cl\/wp-content\/uploads\/2022\/10\/frutilla3-1-1-705x529.jpg 705w, https:\/\/radiorevelacionfm.cl\/wp-content\/uploads\/2022\/10\/frutilla3-1-1-600x450.jpg 600w\" sizes=\"(max-width: 800px) 100vw, 800px\" \/><\/div><\/div><\/div><\/div><div class=\"flex_column av_one_full  flex_column_div av-zero-column-padding first  avia-builder-el-2  el_after_av_one_full  el_before_av_one_full  column-top-margin\" style='border-radius:0px; '><section class=\"av_textblock_section \"  itemscope=\"itemscope\" itemtype=\"https:\/\/schema.org\/BlogPosting\" itemprop=\"blogPost\" ><div class='avia_textblock  '   itemprop=\"text\" ><p style=\"text-align: center;\"><span style=\"font-size: 18pt;\"><strong>Agricultura constituy\u00f3 la primera mesa de Sanidad Vegetal en la Regi\u00f3n de Ays\u00e9n<\/strong><\/span><\/p>\n<div id=\"gtx-trans\" style=\"position: absolute; left: -50px; top: 4.31534px;\">\n<div class=\"gtx-trans-icon\"><\/div>\n<\/div>\n<\/div><\/section><\/div><div class=\"flex_column av_one_full  flex_column_div av-zero-column-padding first  avia-builder-el-4  el_after_av_one_full  el_before_av_hr  column-top-margin\" style='border-radius:0px; '><section class=\"av_textblock_section \"  itemscope=\"itemscope\" itemtype=\"https:\/\/schema.org\/BlogPosting\" itemprop=\"blogPost\" ><div class='avia_textblock  '   itemprop=\"text\" ><p style=\"text-align: justify;\">En el marco de mantener y proteger la sanidad agr\u00edcola y vegetal de Ays\u00e9n, se realiz\u00f3 primera sesi\u00f3n de la Mesa de Trabajo de Sanidad Vegetal de la Regi\u00f3n de Ays\u00e9n, cuyo objetivo es abordar plagas de importancia econ\u00f3mica para productores y productoras, como la plaga Nematodo de la frutilla (Aphelenchoides fragariae) y Mosca de Alas Manchadas (Drosophila suzukii).<\/p>\n<p style=\"text-align: justify;\">La iniciativa es ejecutada por el Ministerio de Agricultura, entre ellos Servicio Agr\u00edcola y Ganadero, Indap, In\u00eda Tamelaike.<\/p>\n<p style=\"text-align: justify;\">Seremi de Agricultura, Alan Espinoza Ortiz, se\u00f1al\u00f3 \u201ccomo Ministerio valoramos esta Mesa de Sanidad Vegetal, pues nos permite focalizar esfuerzos para generar un trabajo en conjunto destinado a vigilar y controlar de forma eficaz las plagas agr\u00edcolas en la regi\u00f3n de Ays\u00e9n. El compromiso est\u00e1 con la sanidad vegetal, la seguridad alimentaria de nuestros productos y la protecci\u00f3n de nuestros mercados, siempre actuando de manera anticipada\u00bb.<\/p>\n<p style=\"text-align: justify;\">\u201cEn esta primera reuni\u00f3n, se explic\u00f3 el prop\u00f3sito de la mesa que es la coordinaci\u00f3n de los servicios del agro en relaci\u00f3n a las detecciones a nivel nacional de plagas graves que afectan directamente a los productores\/as agr\u00edcolas en la regi\u00f3n. Desarrollar un plan de trabajo que busque mantener informados a los productores\/as, promover el trabajo mancomunado entre los organismos del agro y los productores locales, adem\u00e1s de definir los roles de cada servicio en el cumplimiento de estos planes de emergencia\u201d. explic\u00f3 la directora regional (s) SAG, Valeria Carrasco S\u00e1ez.<\/p>\n<p style=\"text-align: justify;\"><u>Trabajo sectorial de monitoreo y prevenci\u00f3n:<\/u><\/p>\n<ul style=\"text-align: justify;\">\n<li><em>Drosophila suzukii,\u00a0<\/em>el Ministerio implement\u00f3 el Plan de trabajo nacional \u201cDrosophila de alas manchadas\u201d, donde se monitorea mediante trampas la presencia de la plaga en las comunas de la regi\u00f3n; se han realizado capacitaciones a los profesionales de los servicios en reconocimiento y monitoreo de este insecto, con la finalidad de que puedan asesorar a sus usuarios y por otra parte se realiz\u00f3 capacitaci\u00f3n a productores\/as sobre el manejo preventivo de esta plaga.<\/li>\n<\/ul>\n<ul style=\"text-align: justify;\">\n<li>Nemato de la frutilla \u201c<em>Aphelenchoides fragariae<\/em>\u201d, funcionarios\/as SAG, se encuentran realizando muestreo con el objetivo de detectar en forma oportuna la plaga, Se han realizado 32 muestras sin detecci\u00f3n del nematodo en la regi\u00f3n. De igual forma se est\u00e1n generando instancias de capacitaci\u00f3n con el prop\u00f3sito de informar a los productores sobre la sintomatolog\u00eda de la plaga.<\/li>\n<\/ul>\n<p style=\"text-align: justify;\">En este \u00e1mbito de trabajo, el Servicio Agr\u00edcola y Ganadero se encuentra realizando vigilancia, capacitaci\u00f3n y difusi\u00f3n de plagas como es el nematodo de la frutilla Aphelenchoides fragariae, declarada emergencia agr\u00edcola, por el Ministerio de Agricultura en el mes de agosto 2022.<\/p>\n<p style=\"text-align: justify;\">\u201cLa idea es iniciar el trabajo y que en los pr\u00f3ximos meses se vuelva a reunir la mesa sumando m\u00e1s actores para avanzar en la conformaci\u00f3n de la estructura y subcomisiones, por lo que invitaremos a participar a instituciones de educaci\u00f3n y asociaciones de productores de la regi\u00f3n\u201d, sostuvo finalmente Valeria Carrasco.<\/p>\n<\/div><\/section><\/div><div  style='height:50px' class='hr hr-invisible   avia-builder-el-6  el_after_av_one_full  el_before_av_social_share '><span class='hr-inner ' ><span class='hr-inner-style'><\/span><\/span><\/div><\/p>\n<div  class='av-social-sharing-box  avia-builder-el-7  el_after_av_hr  el_before_av_hr  '><div class='av-share-box'><h5 class='av-share-link-description av-no-toc '>Compartir esta noticia<\/h5><ul class='av-share-box-list noLightbox'><li class='av-share-link av-social-link-facebook' ><a target=\"_blank\" aria-label=\"Compartir en Facebook\" href='https:\/\/www.facebook.com\/sharer.php?u=https:\/\/radiorevelacionfm.cl\/?p=23280&#038;t=Agricultura%20constituy%C3%B3%20la%20primera%20mesa%20de%20Sanidad%20Vegetal%20en%20la%20Regi%C3%B3n%20de%20Ays%C3%A9n' aria-hidden='false' data-av_icon='\ue8f3' data-av_iconfont='entypo-fontello' title='' data-avia-related-tooltip='Compartir en Facebook' rel=\"noopener\"><span class='avia_hidden_link_text'>Compartir en Facebook<\/span><\/a><\/li><li class='av-share-link av-social-link-twitter' ><a target=\"_blank\" aria-label=\"Compartir en Twitter\" href='https:\/\/twitter.com\/share?text=Agricultura%20constituy%C3%B3%20la%20primera%20mesa%20de%20Sanidad%20Vegetal%20en%20la%20Regi%C3%B3n%20de%20Ays%C3%A9n&#038;url=https:\/\/radiorevelacionfm.cl\/?p=23280' aria-hidden='false' data-av_icon='\ue8f1' data-av_iconfont='entypo-fontello' title='' data-avia-related-tooltip='Compartir en Twitter' rel=\"noopener\"><span class='avia_hidden_link_text'>Compartir en Twitter<\/span><\/a><\/li><li class='av-share-link av-social-link-whatsapp' ><a target=\"_blank\" aria-label=\"Compartir en Whatsapp\" href='https:\/\/api.whatsapp.com\/send?text=https:\/\/radiorevelacionfm.cl\/?p=23280' aria-hidden='false' data-av_icon='\uf232' data-av_iconfont='entypo-fontello' title='' data-avia-related-tooltip='Compartir en Whatsapp' rel=\"noopener\"><span class='avia_hidden_link_text'>Compartir en Whatsapp<\/span><\/a><\/li><li class='av-share-link av-social-link-linkedin' ><a target=\"_blank\" aria-label=\"Compartir en LinkedIn\" href='https:\/\/linkedin.com\/shareArticle?mini=true&#038;title=Agricultura%20constituy%C3%B3%20la%20primera%20mesa%20de%20Sanidad%20Vegetal%20en%20la%20Regi%C3%B3n%20de%20Ays%C3%A9n&#038;url=https:\/\/radiorevelacionfm.cl\/?p=23280' aria-hidden='false' data-av_icon='\ue8fc' data-av_iconfont='entypo-fontello' title='' data-avia-related-tooltip='Compartir en LinkedIn' rel=\"noopener\"><span class='avia_hidden_link_text'>Compartir en LinkedIn<\/span><\/a><\/li><li class='av-share-link av-social-link-mail' ><a  aria-label=\"Compartir por correo\" href='mailto:?subject=Agricultura%20constituy%C3%B3%20la%20primera%20mesa%20de%20Sanidad%20Vegetal%20en%20la%20Regi%C3%B3n%20de%20Ays%C3%A9n&#038;body=https:\/\/radiorevelacionfm.cl\/?p=23280' aria-hidden='false' data-av_icon='\ue805' data-av_iconfont='entypo-fontello' title='' data-avia-related-tooltip='Compartir por correo'><span class='avia_hidden_link_text'>Compartir por correo<\/span><\/a><\/li><\/ul><\/div><\/div>\n<div  style='height:50px' class='hr hr-invisible   avia-builder-el-8  el_after_av_social_share  el_before_av_comments_list '><span class='hr-inner ' ><span class='hr-inner-style'><\/span><\/span><\/div>\n<div  class='av-buildercomment  av-blog-meta-html-info-disabled av-blog-meta-tag-disabled  '><\/div>\n","protected":false},"excerpt":{"rendered":"","protected":false},"author":1,"featured_media":23281,"comment_status":"open","ping_status":"open","sticky":false,"template":"","format":"standard","meta":{"footnotes":""},"categories":[58],"tags":[],"class_list":["post-23280","post","type-post","status-publish","format-standard","has-post-thumbnail","hentry","category-agricultura"],"jetpack_featured_media_url":"https:\/\/radiorevelacionfm.cl\/wp-content\/uploads\/2022\/10\/frutilla3-1-1.jpg","_links":{"self":[{"href":"https:\/\/radiorevelacionfm.cl\/index.php?rest_route=\/wp\/v2\/posts\/23280","targetHints":{"allow":["GET"]}}],"collection":[{"href":"https:\/\/radiorevelacionfm.cl\/index.php?rest_route=\/wp\/v2\/posts"}],"about":[{"href":"https:\/\/radiorevelacionfm.cl\/index.php?rest_route=\/wp\/v2\/types\/post"}],"author":[{"embeddable":true,"href":"https:\/\/radiorevelacionfm.cl\/index.php?rest_route=\/wp\/v2\/users\/1"}],"replies":[{"embeddable":true,"href":"https:\/\/radiorevelacionfm.cl\/index.php?rest_route=%2Fwp%2Fv2%2Fcomments&post=23280"}],"version-history":[{"count":2,"href":"https:\/\/radiorevelacionfm.cl\/index.php?rest_route=\/wp\/v2\/posts\/23280\/revisions"}],"predecessor-version":[{"id":23283,"href":"https:\/\/radiorevelacionfm.cl\/index.php?rest_route=\/wp\/v2\/posts\/23280\/revisions\/23283"}],"wp:featuredmedia":[{"embeddable":true,"href":"https:\/\/radiorevelacionfm.cl\/index.php?rest_route=\/wp\/v2\/media\/23281"}],"wp:attachment":[{"href":"https:\/\/radiorevelacionfm.cl\/index.php?rest_route=%2Fwp%2Fv2%2Fmedia&parent=23280"}],"wp:term":[{"taxonomy":"category","embeddable":true,"href":"https:\/\/radiorevelacionfm.cl\/index.php?rest_route=%2Fwp%2Fv2%2Fcategories&post=23280"},{"taxonomy":"post_tag","embeddable":true,"href":"https:\/\/radiorevelacionfm.cl\/index.php?rest_route=%2Fwp%2Fv2%2Ftags&post=23280"}],"curies":[{"name":"wp","href":"https:\/\/api.w.org\/{rel}","templated":true}]}}