{"id":23277,"date":"2022-10-21T15:55:38","date_gmt":"2022-10-21T18:55:38","guid":{"rendered":"https:\/\/radiorevelacionfm.cl\/?p=23277"},"modified":"2022-10-21T15:55:38","modified_gmt":"2022-10-21T18:55:38","slug":"mes-del-medio-ambiente-invitan-a-participar-de-feria-ciudadana-ambiental-en-coyhaique","status":"publish","type":"post","link":"https:\/\/radiorevelacionfm.cl\/?p=23277","title":{"rendered":"Mes del Medio Ambiente: Invitan a participar de feria ciudadana ambiental en Coyhaique"},"content":{"rendered":"<div class=\"flex_column av_one_full  flex_column_div av-zero-column-padding first  avia-builder-el-0  el_before_av_one_full  avia-builder-el-first  \" style='border-radius:0px; '><div  class='avia-image-container  av-styling-    avia-builder-el-1  avia-builder-el-no-sibling  avia-align-center '  itemprop=\"image\" itemscope=\"itemscope\" itemtype=\"https:\/\/schema.org\/ImageObject\"  ><div class='avia-image-container-inner'><div class='avia-image-overlay-wrap'><img decoding=\"async\" class='wp-image-23278 avia-img-lazy-loading-not-23278 avia_image' src=\"https:\/\/radiorevelacionfm.cl\/wp-content\/uploads\/2022\/10\/feria_ciudadana_aysen_3-1_optimized-1.jpg\" alt='' title='feria_ciudadana_aysen_3-(1)_optimized (1)' height=\"600\" width=\"1080\"  itemprop=\"thumbnailUrl\" srcset=\"https:\/\/radiorevelacionfm.cl\/wp-content\/uploads\/2022\/10\/feria_ciudadana_aysen_3-1_optimized-1.jpg 1080w, https:\/\/radiorevelacionfm.cl\/wp-content\/uploads\/2022\/10\/feria_ciudadana_aysen_3-1_optimized-1-300x167.jpg 300w, https:\/\/radiorevelacionfm.cl\/wp-content\/uploads\/2022\/10\/feria_ciudadana_aysen_3-1_optimized-1-1030x572.jpg 1030w, https:\/\/radiorevelacionfm.cl\/wp-content\/uploads\/2022\/10\/feria_ciudadana_aysen_3-1_optimized-1-768x427.jpg 768w, https:\/\/radiorevelacionfm.cl\/wp-content\/uploads\/2022\/10\/feria_ciudadana_aysen_3-1_optimized-1-705x392.jpg 705w, https:\/\/radiorevelacionfm.cl\/wp-content\/uploads\/2022\/10\/feria_ciudadana_aysen_3-1_optimized-1-600x333.jpg 600w\" sizes=\"(max-width: 1080px) 100vw, 1080px\" \/><\/div><\/div><\/div><\/div><div class=\"flex_column av_one_full  flex_column_div av-zero-column-padding first  avia-builder-el-2  el_after_av_one_full  el_before_av_one_full  column-top-margin\" style='border-radius:0px; '><section class=\"av_textblock_section \"  itemscope=\"itemscope\" itemtype=\"https:\/\/schema.org\/BlogPosting\" itemprop=\"blogPost\" ><div class='avia_textblock  '   itemprop=\"text\" ><p style=\"text-align: center;\"><strong><span style=\"font-size: 18pt;\">Mes del Medio Ambiente: Invitan a participar de feria ciudadana ambiental en Coyhaique<\/span><\/strong><\/p>\n<div id=\"gtx-trans\" style=\"position: absolute; left: -50px; top: 4.31534px;\">\n<div class=\"gtx-trans-icon\"><\/div>\n<\/div>\n<\/div><\/section><\/div><div class=\"flex_column av_one_full  flex_column_div av-zero-column-padding first  avia-builder-el-4  el_after_av_one_full  el_before_av_hr  column-top-margin\" style='border-radius:0px; '><section class=\"av_textblock_section \"  itemscope=\"itemscope\" itemtype=\"https:\/\/schema.org\/BlogPosting\" itemprop=\"blogPost\" ><div class='avia_textblock  '   itemprop=\"text\" ><p style=\"text-align: justify;\"><span style=\"font-size: 12pt;\">Como parte de las actividades del mes del medio ambiente, la SEREMI del Medio Ambiente, mediante su programa FNDR de Educaci\u00f3n Ambiental en Calidad del Aire, financiado por el Gobierno regional de Ays\u00e9n y su Consejo, ha organizado una feria ciudadana para el s\u00e1bado 22 de octubre en la plaza de armas de Coyhaique.<\/span><\/p>\n<p style=\"text-align: justify;\"><span style=\"font-size: 12pt;\">La actividad denominada \u201cFeria Ciudadana de Calidad del Aire y Educaci\u00f3n Ambiental\u201d, re\u00fane a diversas organizaciones e instituciones las que pondr\u00e1n informaci\u00f3n ambiental al servicio de la ciudadan\u00eda mediante stands, talleres y visitas. En esta ocasi\u00f3n, participar\u00e1n de la feria: Respira Coyhaique, Construcci\u00f3n Sustentable, BancoEstado, TMS Energ\u00eda, Cicleayque, MINVU Ays\u00e9n, Edelaysen, Laboratorio Ecoclim\u00e1tico CIEP\/UACH, Seremi de la Mujer y Equidad de G\u00e9nero,\u00a0 Fundaci\u00f3n INTEGRA, INDAP, IND, Registro Civil, JUNJI Ays\u00e9n, Cuarta Divisi\u00f3n de Ej\u00e9rcito, 1ra Comisaria de Carabineros Coyhaique, y CONAF.<\/span><\/p>\n<p style=\"text-align: justify;\"><span style=\"font-size: 12pt;\">\u201cEsperamos contar este s\u00e1bado con una amplia participaci\u00f3n de nuestra comunidad en esta actividad colaborativa, que re\u00fane a muchos servicios y organizaciones, para as\u00ed acercar las buenas pr\u00e1cticas ambientales a nuestros vecinos y vecinas, de una forma entretenida y cercana para ir avanzando desde ya, en todo lo que pueda ayudarnos a prepararnos para contar con una mejor calidad del aire durante el pr\u00f3ximo oto\u00f1o -invierno\u201d, declar\u00f3 el Seremi del Medio Ambiente, Juli\u00e1n C\u00e1rdenas.<\/span><\/p>\n<p style=\"text-align: justify;\"><span style=\"font-size: 12pt;\">Las actividades comenzar\u00e1n a las 14:30 hrs. con la inauguraci\u00f3n de la feria ambiental, para luego a las 15:00 hrs. dar inicio al bloque \u201cActividades para ti, tu familia y tu bicicleta\u201d, el que incluir\u00e1 talleres, trueque y cicletada, entre otras sorpresas. Adem\u00e1s, a las 16.30 est\u00e1 contemplada una visita a la estaci\u00f3n de monitoreo de calidad del aire Coyhaique II, para lo cual, la SEREMI del Medio Ambiente dispondr\u00e1 de movilizaci\u00f3n desde la plaza pentagonal.<\/span><\/p>\n<p style=\"text-align: justify;\"><span style=\"font-size: 12pt;\">Para las 17:00 horas, todos y todas quienes quieran conocer sobre alternativas sustentables de calefacci\u00f3n, podr\u00e1n sumarse a las actividades de calefacci\u00f3n distrital a cargo del Comit\u00e9 regional de Construcci\u00f3n sustentable y MINVU.<\/span><\/p>\n<p style=\"text-align: justify;\"><span style=\"font-size: 12pt;\">Por \u00faltimo, el SEREMI invit\u00f3 a las familias a acercarse a la feria idealmente a pie o en bicicleta, para aportar a realizar una actividad sin huella ni contaminaci\u00f3n, recordando asimismo a la comunidad que las calles alrededor de la plaza se encontrar\u00e1n cerradas al ingreso vehicular para permitir que peque\u00f1os y peque\u00f1as transiten en todo tipo de ciclos, inst\u00e1ndoles asimismo a participar de la cicletada que se realizar\u00e1 en el contexto de las actividades planeadas. Finalmente, la autoridad ambiental coment\u00f3 que en esta actividad, se estar\u00e1n recepcionando pilas como parte de la campa\u00f1a #patagoniapontelaspilas 2022, invitando as\u00ed a nuestras vecinas y vecinos a unirse a los esfuerzos de reciclaje y econom\u00eda circular que se han desplegado como comunidad durante todo este mes del medio ambiente, entre otros, con los Viernes de Punto Limpio en las dependencias de la SEREMI en calle N\u00b0 Portales 125.<\/span><\/p>\n<\/div><\/section><\/div><div  style='height:50px' class='hr hr-invisible   avia-builder-el-6  el_after_av_one_full  el_before_av_social_share '><span class='hr-inner ' ><span class='hr-inner-style'><\/span><\/span><\/div><\/p>\n<div  class='av-social-sharing-box  avia-builder-el-7  el_after_av_hr  el_before_av_hr  '><div class='av-share-box'><h5 class='av-share-link-description av-no-toc '>Compartir esta noticia<\/h5><ul class='av-share-box-list noLightbox'><li class='av-share-link av-social-link-facebook' ><a target=\"_blank\" aria-label=\"Compartir en Facebook\" href='https:\/\/www.facebook.com\/sharer.php?u=https:\/\/radiorevelacionfm.cl\/?p=23277&#038;t=Mes%20del%20Medio%20Ambiente%3A%20Invitan%20a%20participar%20de%20feria%20ciudadana%20ambiental%20en%20Coyhaique' aria-hidden='false' data-av_icon='\ue8f3' data-av_iconfont='entypo-fontello' title='' data-avia-related-tooltip='Compartir en Facebook' rel=\"noopener\"><span class='avia_hidden_link_text'>Compartir en Facebook<\/span><\/a><\/li><li class='av-share-link av-social-link-twitter' ><a target=\"_blank\" aria-label=\"Compartir en Twitter\" href='https:\/\/twitter.com\/share?text=Mes%20del%20Medio%20Ambiente%3A%20Invitan%20a%20participar%20de%20feria%20ciudadana%20ambiental%20en%20Coyhaique&#038;url=https:\/\/radiorevelacionfm.cl\/?p=23277' aria-hidden='false' data-av_icon='\ue8f1' data-av_iconfont='entypo-fontello' title='' data-avia-related-tooltip='Compartir en Twitter' rel=\"noopener\"><span class='avia_hidden_link_text'>Compartir en Twitter<\/span><\/a><\/li><li class='av-share-link av-social-link-whatsapp' ><a target=\"_blank\" aria-label=\"Compartir en Whatsapp\" href='https:\/\/api.whatsapp.com\/send?text=https:\/\/radiorevelacionfm.cl\/?p=23277' aria-hidden='false' data-av_icon='\uf232' data-av_iconfont='entypo-fontello' title='' data-avia-related-tooltip='Compartir en Whatsapp' rel=\"noopener\"><span class='avia_hidden_link_text'>Compartir en Whatsapp<\/span><\/a><\/li><li class='av-share-link av-social-link-linkedin' ><a target=\"_blank\" aria-label=\"Compartir en LinkedIn\" href='https:\/\/linkedin.com\/shareArticle?mini=true&#038;title=Mes%20del%20Medio%20Ambiente%3A%20Invitan%20a%20participar%20de%20feria%20ciudadana%20ambiental%20en%20Coyhaique&#038;url=https:\/\/radiorevelacionfm.cl\/?p=23277' aria-hidden='false' data-av_icon='\ue8fc' data-av_iconfont='entypo-fontello' title='' data-avia-related-tooltip='Compartir en LinkedIn' rel=\"noopener\"><span class='avia_hidden_link_text'>Compartir en LinkedIn<\/span><\/a><\/li><li class='av-share-link av-social-link-mail' ><a  aria-label=\"Compartir por correo\" href='mailto:?subject=Mes%20del%20Medio%20Ambiente%3A%20Invitan%20a%20participar%20de%20feria%20ciudadana%20ambiental%20en%20Coyhaique&#038;body=https:\/\/radiorevelacionfm.cl\/?p=23277' aria-hidden='false' data-av_icon='\ue805' data-av_iconfont='entypo-fontello' title='' data-avia-related-tooltip='Compartir por correo'><span class='avia_hidden_link_text'>Compartir por correo<\/span><\/a><\/li><\/ul><\/div><\/div>\n<div  style='height:50px' class='hr hr-invisible   avia-builder-el-8  el_after_av_social_share  el_before_av_comments_list '><span class='hr-inner ' ><span class='hr-inner-style'><\/span><\/span><\/div>\n<div  class='av-buildercomment  av-blog-meta-html-info-disabled av-blog-meta-tag-disabled  '><\/div>\n","protected":false},"excerpt":{"rendered":"","protected":false},"author":1,"featured_media":23278,"comment_status":"open","ping_status":"open","sticky":false,"template":"","format":"standard","meta":{"footnotes":""},"categories":[39],"tags":[],"class_list":["post-23277","post","type-post","status-publish","format-standard","has-post-thumbnail","hentry","category-medio-ambiente"],"jetpack_featured_media_url":"https:\/\/radiorevelacionfm.cl\/wp-content\/uploads\/2022\/10\/feria_ciudadana_aysen_3-1_optimized-1.jpg","_links":{"self":[{"href":"https:\/\/radiorevelacionfm.cl\/index.php?rest_route=\/wp\/v2\/posts\/23277","targetHints":{"allow":["GET"]}}],"collection":[{"href":"https:\/\/radiorevelacionfm.cl\/index.php?rest_route=\/wp\/v2\/posts"}],"about":[{"href":"https:\/\/radiorevelacionfm.cl\/index.php?rest_route=\/wp\/v2\/types\/post"}],"author":[{"embeddable":true,"href":"https:\/\/radiorevelacionfm.cl\/index.php?rest_route=\/wp\/v2\/users\/1"}],"replies":[{"embeddable":true,"href":"https:\/\/radiorevelacionfm.cl\/index.php?rest_route=%2Fwp%2Fv2%2Fcomments&post=23277"}],"version-history":[{"count":2,"href":"https:\/\/radiorevelacionfm.cl\/index.php?rest_route=\/wp\/v2\/posts\/23277\/revisions"}],"predecessor-version":[{"id":23329,"href":"https:\/\/radiorevelacionfm.cl\/index.php?rest_route=\/wp\/v2\/posts\/23277\/revisions\/23329"}],"wp:featuredmedia":[{"embeddable":true,"href":"https:\/\/radiorevelacionfm.cl\/index.php?rest_route=\/wp\/v2\/media\/23278"}],"wp:attachment":[{"href":"https:\/\/radiorevelacionfm.cl\/index.php?rest_route=%2Fwp%2Fv2%2Fmedia&parent=23277"}],"wp:term":[{"taxonomy":"category","embeddable":true,"href":"https:\/\/radiorevelacionfm.cl\/index.php?rest_route=%2Fwp%2Fv2%2Fcategories&post=23277"},{"taxonomy":"post_tag","embeddable":true,"href":"https:\/\/radiorevelacionfm.cl\/index.php?rest_route=%2Fwp%2Fv2%2Ftags&post=23277"}],"curies":[{"name":"wp","href":"https:\/\/api.w.org\/{rel}","templated":true}]}}