{"id":2326,"date":"2021-02-02T18:31:04","date_gmt":"2021-02-02T21:31:04","guid":{"rendered":"https:\/\/radiorevelacionfm.cl\/?p=2326"},"modified":"2021-02-02T18:31:04","modified_gmt":"2021-02-02T21:31:04","slug":"concejo-de-chile-chico-aprobo-beca-municipal-para-deportistas-destacados-de-la-comuna","status":"publish","type":"post","link":"https:\/\/radiorevelacionfm.cl\/?p=2326","title":{"rendered":"Concejo de Chile Chico aprob\u00f3 beca municipal para deportistas destacados de la comuna"},"content":{"rendered":"<div class=\"flex_column av_one_full  flex_column_div av-zero-column-padding first  avia-builder-el-0  el_before_av_one_full  avia-builder-el-first  \" style='border-radius:0px; '><div  class='avia-image-container  av-styling-    avia-builder-el-1  avia-builder-el-no-sibling  avia-align-center '  itemprop=\"image\" itemscope=\"itemscope\" itemtype=\"https:\/\/schema.org\/ImageObject\"  ><div class='avia-image-container-inner'><div class='avia-image-overlay-wrap'><img decoding=\"async\" class='wp-image-0 avia-img-lazy-loading-not-0 avia_image' src=\"https:\/\/radiorevelacionfm.cl\/wp-content\/uploads\/2021\/02\/becas-1.png\" alt='' title=''   itemprop=\"thumbnailUrl\"  \/><\/div><\/div><\/div><\/div><div class=\"flex_column av_one_full  flex_column_div av-zero-column-padding first  avia-builder-el-2  el_after_av_one_full  el_before_av_one_full  column-top-margin\" style='border-radius:0px; '><section class=\"av_textblock_section \"  itemscope=\"itemscope\" itemtype=\"https:\/\/schema.org\/BlogPosting\" itemprop=\"blogPost\" ><div class='avia_textblock  '   itemprop=\"text\" ><p style=\"text-align: center;\"><span style=\"font-size: 18pt;\"><strong>Concejo de Chile Chico aprob\u00f3 beca municipal para deportistas destacados de la comuna <\/strong><\/span><\/p>\n<div id=\"gtx-trans\" style=\"position: absolute; left: -50px; top: 4.31534px;\">\n<div class=\"gtx-trans-icon\"><\/div>\n<\/div>\n<\/div><\/section><\/div><div class=\"flex_column av_one_full  flex_column_div av-zero-column-padding first  avia-builder-el-4  el_after_av_one_full  el_before_av_hr  column-top-margin\" style='border-radius:0px; '><section class=\"av_textblock_section \"  itemscope=\"itemscope\" itemtype=\"https:\/\/schema.org\/BlogPosting\" itemprop=\"blogPost\" ><div class='avia_textblock  '   itemprop=\"text\" ><p style=\"text-align: justify;\">Entre el 8 y el 15 de febrero se efectuar\u00e1 la recopilaci\u00f3n de antecedentes y postulaci\u00f3n, desde el 16 al 19 del mismo mes se dar\u00e1 el proceso de evaluaci\u00f3n, para que entre el 22 y 25 de febrero se entreguen los nombres de quienes se adjudican la beca deportiva, orientada a todas las disciplinas.<\/p>\n<p style=\"text-align: justify;\">De forma un\u00e1nime el Concejo de Chile Chico, aprob\u00f3 los recursos que permitir\u00e1n entregar la \u201cbeca deportiva municipal\u201d, con la que se pretende beneficiar a 10 personas, independiente de la edad y la disciplina que practiquen, solo que destaquen en el deporte que desarrollan de manera permanente.<\/p>\n<p style=\"text-align: justify;\">La iniciativa fue respaldada por el Alcalde y los Concejales, tras la exposici\u00f3n realizada por el encargado de turismo y deportes en la Municipalidad, Alejandro Sanhueza.<\/p>\n<p style=\"text-align: justify;\">\u201cBuenas noticias para los deportistas de la comuna de Chile Chico, el d\u00eda de hoy el Concejo Municipal liderado por el Alcalde, han aprobado los nuevos recursos para asignar becas deportivas a los deportistas destacados de la comuna. Aumenta el monto, se actualiza algunos temas internos del reglamento, por ello, invitamos a todos los deportistas de la comuna a postular, a venir a buscar el reglamento y los requisitos a la oficina de deportes o llamarnos al 672 411751\u201d, detall\u00f3 Sanhueza.<\/p>\n<p style=\"text-align: justify;\">El encargado de turismo y deportes de la Municipalidad de Chile Chico, Alejandro Sanhueza, entreg\u00f3 tambi\u00e9n algunos de los principales requisitos para postular la beca deportiva, enfatizando que, no discrimina por situaci\u00f3n socioecon\u00f3mica.<\/p>\n<p style=\"text-align: justify;\">\u201cPrimero decir que, la situaci\u00f3n socioecon\u00f3mica no se considera, sino que el requisito principal es ser un deportista destacado m\u00e1s los requisitos que est\u00e1n en el reglamento y como lo dec\u00edamos es para toda la comuna de Chile Chico, indistinto del deporte que practique. Tambi\u00e9n pueden escribirnos a <a href=\"mailto:a.sanhueza@chilechico.cl\">a.sanhueza@chilechico.cl<\/a> que es el correo de la oficina de turismo y deportes, donde pueden solicitar toda la informaci\u00f3n y recalcar la invitaci\u00f3n a postular a estos fondos, son 60 mil pesos mensuales que se asignan por un periodo de 10 meses, hasta diciembre\u201d.<\/p>\n<p style=\"text-align: justify;\">La Concejala Teresa Aguilar, puso en valor esta importante iniciativa la que no dud\u00f3 en respaldar. \u201cExcelente que se haya aprobado la beca deportiva, porque ac\u00e1 tenemos hartos deportistas, tanto ni\u00f1os como gente adulta. As\u00ed es que, para m\u00ed fue muy bueno haber aprobado la beca deportiva y bueno por la juventud, ya que esa platita les va a servir en el deporte que practican\u201d.<\/p>\n<p style=\"text-align: justify;\">Para la beca deportiva municipal, donde se busca reconocer a quienes destaquen en diversas disciplinas, se informa que, entre el 8 y el 15 de febrero se efectuar\u00e1 la recopilaci\u00f3n de antecedentes y postulaci\u00f3n, desde el 16 al 19 del mismo mes se dar\u00e1 el proceso de evaluaci\u00f3n, para que entre el 22 y 25 de febrero se entreguen los nombres de quienes se adjudican la beca deportiva.<\/p>\n<\/div><\/section><\/div><div  style='height:50px' class='hr hr-invisible   avia-builder-el-6  el_after_av_one_full  el_before_av_social_share '><span class='hr-inner ' ><span class='hr-inner-style'><\/span><\/span><\/div><\/p>\n<div  class='av-social-sharing-box  avia-builder-el-7  el_after_av_hr  el_before_av_hr  '><div class='av-share-box'><h5 class='av-share-link-description av-no-toc '>Compartir esta noticia<\/h5><ul class='av-share-box-list noLightbox'><li class='av-share-link av-social-link-facebook' ><a target=\"_blank\" aria-label=\"Compartir en Facebook\" href='https:\/\/www.facebook.com\/sharer.php?u=https:\/\/radiorevelacionfm.cl\/?p=2326&#038;t=Concejo%20de%20Chile%20Chico%20aprob%C3%B3%20beca%20municipal%20para%20deportistas%20destacados%20de%20la%20comuna' aria-hidden='false' data-av_icon='\ue8f3' data-av_iconfont='entypo-fontello' title='' data-avia-related-tooltip='Compartir en Facebook' rel=\"noopener\"><span class='avia_hidden_link_text'>Compartir en Facebook<\/span><\/a><\/li><li class='av-share-link av-social-link-twitter' ><a target=\"_blank\" aria-label=\"Compartir en Twitter\" href='https:\/\/twitter.com\/share?text=Concejo%20de%20Chile%20Chico%20aprob%C3%B3%20beca%20municipal%20para%20deportistas%20destacados%20de%20la%20comuna&#038;url=https:\/\/radiorevelacionfm.cl\/?p=2326' aria-hidden='false' data-av_icon='\ue8f1' data-av_iconfont='entypo-fontello' title='' data-avia-related-tooltip='Compartir en Twitter' rel=\"noopener\"><span class='avia_hidden_link_text'>Compartir en Twitter<\/span><\/a><\/li><li class='av-share-link av-social-link-whatsapp' ><a target=\"_blank\" aria-label=\"Compartir en Whatsapp\" href='https:\/\/api.whatsapp.com\/send?text=https:\/\/radiorevelacionfm.cl\/?p=2326' aria-hidden='false' data-av_icon='\uf232' data-av_iconfont='entypo-fontello' title='' data-avia-related-tooltip='Compartir en Whatsapp' rel=\"noopener\"><span class='avia_hidden_link_text'>Compartir en Whatsapp<\/span><\/a><\/li><li class='av-share-link av-social-link-linkedin' ><a target=\"_blank\" aria-label=\"Compartir en LinkedIn\" href='https:\/\/linkedin.com\/shareArticle?mini=true&#038;title=Concejo%20de%20Chile%20Chico%20aprob%C3%B3%20beca%20municipal%20para%20deportistas%20destacados%20de%20la%20comuna&#038;url=https:\/\/radiorevelacionfm.cl\/?p=2326' aria-hidden='false' data-av_icon='\ue8fc' data-av_iconfont='entypo-fontello' title='' data-avia-related-tooltip='Compartir en LinkedIn' rel=\"noopener\"><span class='avia_hidden_link_text'>Compartir en LinkedIn<\/span><\/a><\/li><li class='av-share-link av-social-link-mail' ><a  aria-label=\"Compartir por correo\" href='mailto:?subject=Concejo%20de%20Chile%20Chico%20aprob%C3%B3%20beca%20municipal%20para%20deportistas%20destacados%20de%20la%20comuna&#038;body=https:\/\/radiorevelacionfm.cl\/?p=2326' aria-hidden='false' data-av_icon='\ue805' data-av_iconfont='entypo-fontello' title='' data-avia-related-tooltip='Compartir por correo'><span class='avia_hidden_link_text'>Compartir por correo<\/span><\/a><\/li><\/ul><\/div><\/div>\n<div  style='height:50px' class='hr hr-invisible   avia-builder-el-8  el_after_av_social_share  el_before_av_comments_list '><span class='hr-inner ' ><span class='hr-inner-style'><\/span><\/span><\/div>\n<div  class='av-buildercomment  av-blog-meta-html-info-disabled av-blog-meta-tag-disabled  '><\/div>\n","protected":false},"excerpt":{"rendered":"","protected":false},"author":1,"featured_media":0,"comment_status":"open","ping_status":"open","sticky":false,"template":"","format":"standard","meta":{"footnotes":""},"categories":[38],"tags":[],"class_list":["post-2326","post","type-post","status-publish","format-standard","hentry","category-regional"],"jetpack_featured_media_url":"","_links":{"self":[{"href":"https:\/\/radiorevelacionfm.cl\/index.php?rest_route=\/wp\/v2\/posts\/2326","targetHints":{"allow":["GET"]}}],"collection":[{"href":"https:\/\/radiorevelacionfm.cl\/index.php?rest_route=\/wp\/v2\/posts"}],"about":[{"href":"https:\/\/radiorevelacionfm.cl\/index.php?rest_route=\/wp\/v2\/types\/post"}],"author":[{"embeddable":true,"href":"https:\/\/radiorevelacionfm.cl\/index.php?rest_route=\/wp\/v2\/users\/1"}],"replies":[{"embeddable":true,"href":"https:\/\/radiorevelacionfm.cl\/index.php?rest_route=%2Fwp%2Fv2%2Fcomments&post=2326"}],"version-history":[{"count":1,"href":"https:\/\/radiorevelacionfm.cl\/index.php?rest_route=\/wp\/v2\/posts\/2326\/revisions"}],"predecessor-version":[{"id":2328,"href":"https:\/\/radiorevelacionfm.cl\/index.php?rest_route=\/wp\/v2\/posts\/2326\/revisions\/2328"}],"wp:attachment":[{"href":"https:\/\/radiorevelacionfm.cl\/index.php?rest_route=%2Fwp%2Fv2%2Fmedia&parent=2326"}],"wp:term":[{"taxonomy":"category","embeddable":true,"href":"https:\/\/radiorevelacionfm.cl\/index.php?rest_route=%2Fwp%2Fv2%2Fcategories&post=2326"},{"taxonomy":"post_tag","embeddable":true,"href":"https:\/\/radiorevelacionfm.cl\/index.php?rest_route=%2Fwp%2Fv2%2Ftags&post=2326"}],"curies":[{"name":"wp","href":"https:\/\/api.w.org\/{rel}","templated":true}]}}