{"id":23258,"date":"2022-10-20T17:11:12","date_gmt":"2022-10-20T20:11:12","guid":{"rendered":"https:\/\/radiorevelacionfm.cl\/?p=23258"},"modified":"2022-10-20T17:11:12","modified_gmt":"2022-10-20T20:11:12","slug":"llaman-a-los-estudiantes-a-completar-el-formulario-unico-de-acreditacion-socioeconomica-fuas-para-acceder-a-los-beneficios-estudiantiles-de-educacion-superior","status":"publish","type":"post","link":"https:\/\/radiorevelacionfm.cl\/?p=23258","title":{"rendered":"Llaman a los estudiantes a completar el Formulario \u00danico de Acreditaci\u00f3n Socioecon\u00f3mica FUAS para acceder a los beneficios estudiantiles de educaci\u00f3n superior"},"content":{"rendered":"<div class=\"flex_column av_one_full  flex_column_div av-zero-column-padding first  avia-builder-el-0  el_before_av_one_full  avia-builder-el-first  \" style='border-radius:0px; '><div  class='avia-image-container  av-styling-    avia-builder-el-1  avia-builder-el-no-sibling  avia-align-center '  itemprop=\"image\" itemscope=\"itemscope\" itemtype=\"https:\/\/schema.org\/ImageObject\"  ><div class='avia-image-container-inner'><div class='avia-image-overlay-wrap'><img decoding=\"async\" class='wp-image-23259 avia-img-lazy-loading-not-23259 avia_image' src=\"https:\/\/radiorevelacionfm.cl\/wp-content\/uploads\/2022\/10\/isabel-garrido_seremi-educacion-02-1_optimized.jpg\" alt='' title='isabel-garrido_seremi-educacion-02-(1)_optimized' height=\"600\" width=\"1067\"  itemprop=\"thumbnailUrl\" srcset=\"https:\/\/radiorevelacionfm.cl\/wp-content\/uploads\/2022\/10\/isabel-garrido_seremi-educacion-02-1_optimized.jpg 1067w, https:\/\/radiorevelacionfm.cl\/wp-content\/uploads\/2022\/10\/isabel-garrido_seremi-educacion-02-1_optimized-300x169.jpg 300w, https:\/\/radiorevelacionfm.cl\/wp-content\/uploads\/2022\/10\/isabel-garrido_seremi-educacion-02-1_optimized-1030x579.jpg 1030w, https:\/\/radiorevelacionfm.cl\/wp-content\/uploads\/2022\/10\/isabel-garrido_seremi-educacion-02-1_optimized-768x432.jpg 768w, https:\/\/radiorevelacionfm.cl\/wp-content\/uploads\/2022\/10\/isabel-garrido_seremi-educacion-02-1_optimized-705x396.jpg 705w, https:\/\/radiorevelacionfm.cl\/wp-content\/uploads\/2022\/10\/isabel-garrido_seremi-educacion-02-1_optimized-600x337.jpg 600w\" sizes=\"(max-width: 1067px) 100vw, 1067px\" \/><\/div><\/div><\/div><\/div><div class=\"flex_column av_one_full  flex_column_div av-zero-column-padding first  avia-builder-el-2  el_after_av_one_full  el_before_av_one_full  column-top-margin\" style='border-radius:0px; '><section class=\"av_textblock_section \"  itemscope=\"itemscope\" itemtype=\"https:\/\/schema.org\/BlogPosting\" itemprop=\"blogPost\" ><div class='avia_textblock  '   itemprop=\"text\" ><p style=\"text-align: center;\"><strong><span style=\"font-size: 18pt;\">Llaman a los estudiantes a completar el Formulario \u00danico de Acreditaci\u00f3n Socioecon\u00f3mica FUAS para acceder a los beneficios estudiantiles de educaci\u00f3n superior<\/span><\/strong><\/p>\n<div id=\"gtx-trans\" style=\"position: absolute; left: -50px; top: 4.31534px;\">\n<div class=\"gtx-trans-icon\"><\/div>\n<\/div>\n<\/div><\/section><\/div><div class=\"flex_column av_one_full  flex_column_div av-zero-column-padding first  avia-builder-el-4  el_after_av_one_full  el_before_av_hr  column-top-margin\" style='border-radius:0px; '><section class=\"av_textblock_section \"  itemscope=\"itemscope\" itemtype=\"https:\/\/schema.org\/BlogPosting\" itemprop=\"blogPost\" ><div class='avia_textblock  '   itemprop=\"text\" ><p class=\"v1MsoNormal\" style=\"text-align: justify;\"><span lang=\"ES\">A d\u00edas del cierre de la inscripci\u00f3n al FUAS la Seremi de Educaci\u00f3n Isabel Garrido Casassa hizo un especial llamado a las y los estudiantes de cuartos medios de la Regi\u00f3n de Ays\u00e9n para que postulen a trav\u00e9s de la plataforma www.fuas.cl.<\/span><\/p>\n<p class=\"v1MsoNormal\" style=\"text-align: justify;\"><span lang=\"ES\">\u201cRecordamos a quienes se inscribieron para rendir la PAES este a\u00f1o que no esperen hasta el \u00faltimo minuto y desde ya ingresen a fuas.cl. El proceso es muy f\u00e1cil y completamente online. No toma m\u00e1s de 15 minutos hacerlo y se puede ingresar a cualquier hora y cualquier d\u00eda de la semana, pues el sistema est\u00e1 operativo 24\/7.\u00a0Como gobierno debemos ser garantes del derecho a la educaci\u00f3n superior. Por eso estamos impulsando cambios estructurales para que las y los estudiantes puedan ingresar y completar su formaci\u00f3n sin sufrir inequidades sociales\u201d.\u00a0<\/span><\/p>\n<p class=\"v1MsoNormal\" style=\"text-align: justify;\"><span lang=\"ES\">En la actualidad, el Ministerio de Educaci\u00f3n administra un sistema de beneficios que est\u00e1 conformado por un r\u00e9gimen de gratuidad, 19 becas y 2 cr\u00e9ditos. Para poder participar del proceso de beneficios estudiantiles y optar a gratuidad, becas y cr\u00e9ditos, los estudiantes deben, sin excepci\u00f3n, completar antes el FUAS (Formulario \u00danico de Acreditaci\u00f3n Socioecon\u00f3mica). De esta forma, es fundamental que los j\u00f3venes participen en el proceso, ya que, de otra manera, quedar\u00e1n fuera del sistema de beneficios por ese a\u00f1o y, con ello, posiblemente se vea afectada tambi\u00e9n la opci\u00f3n de acceder a la Educaci\u00f3n Superior en ese periodo.<\/span><\/p>\n<p class=\"v1MsoNormal\" style=\"text-align: justify;\"><span lang=\"ES\">La postulaci\u00f3n a los beneficios estudiantiles se realiza completando el Formulario \u00danico de Acreditaci\u00f3n Socioecon\u00f3mica (FUAS) de manera online. A trav\u00e9s del FUAS, las y los estudiantes deben informar sus antecedentes familiares y socioecon\u00f3micos, de manera que la Subsecretar\u00eda de Educaci\u00f3n Superior pueda validarlos y determinar el nivel de ingresos y el cumplimiento de los dem\u00e1s requisitos establecidos en la normativa para el otorgamiento de los distintos beneficios estudiantiles del Estado.<\/span><\/p>\n<p class=\"v1MsoNormal\" style=\"text-align: justify;\"><span lang=\"ES\">Importante recordar que toda la informaci\u00f3n acerca de la gratuidad y otros beneficios est\u00e1 disponible en\u00a0<\/span><span lang=\"ES\"><a href=\"https:\/\/portal.beneficiosestudiantiles.cl\/\" target=\"_blank\" rel=\"noopener noreferrer\">https:\/\/portal.beneficiosestudiantiles.cl\/<\/a><\/span><span lang=\"ES\">. La postulaci\u00f3n directo en\u00a0<\/span><span lang=\"ES\"><a href=\"http:\/\/www.fuas.cl\/\" target=\"_blank\" rel=\"noopener noreferrer\">www.fuas.cl<\/a><\/span><span lang=\"ES\">.\u00a0<\/span><\/p>\n<p class=\"v1MsoNormal\" style=\"text-align: justify;\"><span lang=\"ES\">Los postulantes tambi\u00e9n pueden encontrar informaci\u00f3n actualizada en todas las redes sociales de la subsecretar\u00eda de educaci\u00f3n superior: TW, IG y Fanpage, y en el tel\u00e9fono de Ayuda Mineduc: 6006002626<\/span><\/p>\n<\/div><\/section><\/div><div  style='height:50px' class='hr hr-invisible   avia-builder-el-6  el_after_av_one_full  el_before_av_social_share '><span class='hr-inner ' ><span class='hr-inner-style'><\/span><\/span><\/div><\/p>\n<div  class='av-social-sharing-box  avia-builder-el-7  el_after_av_hr  el_before_av_hr  '><div class='av-share-box'><h5 class='av-share-link-description av-no-toc '>Compartir esta noticia<\/h5><ul class='av-share-box-list noLightbox'><li class='av-share-link av-social-link-facebook' ><a target=\"_blank\" aria-label=\"Compartir en Facebook\" href='https:\/\/www.facebook.com\/sharer.php?u=https:\/\/radiorevelacionfm.cl\/?p=23258&#038;t=Llaman%20a%20los%20estudiantes%20a%20completar%20el%20Formulario%20%C3%9Anico%20de%20Acreditaci%C3%B3n%20Socioecon%C3%B3mica%20FUAS%20para%20acceder%20a%20los%20beneficios%20estudiantiles%20de%20educaci%C3%B3n%20superior' aria-hidden='false' data-av_icon='\ue8f3' data-av_iconfont='entypo-fontello' title='' data-avia-related-tooltip='Compartir en Facebook' rel=\"noopener\"><span class='avia_hidden_link_text'>Compartir en Facebook<\/span><\/a><\/li><li class='av-share-link av-social-link-twitter' ><a target=\"_blank\" aria-label=\"Compartir en Twitter\" href='https:\/\/twitter.com\/share?text=Llaman%20a%20los%20estudiantes%20a%20completar%20el%20Formulario%20%C3%9Anico%20de%20Acreditaci%C3%B3n%20Socioecon%C3%B3mica%20FUAS%20para%20acceder%20a%20los%20beneficios%20estudiantiles%20de%20educaci%C3%B3n%20superior&#038;url=https:\/\/radiorevelacionfm.cl\/?p=23258' aria-hidden='false' data-av_icon='\ue8f1' data-av_iconfont='entypo-fontello' title='' data-avia-related-tooltip='Compartir en Twitter' rel=\"noopener\"><span class='avia_hidden_link_text'>Compartir en Twitter<\/span><\/a><\/li><li class='av-share-link av-social-link-whatsapp' ><a target=\"_blank\" aria-label=\"Compartir en Whatsapp\" href='https:\/\/api.whatsapp.com\/send?text=https:\/\/radiorevelacionfm.cl\/?p=23258' aria-hidden='false' data-av_icon='\uf232' data-av_iconfont='entypo-fontello' title='' data-avia-related-tooltip='Compartir en Whatsapp' rel=\"noopener\"><span class='avia_hidden_link_text'>Compartir en Whatsapp<\/span><\/a><\/li><li class='av-share-link av-social-link-linkedin' ><a target=\"_blank\" aria-label=\"Compartir en LinkedIn\" href='https:\/\/linkedin.com\/shareArticle?mini=true&#038;title=Llaman%20a%20los%20estudiantes%20a%20completar%20el%20Formulario%20%C3%9Anico%20de%20Acreditaci%C3%B3n%20Socioecon%C3%B3mica%20FUAS%20para%20acceder%20a%20los%20beneficios%20estudiantiles%20de%20educaci%C3%B3n%20superior&#038;url=https:\/\/radiorevelacionfm.cl\/?p=23258' aria-hidden='false' data-av_icon='\ue8fc' data-av_iconfont='entypo-fontello' title='' data-avia-related-tooltip='Compartir en LinkedIn' rel=\"noopener\"><span class='avia_hidden_link_text'>Compartir en LinkedIn<\/span><\/a><\/li><li class='av-share-link av-social-link-mail' ><a  aria-label=\"Compartir por correo\" href='mailto:?subject=Llaman%20a%20los%20estudiantes%20a%20completar%20el%20Formulario%20%C3%9Anico%20de%20Acreditaci%C3%B3n%20Socioecon%C3%B3mica%20FUAS%20para%20acceder%20a%20los%20beneficios%20estudiantiles%20de%20educaci%C3%B3n%20superior&#038;body=https:\/\/radiorevelacionfm.cl\/?p=23258' aria-hidden='false' data-av_icon='\ue805' data-av_iconfont='entypo-fontello' title='' data-avia-related-tooltip='Compartir por correo'><span class='avia_hidden_link_text'>Compartir por correo<\/span><\/a><\/li><\/ul><\/div><\/div>\n<div  style='height:50px' class='hr hr-invisible   avia-builder-el-8  el_after_av_social_share  el_before_av_comments_list '><span class='hr-inner ' ><span class='hr-inner-style'><\/span><\/span><\/div>\n<div  class='av-buildercomment  av-blog-meta-html-info-disabled av-blog-meta-tag-disabled  '><\/div>\n","protected":false},"excerpt":{"rendered":"","protected":false},"author":1,"featured_media":23259,"comment_status":"open","ping_status":"open","sticky":false,"template":"","format":"standard","meta":{"footnotes":""},"categories":[49],"tags":[],"class_list":["post-23258","post","type-post","status-publish","format-standard","has-post-thumbnail","hentry","category-educacion"],"jetpack_featured_media_url":"https:\/\/radiorevelacionfm.cl\/wp-content\/uploads\/2022\/10\/isabel-garrido_seremi-educacion-02-1_optimized.jpg","_links":{"self":[{"href":"https:\/\/radiorevelacionfm.cl\/index.php?rest_route=\/wp\/v2\/posts\/23258","targetHints":{"allow":["GET"]}}],"collection":[{"href":"https:\/\/radiorevelacionfm.cl\/index.php?rest_route=\/wp\/v2\/posts"}],"about":[{"href":"https:\/\/radiorevelacionfm.cl\/index.php?rest_route=\/wp\/v2\/types\/post"}],"author":[{"embeddable":true,"href":"https:\/\/radiorevelacionfm.cl\/index.php?rest_route=\/wp\/v2\/users\/1"}],"replies":[{"embeddable":true,"href":"https:\/\/radiorevelacionfm.cl\/index.php?rest_route=%2Fwp%2Fv2%2Fcomments&post=23258"}],"version-history":[{"count":2,"href":"https:\/\/radiorevelacionfm.cl\/index.php?rest_route=\/wp\/v2\/posts\/23258\/revisions"}],"predecessor-version":[{"id":23290,"href":"https:\/\/radiorevelacionfm.cl\/index.php?rest_route=\/wp\/v2\/posts\/23258\/revisions\/23290"}],"wp:featuredmedia":[{"embeddable":true,"href":"https:\/\/radiorevelacionfm.cl\/index.php?rest_route=\/wp\/v2\/media\/23259"}],"wp:attachment":[{"href":"https:\/\/radiorevelacionfm.cl\/index.php?rest_route=%2Fwp%2Fv2%2Fmedia&parent=23258"}],"wp:term":[{"taxonomy":"category","embeddable":true,"href":"https:\/\/radiorevelacionfm.cl\/index.php?rest_route=%2Fwp%2Fv2%2Fcategories&post=23258"},{"taxonomy":"post_tag","embeddable":true,"href":"https:\/\/radiorevelacionfm.cl\/index.php?rest_route=%2Fwp%2Fv2%2Ftags&post=23258"}],"curies":[{"name":"wp","href":"https:\/\/api.w.org\/{rel}","templated":true}]}}