{"id":23254,"date":"2022-10-20T12:54:19","date_gmt":"2022-10-20T15:54:19","guid":{"rendered":"https:\/\/radiorevelacionfm.cl\/?p=23254"},"modified":"2022-10-20T12:54:19","modified_gmt":"2022-10-20T15:54:19","slug":"un-84-de-avance-presenta-construccion-de-108-viviendas-para-familias-del-comite-calafate-patagon-de-puerto-aysen","status":"publish","type":"post","link":"https:\/\/radiorevelacionfm.cl\/?p=23254","title":{"rendered":"Un 84% de avance presenta construcci\u00f3n de 108 viviendas para familias del comit\u00e9 Calafate Patag\u00f3n de Puerto Ays\u00e9n"},"content":{"rendered":"<div class=\"flex_column av_one_full  flex_column_div av-zero-column-padding first  avia-builder-el-0  el_before_av_one_full  avia-builder-el-first  \" style='border-radius:0px; '><div  class='avia-image-container  av-styling-    avia-builder-el-1  avia-builder-el-no-sibling  avia-align-center '  itemprop=\"image\" itemscope=\"itemscope\" itemtype=\"https:\/\/schema.org\/ImageObject\"  ><div class='avia-image-container-inner'><div class='avia-image-overlay-wrap'><img decoding=\"async\" class='wp-image-23256 avia-img-lazy-loading-not-23256 avia_image' src=\"https:\/\/radiorevelacionfm.cl\/wp-content\/uploads\/2022\/10\/foto-panoramica-avance-obra-1-1.jpeg\" alt='' title='foto panor\u00e1mica avance obra (1) (1)' height=\"600\" width=\"800\"  itemprop=\"thumbnailUrl\" srcset=\"https:\/\/radiorevelacionfm.cl\/wp-content\/uploads\/2022\/10\/foto-panoramica-avance-obra-1-1.jpeg 800w, https:\/\/radiorevelacionfm.cl\/wp-content\/uploads\/2022\/10\/foto-panoramica-avance-obra-1-1-300x225.jpeg 300w, https:\/\/radiorevelacionfm.cl\/wp-content\/uploads\/2022\/10\/foto-panoramica-avance-obra-1-1-768x576.jpeg 768w, https:\/\/radiorevelacionfm.cl\/wp-content\/uploads\/2022\/10\/foto-panoramica-avance-obra-1-1-705x529.jpeg 705w, https:\/\/radiorevelacionfm.cl\/wp-content\/uploads\/2022\/10\/foto-panoramica-avance-obra-1-1-600x450.jpeg 600w\" sizes=\"(max-width: 800px) 100vw, 800px\" \/><\/div><\/div><\/div><\/div><div class=\"flex_column av_one_full  flex_column_div av-zero-column-padding first  avia-builder-el-2  el_after_av_one_full  el_before_av_one_full  column-top-margin\" style='border-radius:0px; '><section class=\"av_textblock_section \"  itemscope=\"itemscope\" itemtype=\"https:\/\/schema.org\/BlogPosting\" itemprop=\"blogPost\" ><div class='avia_textblock  '   itemprop=\"text\" ><p style=\"text-align: center;\"><span style=\"font-size: 18pt;\"><strong>Un 84% de avance presenta construcci\u00f3n de 108 viviendas para familias del comit\u00e9 Calafate Patag\u00f3n de Puerto Ays\u00e9n<\/strong><\/span><\/p>\n<div id=\"gtx-trans\" style=\"position: absolute; left: -50px; top: 4.31534px;\">\n<div class=\"gtx-trans-icon\"><\/div>\n<\/div>\n<\/div><\/section><\/div><div class=\"flex_column av_one_full  flex_column_div av-zero-column-padding first  avia-builder-el-4  el_after_av_one_full  el_before_av_hr  column-top-margin\" style='border-radius:0px; '><section class=\"av_textblock_section \"  itemscope=\"itemscope\" itemtype=\"https:\/\/schema.org\/BlogPosting\" itemprop=\"blogPost\" ><div class='avia_textblock  '   itemprop=\"text\" ><p style=\"text-align: justify;\">Con gran alegr\u00eda y emoci\u00f3n las 108 familias integrantes del Comit\u00e9 \u201cCalafate Patag\u00f3n\u201d de Puerto Ays\u00e9n pudieron visitar la obra de construcci\u00f3n de sus futuras viviendas, proyecto que presenta un 84% de avance y que deber\u00eda estar terminado en el primer trimestre del pr\u00f3ximo a\u00f1o.<\/p>\n<p style=\"text-align: justify;\">Se trata de esforzadas familias de la ciudad que llevan casi 15 a\u00f1os trabajando de forma incansable para lograr el objetivo de la casa propia, superando dificultades que hoy empiezan a quedar en el pasado a trav\u00e9s de la ejecuci\u00f3n a cargo de la empresa Bellavista, que ya tiene 50 viviendas terminadas en el terreno ubicado en Avenida Pangal, en el lote B1 de la Ribera Norte de Puerto Ays\u00e9n.<\/p>\n<p style=\"text-align: justify;\">La Seremi de Vivienda, Paulina Ruz, acompa\u00f1\u00f3 a las familias en este recorrido junto a otras autoridades locales y regionales, destacando la calidad de las viviendas, la responsabilidad de la empresa y sobre todo la perseverancia de los integrantes de ese comit\u00e9. \u201cComo Gobierno nos sentimos felices de poder compartir la emoci\u00f3n de estas 108 familias al ver que se acerca cada vez m\u00e1s el d\u00eda en que podr\u00e1n abrir definitivamente las puertas de su casa propia. Es un gran proyecto que suma los esfuerzos de los vecinos, del Municipio como Entidad Patrocinante, de nuestro Ministerio de Vivienda y del Gobierno Regional, para dar vida a un hermoso conjunto de viviendas de gran calidad, dise\u00f1o y seguridad, las cuales adem\u00e1s nos permiten continuar avanzando en los compromisos de nuestro Plan de Emergencia Habitacional en la regi\u00f3n\u201d, indic\u00f3.<\/p>\n<p style=\"text-align: justify;\">Con especial emoci\u00f3n la Tesorera del Comit\u00e9 Calafate Patag\u00f3n, Ver\u00f3nica Ruiz, se refiri\u00f3 tambi\u00e9n al avance que muestran las obras, culminaci\u00f3n de un proceso que no estuvo exento de dificultades. \u201cCasualmente entramos a mi casa cuando toc\u00f3 la visita con las autoridades. La emoci\u00f3n es doble y sentir que esa casa que visitamos es mi futura vivienda la verdad es que la emoci\u00f3n me tiene muy conmovida y feliz. Oficialmente son como 15 a\u00f1os de espera, ese es como el trago amargo de esta historia, pero la perspectiva que veo hoy es que los 15 a\u00f1os valieron la pena. La verdad es que, viendo la construcci\u00f3n, viendo tambi\u00e9n el compromiso de la empresa, solo puedo sentir que es una casa maravillosa, por lo tanto, de verdad que estoy muy contenta\u201d, manifest\u00f3.<\/p>\n<p style=\"text-align: justify;\">Por su parte el Gerente General de la Empresa Bellavista, Claudio Campusano, tambi\u00e9n se refiri\u00f3 al avance del proyecto, el cual han tomado con mucha responsabilidad para cumplir con las expectativas de la gente. \u201cLo que m\u00e1s destaco es la capacidad de lucha de las familias que han logrado sacar adelante este proyecto, ya que este es un comit\u00e9 que lleva 15 a\u00f1os luchando por su vivienda y finalmente lo est\u00e1n viendo materializado. Han sido personas que han tenido mucha paciencia, mucha entereza y esperamos poder entregar la obra a tiempo para que queden felices y contentos con su proyecto de vivienda\u201d, precis\u00f3.<\/p>\n<p style=\"text-align: justify;\">El representante de la empresa constructora record\u00f3 finalmente que, si bien partieron con dos meses de desfase, han ido ganando tiempo en el proceso y actualmente llevan un 84% de ejecuci\u00f3n, por lo que esperan terminar en los plazos establecidos para dar vida a un hermoso barrio, con viviendas de 50 m2 en promedio, \u00e1reas verdes y una sala de uso m\u00faltiple, espacios que sin duda se traducir\u00e1n en un positivo cambio en la vida de estas 108 familias de Puerto Ays\u00e9n.<\/p>\n<\/div><\/section><\/div><div  style='height:50px' class='hr hr-invisible   avia-builder-el-6  el_after_av_one_full  el_before_av_social_share '><span class='hr-inner ' ><span class='hr-inner-style'><\/span><\/span><\/div><\/p>\n<div  class='av-social-sharing-box  avia-builder-el-7  el_after_av_hr  el_before_av_hr  '><div class='av-share-box'><h5 class='av-share-link-description av-no-toc '>Compartir esta noticia<\/h5><ul class='av-share-box-list noLightbox'><li class='av-share-link av-social-link-facebook' ><a target=\"_blank\" aria-label=\"Compartir en Facebook\" href='https:\/\/www.facebook.com\/sharer.php?u=https:\/\/radiorevelacionfm.cl\/?p=23254&#038;t=Un%2084%25%20de%20avance%20presenta%20construcci%C3%B3n%20de%20108%20viviendas%20para%20familias%20del%20comit%C3%A9%20Calafate%20Patag%C3%B3n%20de%20Puerto%20Ays%C3%A9n' aria-hidden='false' data-av_icon='\ue8f3' data-av_iconfont='entypo-fontello' title='' data-avia-related-tooltip='Compartir en Facebook' rel=\"noopener\"><span class='avia_hidden_link_text'>Compartir en Facebook<\/span><\/a><\/li><li class='av-share-link av-social-link-twitter' ><a target=\"_blank\" aria-label=\"Compartir en Twitter\" href='https:\/\/twitter.com\/share?text=Un%2084%25%20de%20avance%20presenta%20construcci%C3%B3n%20de%20108%20viviendas%20para%20familias%20del%20comit%C3%A9%20Calafate%20Patag%C3%B3n%20de%20Puerto%20Ays%C3%A9n&#038;url=https:\/\/radiorevelacionfm.cl\/?p=23254' aria-hidden='false' data-av_icon='\ue8f1' data-av_iconfont='entypo-fontello' title='' data-avia-related-tooltip='Compartir en Twitter' rel=\"noopener\"><span class='avia_hidden_link_text'>Compartir en Twitter<\/span><\/a><\/li><li class='av-share-link av-social-link-whatsapp' ><a target=\"_blank\" aria-label=\"Compartir en Whatsapp\" href='https:\/\/api.whatsapp.com\/send?text=https:\/\/radiorevelacionfm.cl\/?p=23254' aria-hidden='false' data-av_icon='\uf232' data-av_iconfont='entypo-fontello' title='' data-avia-related-tooltip='Compartir en Whatsapp' rel=\"noopener\"><span class='avia_hidden_link_text'>Compartir en Whatsapp<\/span><\/a><\/li><li class='av-share-link av-social-link-linkedin' ><a target=\"_blank\" aria-label=\"Compartir en LinkedIn\" href='https:\/\/linkedin.com\/shareArticle?mini=true&#038;title=Un%2084%25%20de%20avance%20presenta%20construcci%C3%B3n%20de%20108%20viviendas%20para%20familias%20del%20comit%C3%A9%20Calafate%20Patag%C3%B3n%20de%20Puerto%20Ays%C3%A9n&#038;url=https:\/\/radiorevelacionfm.cl\/?p=23254' aria-hidden='false' data-av_icon='\ue8fc' data-av_iconfont='entypo-fontello' title='' data-avia-related-tooltip='Compartir en LinkedIn' rel=\"noopener\"><span class='avia_hidden_link_text'>Compartir en LinkedIn<\/span><\/a><\/li><li class='av-share-link av-social-link-mail' ><a  aria-label=\"Compartir por correo\" href='mailto:?subject=Un%2084%25%20de%20avance%20presenta%20construcci%C3%B3n%20de%20108%20viviendas%20para%20familias%20del%20comit%C3%A9%20Calafate%20Patag%C3%B3n%20de%20Puerto%20Ays%C3%A9n&#038;body=https:\/\/radiorevelacionfm.cl\/?p=23254' aria-hidden='false' data-av_icon='\ue805' data-av_iconfont='entypo-fontello' title='' data-avia-related-tooltip='Compartir por correo'><span class='avia_hidden_link_text'>Compartir por correo<\/span><\/a><\/li><\/ul><\/div><\/div>\n<div  style='height:50px' class='hr hr-invisible   avia-builder-el-8  el_after_av_social_share  el_before_av_comments_list '><span class='hr-inner ' ><span class='hr-inner-style'><\/span><\/span><\/div>\n<div  class='av-buildercomment  av-blog-meta-html-info-disabled av-blog-meta-tag-disabled  '><\/div>\n","protected":false},"excerpt":{"rendered":"","protected":false},"author":1,"featured_media":23256,"comment_status":"open","ping_status":"open","sticky":false,"template":"","format":"standard","meta":{"footnotes":""},"categories":[57],"tags":[],"class_list":["post-23254","post","type-post","status-publish","format-standard","has-post-thumbnail","hentry","category-vivienda"],"jetpack_featured_media_url":"https:\/\/radiorevelacionfm.cl\/wp-content\/uploads\/2022\/10\/foto-panoramica-avance-obra-1-1.jpeg","_links":{"self":[{"href":"https:\/\/radiorevelacionfm.cl\/index.php?rest_route=\/wp\/v2\/posts\/23254","targetHints":{"allow":["GET"]}}],"collection":[{"href":"https:\/\/radiorevelacionfm.cl\/index.php?rest_route=\/wp\/v2\/posts"}],"about":[{"href":"https:\/\/radiorevelacionfm.cl\/index.php?rest_route=\/wp\/v2\/types\/post"}],"author":[{"embeddable":true,"href":"https:\/\/radiorevelacionfm.cl\/index.php?rest_route=\/wp\/v2\/users\/1"}],"replies":[{"embeddable":true,"href":"https:\/\/radiorevelacionfm.cl\/index.php?rest_route=%2Fwp%2Fv2%2Fcomments&post=23254"}],"version-history":[{"count":2,"href":"https:\/\/radiorevelacionfm.cl\/index.php?rest_route=\/wp\/v2\/posts\/23254\/revisions"}],"predecessor-version":[{"id":23261,"href":"https:\/\/radiorevelacionfm.cl\/index.php?rest_route=\/wp\/v2\/posts\/23254\/revisions\/23261"}],"wp:featuredmedia":[{"embeddable":true,"href":"https:\/\/radiorevelacionfm.cl\/index.php?rest_route=\/wp\/v2\/media\/23256"}],"wp:attachment":[{"href":"https:\/\/radiorevelacionfm.cl\/index.php?rest_route=%2Fwp%2Fv2%2Fmedia&parent=23254"}],"wp:term":[{"taxonomy":"category","embeddable":true,"href":"https:\/\/radiorevelacionfm.cl\/index.php?rest_route=%2Fwp%2Fv2%2Fcategories&post=23254"},{"taxonomy":"post_tag","embeddable":true,"href":"https:\/\/radiorevelacionfm.cl\/index.php?rest_route=%2Fwp%2Fv2%2Ftags&post=23254"}],"curies":[{"name":"wp","href":"https:\/\/api.w.org\/{rel}","templated":true}]}}