{"id":23250,"date":"2022-10-20T11:08:50","date_gmt":"2022-10-20T14:08:50","guid":{"rendered":"https:\/\/radiorevelacionfm.cl\/?p=23250"},"modified":"2022-10-20T11:08:50","modified_gmt":"2022-10-20T14:08:50","slug":"senadora-ximena-ordenes-las-barcazas-deben-ser-una-prioridad-en-este-proceso-presupuestario","status":"publish","type":"post","link":"https:\/\/radiorevelacionfm.cl\/?p=23250","title":{"rendered":"Senadora Ximena \u00d3rdenes: \u201clas barcazas deben ser una prioridad en este proceso presupuestario\u201d"},"content":{"rendered":"<div class=\"flex_column av_one_full  flex_column_div av-zero-column-padding first  avia-builder-el-0  el_before_av_one_full  avia-builder-el-first  \" style='border-radius:0px; '><div  class='avia-image-container  av-styling-    avia-builder-el-1  avia-builder-el-no-sibling  avia-align-center '  itemprop=\"image\" itemscope=\"itemscope\" itemtype=\"https:\/\/schema.org\/ImageObject\"  ><div class='avia-image-container-inner'><div class='avia-image-overlay-wrap'><img decoding=\"async\" class='wp-image-7100 avia-img-lazy-loading-not-7100 avia_image' src=\"https:\/\/radiorevelacionfm.cl\/wp-content\/uploads\/2021\/08\/Senadora-Ordenes7.1-1.jpg\" alt='' title='Senadora Ordenes7.1 (1)' height=\"603\" width=\"1024\"  itemprop=\"thumbnailUrl\" srcset=\"https:\/\/radiorevelacionfm.cl\/wp-content\/uploads\/2021\/08\/Senadora-Ordenes7.1-1.jpg 1024w, https:\/\/radiorevelacionfm.cl\/wp-content\/uploads\/2021\/08\/Senadora-Ordenes7.1-1-300x177.jpg 300w, https:\/\/radiorevelacionfm.cl\/wp-content\/uploads\/2021\/08\/Senadora-Ordenes7.1-1-768x452.jpg 768w, https:\/\/radiorevelacionfm.cl\/wp-content\/uploads\/2021\/08\/Senadora-Ordenes7.1-1-705x415.jpg 705w, https:\/\/radiorevelacionfm.cl\/wp-content\/uploads\/2021\/08\/Senadora-Ordenes7.1-1-600x353.jpg 600w\" sizes=\"(max-width: 1024px) 100vw, 1024px\" \/><\/div><\/div><\/div><\/div><div class=\"flex_column av_one_full  flex_column_div av-zero-column-padding first  avia-builder-el-2  el_after_av_one_full  el_before_av_one_full  column-top-margin\" style='border-radius:0px; '><section class=\"av_textblock_section \"  itemscope=\"itemscope\" itemtype=\"https:\/\/schema.org\/BlogPosting\" itemprop=\"blogPost\" ><div class='avia_textblock  '   itemprop=\"text\" ><p style=\"text-align: center;\"><strong><span style=\"font-size: 18pt;\">Senadora Ximena \u00d3rdenes: \u201clas barcazas deben ser una prioridad en este proceso presupuestario\u201d<\/span><\/strong><\/p>\n<div id=\"gtx-trans\" style=\"position: absolute; left: -50px; top: 4.31534px;\">\n<div class=\"gtx-trans-icon\"><\/div>\n<\/div>\n<\/div><\/section><\/div><div class=\"flex_column av_one_full  flex_column_div av-zero-column-padding first  avia-builder-el-4  el_after_av_one_full  el_before_av_hr  column-top-margin\" style='border-radius:0px; '><section class=\"av_textblock_section \"  itemscope=\"itemscope\" itemtype=\"https:\/\/schema.org\/BlogPosting\" itemprop=\"blogPost\" ><div class='avia_textblock  '   itemprop=\"text\" ><p style=\"text-align: justify;\">\u201cUno quiere cruzar a la regi\u00f3n de Ays\u00e9n y no hay barcazas\u201d, sostuvo la parlamentaria patag\u00f3nica exigiendo conectividad b\u00e1sica en zonas como el lago General Carrera que llevan m\u00e1s de un a\u00f1o sin el principal medio de transporte. \u201c\u00bfSe imagina el metro sin funcionar un a\u00f1o?\u201d, cuestion\u00f3.<\/p>\n<p style=\"text-align: justify;\">La senadora y presidenta de la\u00a0<a href=\"https:\/\/www.senado.cl\/appsenado\/index.php?mo=comisiones&amp;ac=ficha&amp;id=198&amp;tipo_comision=10\">Comisi\u00f3n de Transportes y Telecomunicaciones<\/a>,\u00a0Ximena \u00d3rdenes\u00a0subray\u00f3 la necesidad que en la discusi\u00f3n presupuestaria en curso, existan medidas para paliar el d\u00e9ficit en materia de conexi\u00f3n lacustre y mar\u00edtima. Esa realidad, lamentablemente, su regi\u00f3n la vive a diario.<\/p>\n<p style=\"text-align: justify;\">\u201cLo que est\u00e1 pasando es que uno quiere cruzar a la\u00a0regi\u00f3n de Ays\u00e9n\u00a0y no hay barcazas. Y lo mismo pasa en el lago General Carrera, lo mismo pasa en la comuna m\u00e1s austral de la regi\u00f3n de Ays\u00e9n\u201d, cit\u00f3 la parlamentaria en el programa\u00a0Profundidad de Campos de TV Senado.<\/p>\n<p style=\"text-align: justify;\">De acuerdo a la senadora, esto perjudica el acceso a bienes y servicios haciendo urgente el dise\u00f1o de un nuevo plan de conectividad austral que sea m\u00e1s que carreteras y caminos. \u201cEsta obsesi\u00f3n vial que tenemos los chilenos. No todo es carreteras. Tenemos que avanzar y no solo hablo de la conectividad mar\u00edtima lacustre, sino de los temas digitales\u201d, agreg\u00f3.<\/p>\n<p style=\"text-align: justify;\">\u201cEl lago General Carrera lleva m\u00e1s de un a\u00f1o desconectado, sin su barcaza principal que es la Tehuelche. Siento que aqu\u00ed falt\u00f3 una planificaci\u00f3n para contar con m\u00e1s naves\u201d, explic\u00f3 la congresista aysenina relatando que las personas deben buscar rutas por Argentina para llegar a destino,\u00a0 cuestionando\u00a0\u201c\u00bfusted se imagina al metro sin funcionar un a\u00f1o?\u201d.<\/p>\n<p style=\"text-align: justify;\">Debido a este escenario, la titular de la comisi\u00f3n ad hoc apunt\u00f3 a que si bien se est\u00e1 trabajando en un mejor uso de los recursos, se requieren potenciar la gesti\u00f3n coordinada, que se presenten los proyectos y sean respaldados en el erario p\u00fablico. \u201cTiene que haber una partida que garantice nuevas naves. Las barcazas deben ser una prioridad en este proceso presupuestario\u201d, subray\u00f3.<\/p>\n<div class=\"contSubtit\" style=\"text-align: justify;\">\n<div class=\"titSubtit\">\n<div id=\"vtxt_cuerpo_T0\">OTRAS PROBLEM\u00c1TICAS EN AYS\u00c9N<\/div>\n<\/div>\n<div class=\"linkSubtit\"><\/div>\n<\/div>\n<p style=\"text-align: justify;\">Educaci\u00f3n, energ\u00eda, y obras p\u00fablicas son otras problem\u00e1ticas que Ximena \u00d3rdenes coment\u00f3 pensando en el territorio que representa. \u201cEn las zonas extremas, la fibra \u00f3ptica no va a llegar. La fibra \u00f3ptica nacional m\u00e1s la fibra \u00f3ptica austral, cubren gran parte de las comunas del pa\u00eds pero cinco no est\u00e1n: Rapa Nui y Juan Fern\u00e1ndez, que van a tener una soluci\u00f3n alternativa y las otras tres paradojalmente son de mi regi\u00f3n\u201d, relat\u00f3.<\/p>\n<p style=\"text-align: justify;\">El factor inflacionario tambi\u00e9n ha perjudicado el financiamiento de las obras p\u00fablicas. La adjudicaci\u00f3n de proyectos choca con los costos y disponibilidad de materiales, lo que perjudica la construcci\u00f3n en general, de jardines infantiles a viviendas sociales. \u201cLas regiones vemos\u00a0 obras que han quedado a la suerte. Hay que buscar un mecanismo que permita que no tengan que ir a reevaluaci\u00f3n porque si no, no vamos a tener inversi\u00f3n regional y tenemos que activar las econom\u00edas locales\u201d, sostuvo.<\/p>\n<p style=\"text-align: justify;\">En cuanto a la implementaci\u00f3n de los Servicios Locales de Educaci\u00f3n P\u00fablica (SLEP) reconoci\u00f3 que est\u00e1 dentro de sus preocupaciones. \u201cHay una tendencia al centralismo regional. Al menos deber\u00eda existir alguna oficina de los SLEP en los niveles provinciales porque tambi\u00e9n constituye un retroceso volver a centralizar en las capitales regionales algunas decisiones que bien podr\u00edan tomarse en las provincias\u201d.<\/p>\n<p style=\"text-align: justify;\">A lo anterior se suma otra materia relevante vinculada al erario y la gesti\u00f3n en terreno, como es la matriz energ\u00e9tica, donde han quedado expuestos los problemas de acceso econ\u00f3mico y sobretodo de gesti\u00f3n.<\/p>\n<p style=\"text-align: justify;\">\u201cEspero que al igual que los magall\u00e1nicos tengamos acceso a energ\u00eda limpia, justa, que sea eficiente y a precio asequible. Magallanes tiene gas pero adem\u00e1s tiene una subvenci\u00f3n que es equivalente al FNDR de la regi\u00f3n de Ays\u00e9n. Es cuando los ayseninos decimos que eso no nos parece equitativo. Dependemos de la le\u00f1a pero est\u00e1 impactando de manera negativa la salud y\u00a0 la calidad de vida de los habitantes. Nosotros siempre hemos planteado una f\u00f3rmula para una nueva matriz de energ\u00eda, de calefacci\u00f3n, que nos permita vivir en condiciones que sean saludables\u201d, afirm\u00f3.<\/p>\n<div class=\"contSubtit\" style=\"text-align: justify;\">\n<div class=\"titSubtit\">\n<div id=\"vtxt_cuerpo_T1\">TPP11 Y PROCESO CONSTITUYENTE<\/div>\n<\/div>\n<div class=\"linkSubtit\"><\/div>\n<\/div>\n<p style=\"text-align: justify;\">Respecto de temas contingentes, la senadora \u00d3rdenes tambi\u00e9n coment\u00f3 dos que son noticia por estos d\u00edas: el TPP11 recientemente aprobado por el Congreso Nacional y la continuidad del proceso constituyente.<\/p>\n<p style=\"text-align: justify;\">Respecto al\u00a0Tratado Integral y Progresista de Asociaci\u00f3n Transpac\u00edfico, la parlamentaria reconoci\u00f3 nunca haber tenido la convicci\u00f3n que se trataba de un acuerdo positivo. \u201cEl gobierno en esto tampoco se pronunci\u00f3 mucho. Eso tampoco ayud\u00f3 mucho en el debate. Lo que no har\u00eda, creo que es otro error, seguir dilatando esto\u201d, alude.<\/p>\n<p style=\"text-align: justify;\">En cuanto al\u00a0proceso constituyente, hizo un llamado a brindar certezas con celeridad hacia un pacto social y pol\u00edtico, no apelando a un nuevo plebiscito de entrada. \u201cCometemos un error pol\u00edtico grave si no se abre una ruta prontamente\u201d, concluy\u00f3.<\/p>\n<\/div><\/section><\/div><div  style='height:50px' class='hr hr-invisible   avia-builder-el-6  el_after_av_one_full  el_before_av_social_share '><span class='hr-inner ' ><span class='hr-inner-style'><\/span><\/span><\/div><\/p>\n<div  class='av-social-sharing-box  avia-builder-el-7  el_after_av_hr  el_before_av_hr  '><div class='av-share-box'><h5 class='av-share-link-description av-no-toc '>Compartir esta noticia<\/h5><ul class='av-share-box-list noLightbox'><li class='av-share-link av-social-link-facebook' ><a target=\"_blank\" aria-label=\"Compartir en Facebook\" href='https:\/\/www.facebook.com\/sharer.php?u=https:\/\/radiorevelacionfm.cl\/?p=23250&#038;t=Senadora%20Ximena%20%C3%93rdenes%3A%20%E2%80%9Clas%20barcazas%20deben%20ser%20una%20prioridad%20en%20este%20proceso%20presupuestario%E2%80%9D' aria-hidden='false' data-av_icon='\ue8f3' data-av_iconfont='entypo-fontello' title='' data-avia-related-tooltip='Compartir en Facebook' rel=\"noopener\"><span class='avia_hidden_link_text'>Compartir en Facebook<\/span><\/a><\/li><li class='av-share-link av-social-link-twitter' ><a target=\"_blank\" aria-label=\"Compartir en Twitter\" href='https:\/\/twitter.com\/share?text=Senadora%20Ximena%20%C3%93rdenes%3A%20%E2%80%9Clas%20barcazas%20deben%20ser%20una%20prioridad%20en%20este%20proceso%20presupuestario%E2%80%9D&#038;url=https:\/\/radiorevelacionfm.cl\/?p=23250' aria-hidden='false' data-av_icon='\ue8f1' data-av_iconfont='entypo-fontello' title='' data-avia-related-tooltip='Compartir en Twitter' rel=\"noopener\"><span class='avia_hidden_link_text'>Compartir en Twitter<\/span><\/a><\/li><li class='av-share-link av-social-link-whatsapp' ><a target=\"_blank\" aria-label=\"Compartir en Whatsapp\" href='https:\/\/api.whatsapp.com\/send?text=https:\/\/radiorevelacionfm.cl\/?p=23250' aria-hidden='false' data-av_icon='\uf232' data-av_iconfont='entypo-fontello' title='' data-avia-related-tooltip='Compartir en Whatsapp' rel=\"noopener\"><span class='avia_hidden_link_text'>Compartir en Whatsapp<\/span><\/a><\/li><li class='av-share-link av-social-link-linkedin' ><a target=\"_blank\" aria-label=\"Compartir en LinkedIn\" href='https:\/\/linkedin.com\/shareArticle?mini=true&#038;title=Senadora%20Ximena%20%C3%93rdenes%3A%20%E2%80%9Clas%20barcazas%20deben%20ser%20una%20prioridad%20en%20este%20proceso%20presupuestario%E2%80%9D&#038;url=https:\/\/radiorevelacionfm.cl\/?p=23250' aria-hidden='false' data-av_icon='\ue8fc' data-av_iconfont='entypo-fontello' title='' data-avia-related-tooltip='Compartir en LinkedIn' rel=\"noopener\"><span class='avia_hidden_link_text'>Compartir en LinkedIn<\/span><\/a><\/li><li class='av-share-link av-social-link-mail' ><a  aria-label=\"Compartir por correo\" href='mailto:?subject=Senadora%20Ximena%20%C3%93rdenes%3A%20%E2%80%9Clas%20barcazas%20deben%20ser%20una%20prioridad%20en%20este%20proceso%20presupuestario%E2%80%9D&#038;body=https:\/\/radiorevelacionfm.cl\/?p=23250' aria-hidden='false' data-av_icon='\ue805' data-av_iconfont='entypo-fontello' title='' data-avia-related-tooltip='Compartir por correo'><span class='avia_hidden_link_text'>Compartir por correo<\/span><\/a><\/li><\/ul><\/div><\/div>\n<div  style='height:50px' class='hr hr-invisible   avia-builder-el-8  el_after_av_social_share  el_before_av_comments_list '><span class='hr-inner ' ><span class='hr-inner-style'><\/span><\/span><\/div>\n<div  class='av-buildercomment  av-blog-meta-html-info-disabled av-blog-meta-tag-disabled  '><\/div>\n","protected":false},"excerpt":{"rendered":"","protected":false},"author":1,"featured_media":7100,"comment_status":"open","ping_status":"open","sticky":false,"template":"","format":"standard","meta":{"footnotes":""},"categories":[35],"tags":[],"class_list":["post-23250","post","type-post","status-publish","format-standard","has-post-thumbnail","hentry","category-politica"],"jetpack_featured_media_url":"https:\/\/radiorevelacionfm.cl\/wp-content\/uploads\/2021\/08\/Senadora-Ordenes7.1-1.jpg","_links":{"self":[{"href":"https:\/\/radiorevelacionfm.cl\/index.php?rest_route=\/wp\/v2\/posts\/23250","targetHints":{"allow":["GET"]}}],"collection":[{"href":"https:\/\/radiorevelacionfm.cl\/index.php?rest_route=\/wp\/v2\/posts"}],"about":[{"href":"https:\/\/radiorevelacionfm.cl\/index.php?rest_route=\/wp\/v2\/types\/post"}],"author":[{"embeddable":true,"href":"https:\/\/radiorevelacionfm.cl\/index.php?rest_route=\/wp\/v2\/users\/1"}],"replies":[{"embeddable":true,"href":"https:\/\/radiorevelacionfm.cl\/index.php?rest_route=%2Fwp%2Fv2%2Fcomments&post=23250"}],"version-history":[{"count":2,"href":"https:\/\/radiorevelacionfm.cl\/index.php?rest_route=\/wp\/v2\/posts\/23250\/revisions"}],"predecessor-version":[{"id":23253,"href":"https:\/\/radiorevelacionfm.cl\/index.php?rest_route=\/wp\/v2\/posts\/23250\/revisions\/23253"}],"wp:featuredmedia":[{"embeddable":true,"href":"https:\/\/radiorevelacionfm.cl\/index.php?rest_route=\/wp\/v2\/media\/7100"}],"wp:attachment":[{"href":"https:\/\/radiorevelacionfm.cl\/index.php?rest_route=%2Fwp%2Fv2%2Fmedia&parent=23250"}],"wp:term":[{"taxonomy":"category","embeddable":true,"href":"https:\/\/radiorevelacionfm.cl\/index.php?rest_route=%2Fwp%2Fv2%2Fcategories&post=23250"},{"taxonomy":"post_tag","embeddable":true,"href":"https:\/\/radiorevelacionfm.cl\/index.php?rest_route=%2Fwp%2Fv2%2Ftags&post=23250"}],"curies":[{"name":"wp","href":"https:\/\/api.w.org\/{rel}","templated":true}]}}