{"id":23246,"date":"2022-10-20T09:52:41","date_gmt":"2022-10-20T12:52:41","guid":{"rendered":"https:\/\/radiorevelacionfm.cl\/?p=23246"},"modified":"2022-10-20T09:52:41","modified_gmt":"2022-10-20T12:52:41","slug":"reuniones-ministeriales-gobernadora-y-consejeros-avanzan-en-tematica-energetica-consistorial-de-rio-ibanez-y-vivienda","status":"publish","type":"post","link":"https:\/\/radiorevelacionfm.cl\/?p=23246","title":{"rendered":"Reuniones ministeriales: Gobernadora y Consejeros avanzan en tem\u00e1tica energ\u00e9tica, consistorial de R\u00edo Ib\u00e1\u00f1ez y vivienda"},"content":{"rendered":"<div class=\"flex_column av_one_full  flex_column_div av-zero-column-padding first  avia-builder-el-0  el_before_av_one_full  avia-builder-el-first  \" style='border-radius:0px; '><div  class='avia-image-container  av-styling-    avia-builder-el-1  avia-builder-el-no-sibling  avia-align-center '  itemprop=\"image\" itemscope=\"itemscope\" itemtype=\"https:\/\/schema.org\/ImageObject\"  ><div class='avia-image-container-inner'><div class='avia-image-overlay-wrap'><img decoding=\"async\" class='wp-image-23247 avia-img-lazy-loading-not-23247 avia_image' src=\"https:\/\/radiorevelacionfm.cl\/wp-content\/uploads\/2022\/10\/bienes-nacionales-2-1-1_optimized.jpg\" alt='' title='bienes-nacionales-2-1-(1)_optimized' height=\"600\" width=\"1156\"  itemprop=\"thumbnailUrl\" srcset=\"https:\/\/radiorevelacionfm.cl\/wp-content\/uploads\/2022\/10\/bienes-nacionales-2-1-1_optimized.jpg 1156w, https:\/\/radiorevelacionfm.cl\/wp-content\/uploads\/2022\/10\/bienes-nacionales-2-1-1_optimized-300x156.jpg 300w, https:\/\/radiorevelacionfm.cl\/wp-content\/uploads\/2022\/10\/bienes-nacionales-2-1-1_optimized-1030x535.jpg 1030w, https:\/\/radiorevelacionfm.cl\/wp-content\/uploads\/2022\/10\/bienes-nacionales-2-1-1_optimized-768x399.jpg 768w, https:\/\/radiorevelacionfm.cl\/wp-content\/uploads\/2022\/10\/bienes-nacionales-2-1-1_optimized-705x366.jpg 705w, https:\/\/radiorevelacionfm.cl\/wp-content\/uploads\/2022\/10\/bienes-nacionales-2-1-1_optimized-600x311.jpg 600w\" sizes=\"(max-width: 1156px) 100vw, 1156px\" \/><\/div><\/div><\/div><\/div><div class=\"flex_column av_one_full  flex_column_div av-zero-column-padding first  avia-builder-el-2  el_after_av_one_full  el_before_av_one_full  column-top-margin\" style='border-radius:0px; '><section class=\"av_textblock_section \"  itemscope=\"itemscope\" itemtype=\"https:\/\/schema.org\/BlogPosting\" itemprop=\"blogPost\" ><div class='avia_textblock  '   itemprop=\"text\" ><p style=\"text-align: center;\"><strong><span style=\"font-size: 18pt;\">Reuniones ministeriales: Gobernadora y Consejeros avanzan en tem\u00e1tica energ\u00e9tica, consistorial de R\u00edo Ib\u00e1\u00f1ez y vivienda<\/span><\/strong><\/p>\n<div id=\"gtx-trans\" style=\"position: absolute; left: -50px; top: 4.31534px;\">\n<div class=\"gtx-trans-icon\"><\/div>\n<\/div>\n<\/div><\/section><\/div><div class=\"flex_column av_one_full  flex_column_div av-zero-column-padding first  avia-builder-el-4  el_after_av_one_full  el_before_av_hr  column-top-margin\" style='border-radius:0px; '><section class=\"av_textblock_section \"  itemscope=\"itemscope\" itemtype=\"https:\/\/schema.org\/BlogPosting\" itemprop=\"blogPost\" ><div class='avia_textblock  '   itemprop=\"text\" ><div>\n<p dir=\"ltr\" style=\"text-align: justify;\">La Gobernadora Regional, Andrea Mac\u00edas Palma, junto al diputado Miguel \u00c1ngel Calisto, los Consejeros Regionales, Jorge Abello, Sergio Gonz\u00e1lez, y las Consejeras Paula Acu\u00f1a, Lilian Inostroza, propusieron un trabajo colaborativo transversal durante la reuni\u00f3n con el Ministro de Energ\u00eda, Diego Pardow, para avanzar en la resoluci\u00f3n de problemas existentes en el \u00e1rea con el objetivo de contribuir con las y los habitantes de la Regi\u00f3n de Ays\u00e9n.<\/p>\n<p dir=\"ltr\" style=\"text-align: justify;\">Durante el encuentro abordaron \u00abdiferentes temas. Por una parte, desde el punto de vista legislativo c\u00f3mo vamos a avanzar como regi\u00f3n para poder aportar en la modificaci\u00f3n que requieren hoy d\u00eda los sistemas aislados y los sistemas de autogeneraci\u00f3n para poder avanzar en equidad tarifaria. Un segundo punto, tiene que ver con necesidades que tiene la regi\u00f3n en materia de aumento de volumen de le\u00f1a seca\u00bb, inform\u00f3 la Gobernadora Regional, Andrea Mac\u00edas Palma.<\/p>\n<p dir=\"ltr\" style=\"text-align: justify;\">Tanto la primera autoridad regional como el Diputado Miguel \u00c1ngel Calisto, expusieron el caso de energ\u00eda en Las Guaitecas. El parlamentario expres\u00f3 la diferencia tarifaria que hay en diferentes partes de Chile, donde zonas de la Regi\u00f3n Ays\u00e9n tienen un costo m\u00e1s elevado que otras partes del pa\u00eds.<\/p>\n<p dir=\"ltr\" style=\"text-align: justify;\">\u00abLamentablemente, no hemos logrado destruir la l\u00f3gica desigual que existe en materia energ\u00e9tica, una persona de Santiago para $120 el kilowatt hora y en Isla Huichas, en Melinka, que son sistemas aislados o de autogeneraci\u00f3n est\u00e1n pagando $360, $400, $420 el kilowatt hora y eso no puede ser y, por eso, estamos todos trabajando de manera transversal para buscar una soluci\u00f3n que nos permita mejorar las condiciones de vida que viven sobre todo en sectores m\u00e1s aislados\u00bb, explic\u00f3 el Diputado Miguel \u00c1ngel Calisto.<\/p>\n<p dir=\"ltr\" style=\"text-align: justify;\">Todos los presentes coincidieron en la necesidad de que es necesario ampliar la capacidad de secado de le\u00f1a. En la actualidad, existe el programa \u00abLe\u00f1a M\u00e1s Seca\u00bb el que tiene busca incrementar la oferta de esta.<\/p>\n<p dir=\"ltr\" style=\"text-align: justify;\">\u00abAcordamos seguir trabajando juntos en materia de inter\u00e9s para la regi\u00f3n. Especialmente, con todo lo que tiene que ver con nuestros programas \u00abLe\u00f1a M\u00e1s seca\u00bb y c\u00f3mo encontrar organismos para fomentar un aumento de le\u00f1a seca para la regi\u00f3n\u00bb, afirm\u00f3 el Ministro de Energ\u00eda, Diego Pardow, tras concluir la reuni\u00f3n.<\/p>\n<p dir=\"ltr\" style=\"text-align: justify;\">El Consejero Regional, Jorge Abello, agradeci\u00f3 la instancia generada por el Diputado Miguel \u00c1ngel Calisto, resalt\u00f3 la importancia de adelantarse en las acciones relacionadas con el biocombustibles para las y los habitantes del territorio.<\/p>\n<p dir=\"ltr\" style=\"text-align: justify;\">\u00abSabemos que no va a ser f\u00e1cil, pero hay que ya realizar las gestiones para que eso se pueda hacer bien y aprovechamos de plantear algunos temas importantes que complican siempre a la regi\u00f3n como nuestros sistemas aislados de generaci\u00f3n el\u00e9ctrica y que provocan algunos inconvenientes en las comunidades\u00bb, dijo el Consejero Jorge Abello. Todos los presentes quedaron en seguir avanzando para encontrar soluciones de forma conjunta y colaborativa con el objetivo de abordar las diferentes realidades.<\/p>\n<p dir=\"ltr\" style=\"text-align: justify;\"><strong>Consistorial de R\u00edo Ib\u00e1\u00f1ez: labores en la Subdere<\/strong><\/p>\n<p dir=\"ltr\" style=\"text-align: justify;\">El trabajo de la Gobernadora Regional, Andrea Mac\u00edas Palma, junto con algunos Consejeros Regionales se ha desarrollado desde el lunes en Santiago. En algunas instancias, han coincidido con la agenda, los municipios de Coyhaique, Ays\u00e9n y R\u00edo Ib\u00e1\u00f1ez.<\/p>\n<p dir=\"ltr\" style=\"text-align: justify;\">Ese fue el caso de la reuni\u00f3n que se desarroll\u00f3 con el Subsecretario de Desarrollo Regional y Administrativo (Subdere), Nicol\u00e1s Cataldo, en una \u00e1rea del tercer piso del Palacio de La Moneda.<\/p>\n<p dir=\"ltr\" style=\"text-align: justify;\">\u00abPara nosotros era muy importante traer temas que estaban pendientes de distintas comunas; Ays\u00e9n, Ib\u00e1\u00f1ez, Coyhaique, en ese sentido buenas noticias para los municipios, buenas noticias en materia presupuestaria, pero tambi\u00e9n destacar y reconocer la disposici\u00f3n del equipo para poder avanzar en aquellos temas que hoy d\u00eda generan alguna dificultad para estos municipios\u00bb, asever\u00f3 la Gobernadora Regional.<\/p>\n<p dir=\"ltr\" style=\"text-align: justify;\">En una sala del tercer piso del Palacio de La Moneda, las autoridades, abordaron diferentes puntos como el desarrollo del consistorial de Ib\u00e1\u00f1ez, los proyecto de; ampliaci\u00f3n de la Segunda Compa\u00f1\u00eda de Bomberos de Puerto Ays\u00e9n, el \u00abPlan mascota protegida 2021 comuna de Ays\u00e9n\u00bb, \u00abUrbanizaci\u00f3n del loteo golpeando puertas por un futuro hogar\u00bb, factibilidad t\u00e9cnica de alcantarillado calle Costanera Pangal y alcantarillado calle costanera Condell (en Puerto Ays\u00e9n), y la presentaci\u00f3n de una cartera de proyectos elegibles por la Subdere, por la Municipalidad de Coyhaique.<\/p>\n<p dir=\"ltr\" style=\"text-align: justify;\">\u00abLo primero es que hemos ratificado una voluntad de trabajo conjunto entre la Gobernadora Andrea Mac\u00edas con los alcaldes del territorio y la Subdere, lo cual nos deja muy contentos, porque efectivamente hay muchos espacios por los cuales seguir desarrollando nuestras acciones como, por ejemplo, el trabajo para poder encontrar una soluci\u00f3n al financiamiento del Consistorial en R\u00edo Ib\u00e1\u00f1ez o seguir desarrollando el trabajo de financiamiento de carteras en materias de seguridad, iluminaci\u00f3n de espacios p\u00fablicos, entre otras materias que son parte de las demandas de los territorios\u00bb, expres\u00f3 el subsecretario de la Subsecretar\u00eda de Desarrollo Regional y Administrativo, Nicol\u00e1s Cataldo.<\/p>\n<p dir=\"ltr\" style=\"text-align: justify;\">\u00abSe abrieron los espacios para poder colocar temas para los municipios. La necesidad de poder priorizar aquellos proyectos que ellos tienen elegibles en la Regi\u00f3n de Ays\u00e9n. Por otro lado, la necesidad y solicitud de lo que es aprobar el cincuenta por ciento del proyecto del consistorial de Ib\u00e1\u00f1ez y tambi\u00e9n en Coyhaique una cartera de proyectos que sobrepasa los mil quinientos millones que est\u00e1n de proyectos elegibles\u00bb, explic\u00f3 el integrante de la Comisi\u00f3n de Vivienda, Ordenamiento Territorial e Instrumentos de Planificaci\u00f3n del Consejo Regional, Sergio Gonz\u00e1lez.<\/p>\n<p dir=\"ltr\" style=\"text-align: justify;\">Sobre el mismo punto, el Consejero Jorge Abello mencion\u00f3 que hay un compromiso tanto de la Gobernadora Regional y su Consejo por avanzar. Manifest\u00f3 que durante la junta \u00abest\u00e1bamos destrabando los procedimientos porque un cincuenta por ciento lo aportar\u00edamos nosotros desde el Gobierno Regional y el otro cincuenta por ciento la Subdere, as\u00ed que, nos vamos con una buena sensaci\u00f3n de que esto va a ocurrir. El subsecretario va a enviar un documento donde se formaliza. Nosotros desde el Gobierno Regional podr\u00edamos sacar el acuerdo para avanzar en este primer edificio consistorial\u00bb, sentenci\u00f3.<\/p>\n<p dir=\"ltr\" style=\"text-align: justify;\"><strong>Vivienda y Urbanismo<\/strong><\/p>\n<p dir=\"ltr\" style=\"text-align: justify;\">Hasta las dependencias del Ministerio de Vivienda y Urbanismo (Minvu), ubicadas en Serrano #15, Santiago centro, se traslad\u00f3 la Gobernadora Regional, la presidenta de la Comisi\u00f3n de Vivienda, Ordenamiento Territorial e Instrumentos de Planificaci\u00f3n del Consejo Regional, Marisol Mart\u00ednez, los Consejeros Jorge Abello y Marco Gillibrando donde expusieron diferentes inquietudes y problem\u00e1ticas al ministro del Minvu, Carlos Montes.<\/p>\n<p dir=\"ltr\" style=\"text-align: justify;\">Entre ellas, la Gobernadora Regional, plante\u00f3 a la autoridad gubernamental que la Regi\u00f3n de Ays\u00e9n pueda contar con un subsidio diferenciado que permita una cobertura m\u00e1s amplia.<\/p>\n<p dir=\"ltr\" style=\"text-align: justify;\">\u00abReafirmar a toda nuestra comunidad de la Regi\u00f3n de Ays\u00e9n, que el Gobierno Regional de Ays\u00e9n y su Consejo sigue trabajando comprometido por gestionar todas aquellas acciones que sean necesarias para lograr mayores niveles de desarrollo, autonom\u00eda presupuestaria, pero adem\u00e1s para que el trabajo conjunto finalmente redunde en bienestar para toda nuestra comunidad\u00bb, enfatiz\u00f3 la Gobernadora Regional, Andrea Palma.<\/p>\n<p dir=\"ltr\" style=\"text-align: justify;\">Durante la conversaci\u00f3n abordaron el costo de las construcciones, las dimensiones que tiene el Plan de Emergencia Habitacional del gobierno, las parcelaciones que est\u00e1n sucediendo en el territorio.<\/p>\n<p dir=\"ltr\" style=\"text-align: justify;\">\u00abDesde el ministerio van a volver a una pol\u00edtica antigua donde este pod\u00eda construir a trav\u00e9s del Serviu e incluso tambi\u00e9n plante\u00f3 la oportunidad de poder construir un edificio pensando en buscar esa alternativa para tener una mayor oferta de vivienda para arriendo en la regi\u00f3n tambi\u00e9n y el programa de maestro, que es un programa que busca instalar capacidad de maestros en la regi\u00f3n donde se va a localizar tambi\u00e9n un porcentaje importante de mujeres\u00bb, cont\u00f3 la Consejera Regional, Marisol Mart\u00ednez.<\/p>\n<p dir=\"ltr\" style=\"text-align: justify;\"><strong>Bienes Nacionales<\/strong><\/p>\n<p dir=\"ltr\" style=\"text-align: justify;\">Con la Ministra de Bienes Nacionales, Javiera Toro, la Gobernadora Regional, Andrea Mac\u00edas Palma, abord\u00f3 el programa de regularizaci\u00f3n Provincia Los Glaciares, plan de rezago.<\/p>\n<p dir=\"ltr\" style=\"text-align: justify;\">\u00abPara nosotros como Regi\u00f3n de Ays\u00e9n, en consideraci\u00f3n adem\u00e1s a la cantidad de territorio que existe y que es administraci\u00f3n del Estado, siempre es una oportunidad poder vincularnos y traer a colaci\u00f3n aquellas tem\u00e1ticas que revisten mayor importancia para nuestra regi\u00f3n. En este caso, con programas que tienen que ver con la regularizaci\u00f3n de la propiedad ra\u00edz, pero tambi\u00e9n con algunas situaciones que vivimos como regi\u00f3n que tienen que ver con cementerios, con proyecciones de iniciativas, obras de infraestructura importante para la regi\u00f3n, en las cuales debemos vincularnos tambi\u00e9n con el ministerio\u00bb, detall\u00f3 la Gobernadora Regional.<\/p>\n<p dir=\"ltr\" style=\"text-align: justify;\">Durante la cita con las autoridades presentes, la Gobernadora Regional, Andrea Mac\u00edas Palma el alcalde de la Municipalidad de Coyhaique, Carlos Gatica, la directora de la Secretar\u00eda Comunal de Planificaci\u00f3n (Secplan) del municipio de Ays\u00e9n, Roc\u00edo B\u00f3rquez Jorquera, la presidenta de la Comisi\u00f3n de Infraestructura, Transporte y Telecomunicaciones del Consejo Regional, Lilian Inostroza, desarrollaron la reuni\u00f3n donde expusieron a la ministra diferentes problem\u00e1ticas y solicitudes.<\/p>\n<p dir=\"ltr\" style=\"text-align: justify;\">La Municipalidad de Ays\u00e9n a trav\u00e9s de su directora de la Secplan, Roc\u00edo B\u00f3rquez, expuso \u00abla intenci\u00f3n del Municipio de dise\u00f1ar un complejo para deportes no tradicionales en un bien nacional, de lo cual se est\u00e1 solicitando y, por otra parte, manifestarle la preocupaci\u00f3n del municipio respecto a los cementerio de Islas Las Huichas y tambi\u00e9n de Villa Ma\u00f1ihuales, que est\u00e1n en una situaci\u00f3n cr\u00edtica y que se requiere de terreno para poder albergar este servicio que debemos prestar a la comunidad. Muy agradecidos de la ministra y de la Gobernadora Regional que nos ha invitado a participar de esta reuni\u00f3n\u00bb.<\/p>\n<p dir=\"ltr\" style=\"text-align: justify;\">El alcalde de comuna de Coyhaique, Carlos Gatica, manifest\u00f3 las necesidades de la localidad y la ayuda que necesitan para continuar avanzando con proyectos que contribuyen tanto a los vecinos y vecinas como a quienes visitan la zona.<\/p>\n<p dir=\"ltr\" style=\"text-align: justify;\">\u00abAlgunos proyectos que tenemos en el parque urbano y tambi\u00e9n proyectar nuestra ciudad en conexi\u00f3n con algo tan importante como es el cord\u00f3n divisadero. La ministra recibi\u00f3 y acogi\u00f3 nuestra solicitud y vamos a empezar a trabajar desde ya para poder generar estos espacios y ponerlos a disposici\u00f3n\u00bb, enfatiz\u00f3 la autoridad comunal.<\/p>\n<p dir=\"ltr\" style=\"text-align: justify;\">Al terminar la reuni\u00f3n, la presidenta de la Comisi\u00f3n de Infraestructura, Transporte y Telecomunicaciones del Consejo Regional, Lilian Inostroza, destac\u00f3 que el Gobierno Regional plante\u00f3 el trabajo colaborativo necesario con la Secretar\u00eda Regional Ministerial (Seremi) respectiva.<\/p>\n<p dir=\"ltr\" style=\"text-align: justify;\">\u00abA ra\u00edz de todos los programas que se est\u00e1n financiando a trav\u00e9s del Gobierno Regional de Ays\u00e9n, as\u00ed que, esperamos este trabajo colaborativo y que todo prospere para nuestra regi\u00f3n\u00bb, manifest\u00f3 la Consejera Regional, Lilian Inostroza.<\/p>\n<p dir=\"ltr\" style=\"text-align: justify;\">La ministra de Bienes Nacionales, Javiera Toro, escuch\u00f3 las inquietudes, solicitudes, y planteamientos con atenci\u00f3n para ver la posibilidad de la factibilidad de cada una. Adem\u00e1s, anunci\u00f3 que antes de finalizar el a\u00f1o viajar\u00e1 a la Regi\u00f3n de Ays\u00e9n.<\/p>\n<p dir=\"ltr\" style=\"text-align: justify;\">\u00abComo ministerio de Bienes Nacionales y por mandato del Presidente, estamos muy comprometidos con la descentralizaci\u00f3n y por ello que el patrimonio fiscal, que nosotros administramos est\u00e9 a disposici\u00f3n de los diversos proyectos que tiene, as\u00ed que, nos quedamos comprometidos con poder apoyar los proyectos y darle curso a la solicitud de las tramitaciones que se encuentran pendientes en el ministerio\u00bb, concluy\u00f3 la ministra Javiera Toro.<\/p>\n<\/div>\n<div style=\"text-align: justify;\"><\/div>\n<\/div><\/section><\/div><div  style='height:50px' class='hr hr-invisible   avia-builder-el-6  el_after_av_one_full  el_before_av_social_share '><span class='hr-inner ' ><span class='hr-inner-style'><\/span><\/span><\/div><\/p>\n<div  class='av-social-sharing-box  avia-builder-el-7  el_after_av_hr  el_before_av_hr  '><div class='av-share-box'><h5 class='av-share-link-description av-no-toc '>Compartir esta noticia<\/h5><ul class='av-share-box-list noLightbox'><li class='av-share-link av-social-link-facebook' ><a target=\"_blank\" aria-label=\"Compartir en Facebook\" href='https:\/\/www.facebook.com\/sharer.php?u=https:\/\/radiorevelacionfm.cl\/?p=23246&#038;t=Reuniones%20ministeriales%3A%20Gobernadora%20y%20Consejeros%20avanzan%20en%20tem%C3%A1tica%20energ%C3%A9tica%2C%20consistorial%20de%20R%C3%ADo%20Ib%C3%A1%C3%B1ez%20y%20vivienda' aria-hidden='false' data-av_icon='\ue8f3' data-av_iconfont='entypo-fontello' title='' data-avia-related-tooltip='Compartir en Facebook' rel=\"noopener\"><span class='avia_hidden_link_text'>Compartir en Facebook<\/span><\/a><\/li><li class='av-share-link av-social-link-twitter' ><a target=\"_blank\" aria-label=\"Compartir en Twitter\" href='https:\/\/twitter.com\/share?text=Reuniones%20ministeriales%3A%20Gobernadora%20y%20Consejeros%20avanzan%20en%20tem%C3%A1tica%20energ%C3%A9tica%2C%20consistorial%20de%20R%C3%ADo%20Ib%C3%A1%C3%B1ez%20y%20vivienda&#038;url=https:\/\/radiorevelacionfm.cl\/?p=23246' aria-hidden='false' data-av_icon='\ue8f1' data-av_iconfont='entypo-fontello' title='' data-avia-related-tooltip='Compartir en Twitter' rel=\"noopener\"><span class='avia_hidden_link_text'>Compartir en Twitter<\/span><\/a><\/li><li class='av-share-link av-social-link-whatsapp' ><a target=\"_blank\" aria-label=\"Compartir en Whatsapp\" href='https:\/\/api.whatsapp.com\/send?text=https:\/\/radiorevelacionfm.cl\/?p=23246' aria-hidden='false' data-av_icon='\uf232' data-av_iconfont='entypo-fontello' title='' data-avia-related-tooltip='Compartir en Whatsapp' rel=\"noopener\"><span class='avia_hidden_link_text'>Compartir en Whatsapp<\/span><\/a><\/li><li class='av-share-link av-social-link-linkedin' ><a target=\"_blank\" aria-label=\"Compartir en LinkedIn\" href='https:\/\/linkedin.com\/shareArticle?mini=true&#038;title=Reuniones%20ministeriales%3A%20Gobernadora%20y%20Consejeros%20avanzan%20en%20tem%C3%A1tica%20energ%C3%A9tica%2C%20consistorial%20de%20R%C3%ADo%20Ib%C3%A1%C3%B1ez%20y%20vivienda&#038;url=https:\/\/radiorevelacionfm.cl\/?p=23246' aria-hidden='false' data-av_icon='\ue8fc' data-av_iconfont='entypo-fontello' title='' data-avia-related-tooltip='Compartir en LinkedIn' rel=\"noopener\"><span class='avia_hidden_link_text'>Compartir en LinkedIn<\/span><\/a><\/li><li class='av-share-link av-social-link-mail' ><a  aria-label=\"Compartir por correo\" href='mailto:?subject=Reuniones%20ministeriales%3A%20Gobernadora%20y%20Consejeros%20avanzan%20en%20tem%C3%A1tica%20energ%C3%A9tica%2C%20consistorial%20de%20R%C3%ADo%20Ib%C3%A1%C3%B1ez%20y%20vivienda&#038;body=https:\/\/radiorevelacionfm.cl\/?p=23246' aria-hidden='false' data-av_icon='\ue805' data-av_iconfont='entypo-fontello' title='' data-avia-related-tooltip='Compartir por correo'><span class='avia_hidden_link_text'>Compartir por correo<\/span><\/a><\/li><\/ul><\/div><\/div>\n<div  style='height:50px' class='hr hr-invisible   avia-builder-el-8  el_after_av_social_share  el_before_av_comments_list '><span class='hr-inner ' ><span class='hr-inner-style'><\/span><\/span><\/div>\n<div  class='av-buildercomment  av-blog-meta-html-info-disabled av-blog-meta-tag-disabled  '><\/div>\n","protected":false},"excerpt":{"rendered":"","protected":false},"author":1,"featured_media":23247,"comment_status":"open","ping_status":"open","sticky":false,"template":"","format":"standard","meta":{"footnotes":""},"categories":[38],"tags":[],"class_list":["post-23246","post","type-post","status-publish","format-standard","has-post-thumbnail","hentry","category-regional"],"jetpack_featured_media_url":"https:\/\/radiorevelacionfm.cl\/wp-content\/uploads\/2022\/10\/bienes-nacionales-2-1-1_optimized.jpg","_links":{"self":[{"href":"https:\/\/radiorevelacionfm.cl\/index.php?rest_route=\/wp\/v2\/posts\/23246","targetHints":{"allow":["GET"]}}],"collection":[{"href":"https:\/\/radiorevelacionfm.cl\/index.php?rest_route=\/wp\/v2\/posts"}],"about":[{"href":"https:\/\/radiorevelacionfm.cl\/index.php?rest_route=\/wp\/v2\/types\/post"}],"author":[{"embeddable":true,"href":"https:\/\/radiorevelacionfm.cl\/index.php?rest_route=\/wp\/v2\/users\/1"}],"replies":[{"embeddable":true,"href":"https:\/\/radiorevelacionfm.cl\/index.php?rest_route=%2Fwp%2Fv2%2Fcomments&post=23246"}],"version-history":[{"count":2,"href":"https:\/\/radiorevelacionfm.cl\/index.php?rest_route=\/wp\/v2\/posts\/23246\/revisions"}],"predecessor-version":[{"id":23249,"href":"https:\/\/radiorevelacionfm.cl\/index.php?rest_route=\/wp\/v2\/posts\/23246\/revisions\/23249"}],"wp:featuredmedia":[{"embeddable":true,"href":"https:\/\/radiorevelacionfm.cl\/index.php?rest_route=\/wp\/v2\/media\/23247"}],"wp:attachment":[{"href":"https:\/\/radiorevelacionfm.cl\/index.php?rest_route=%2Fwp%2Fv2%2Fmedia&parent=23246"}],"wp:term":[{"taxonomy":"category","embeddable":true,"href":"https:\/\/radiorevelacionfm.cl\/index.php?rest_route=%2Fwp%2Fv2%2Fcategories&post=23246"},{"taxonomy":"post_tag","embeddable":true,"href":"https:\/\/radiorevelacionfm.cl\/index.php?rest_route=%2Fwp%2Fv2%2Ftags&post=23246"}],"curies":[{"name":"wp","href":"https:\/\/api.w.org\/{rel}","templated":true}]}}