{"id":23242,"date":"2022-10-20T09:23:35","date_gmt":"2022-10-20T12:23:35","guid":{"rendered":"https:\/\/radiorevelacionfm.cl\/?p=23242"},"modified":"2022-10-20T09:23:35","modified_gmt":"2022-10-20T12:23:35","slug":"emprendedora-de-melimoyu-es-destacada-en-turismo-de-sustentabilidad","status":"publish","type":"post","link":"https:\/\/radiorevelacionfm.cl\/?p=23242","title":{"rendered":"Emprendedora de Melimoyu es destacada en turismo de sustentabilidad"},"content":{"rendered":"<div class=\"flex_column av_one_full  flex_column_div av-zero-column-padding first  avia-builder-el-0  el_before_av_one_full  avia-builder-el-first  \" style='border-radius:0px; '><div  class='avia-image-container  av-styling-    avia-builder-el-1  avia-builder-el-no-sibling  avia-align-center '  itemprop=\"image\" itemscope=\"itemscope\" itemtype=\"https:\/\/schema.org\/ImageObject\"  ><div class='avia-image-container-inner'><div class='avia-image-overlay-wrap'><img decoding=\"async\" class='wp-image-23243 avia-img-lazy-loading-not-23243 avia_image' src=\"https:\/\/radiorevelacionfm.cl\/wp-content\/uploads\/2022\/10\/pia-1-1-1_optimized.jpg\" alt='' title='pia-1-1-(1)_optimized' height=\"600\" width=\"886\"  itemprop=\"thumbnailUrl\" srcset=\"https:\/\/radiorevelacionfm.cl\/wp-content\/uploads\/2022\/10\/pia-1-1-1_optimized.jpg 886w, https:\/\/radiorevelacionfm.cl\/wp-content\/uploads\/2022\/10\/pia-1-1-1_optimized-300x203.jpg 300w, https:\/\/radiorevelacionfm.cl\/wp-content\/uploads\/2022\/10\/pia-1-1-1_optimized-768x520.jpg 768w, https:\/\/radiorevelacionfm.cl\/wp-content\/uploads\/2022\/10\/pia-1-1-1_optimized-705x477.jpg 705w, https:\/\/radiorevelacionfm.cl\/wp-content\/uploads\/2022\/10\/pia-1-1-1_optimized-600x406.jpg 600w\" sizes=\"(max-width: 886px) 100vw, 886px\" \/><\/div><\/div><\/div><\/div><div class=\"flex_column av_one_full  flex_column_div av-zero-column-padding first  avia-builder-el-2  el_after_av_one_full  el_before_av_one_full  column-top-margin\" style='border-radius:0px; '><section class=\"av_textblock_section \"  itemscope=\"itemscope\" itemtype=\"https:\/\/schema.org\/BlogPosting\" itemprop=\"blogPost\" ><div class='avia_textblock  '   itemprop=\"text\" ><p style=\"text-align: center;\"><strong><span style=\"font-size: 18pt;\">Emprendedora de Melimoyu es destacada en turismo de sustentabilidad<\/span><\/strong><\/p>\n<div id=\"gtx-trans\" style=\"position: absolute; left: -50px; top: 4.31534px;\">\n<div class=\"gtx-trans-icon\"><\/div>\n<\/div>\n<\/div><\/section><\/div><div class=\"flex_column av_one_full  flex_column_div av-zero-column-padding first  avia-builder-el-4  el_after_av_one_full  el_before_av_hr  column-top-margin\" style='border-radius:0px; '><section class=\"av_textblock_section \"  itemscope=\"itemscope\" itemtype=\"https:\/\/schema.org\/BlogPosting\" itemprop=\"blogPost\" ><div class='avia_textblock  '   itemprop=\"text\" ><p style=\"text-align: justify;\">En la litorale\u00f1a localidad de Melimoyu ha decido emprender y desarrollar su vida, P\u00eda Rojo, una joven so\u00f1adora, creativa y que a trav\u00e9s del turismo pretende, cada vez m\u00e1s, visibilizar este bello territorio inserto en la comuna de Cisnes y que lentamente ha ido creciendo, transform\u00e1ndose en la visita obligada de muchos turistas nacionales e internacionales.<\/p>\n<p style=\"text-align: justify;\">Es precisamente por su perseverancia y la forma en la que ha decido llevar adelante su emprendimiento, es que, Sernatur y Banco Estado reconocieron a P\u00eda a nivel regional y seg\u00fan los 4 pilares de la Organizaci\u00f3n\u00a0Mundial de Turismo: sustentabilidad, enfoque de g\u00e9nero, accesibilidad y resiliencia.<\/p>\n<p style=\"text-align: justify;\">\u201cY de hecho fue s\u00faper bonito porque en Sernatur me dijeron que es primera vez que estaban todos de acuerdo en nominar a una persona. Ha sido un trabajo de varios a\u00f1os, en conjunto a Sernatur, emprendedores de las distintas localidades que han sido s\u00faper inspiradores. En nuestra comuna, ellos mismos me han ayudado para poder seguir adelante, invit\u00e1ndome a las reuniones, poniendo a Melimoyu en el contexto local\u201d, coment\u00f3 P\u00eda Rojo.<\/p>\n<p style=\"text-align: justify;\">La emprendedora de Melimoyu, enfatiz\u00f3 que este reconocimiento es la instancia propicia para visibilizar a la localidad. \u201cYo veo que va a ser una cuesti\u00f3n para visibilizar la localidad, donde me sirvieron como inspiraci\u00f3n Eliana de la casita de t\u00e9, Vero Gallardo de Puyuhuapi, la Cony, que son mujeres emblem\u00e1ticas que han levantado sus localidades tur\u00edsticamente, uno tambi\u00e9n va a servir para otras personas digan que se puede, se puede hacer turismo. Lo otro es visibilizar para que la gente sepa en el mapa, donde esta Melimoyu\u201d.<\/p>\n<p style=\"text-align: justify;\">P\u00eda Rojo, apuesta por el turismo sustentable en su emprendimiento, algo que aplica a todos quienes deciden quedarse en su hoster\u00eda. \u201cCuando llegan mis hu\u00e9spedes de cualquier tipo, sea salmonero o el embajador de Grecia, todos iguales. Ac\u00e1 se recicla, hay un tipo de alimentaci\u00f3n en la hoster\u00eda de manera consiente, donde el cincuenta por ciento de la alimentaci\u00f3n es de ac\u00e1 de los huertos, se cosecha todos los d\u00edas, se hacen ag\u00fcitas de hierbas. La energ\u00eda que se utiliza ac\u00e1 es del pueblo, pero tambi\u00e9n con paneles solares, aplico en realidad la forma de vida al turismo\u201d.<\/p>\n<p style=\"text-align: justify;\">Rojo, puso en valor tambi\u00e9n la colaboraci\u00f3n que ha tenido desde el \u00e1rea de Fomento Productivo y Prodesal del Municipio de Cisnes, Sernatur y todos quienes le han colaborado para mostrar las virtudes de Melimoyu, su gente y sus servicios, como as\u00ed tambi\u00e9n, incluir a la localidad en la ZOIT.\u00a0 \u201cTodos me ayudan de cierta manera para lograr los objetivos, pero tambi\u00e9n ha sido importante el trabajo que ha desarrollado Lorena, Sernatur, aport\u00f3 tambi\u00e9n gente como el Jonathan, Blanca, hasta logramos meter a la hoster\u00eda, registrarla en Sernatur, al ocurrir eso, paso todo Melimoyu a la ZOIT, de esta forma, se supone que debe haber recursos del Estado que vengan a promocionar el turismo en Melimoyu\u201d.<\/p>\n<p style=\"text-align: justify;\">Para la emprendedora del turismo en Melimoyu, es fundamental dejar el ego\u00edsmo atr\u00e1s y utilizar estrategias que signifiquen un trabajo colaborativo, por ejemplo, P\u00eda Rojo, destac\u00f3 la uni\u00f3n con Patricio Maldonado de Puerto Gala, para que de esta forma ambas localidades puedan ser visibilizadas y se conozca en la regi\u00f3n, el pa\u00eds y el mundo, las bondades y buenos servicios que la comunidad brinda en el litoral de la comuna de Cisnes.<\/p>\n<\/div><\/section><\/div><div  style='height:50px' class='hr hr-invisible   avia-builder-el-6  el_after_av_one_full  el_before_av_social_share '><span class='hr-inner ' ><span class='hr-inner-style'><\/span><\/span><\/div><\/p>\n<div  class='av-social-sharing-box  avia-builder-el-7  el_after_av_hr  el_before_av_hr  '><div class='av-share-box'><h5 class='av-share-link-description av-no-toc '>Compartir esta noticia<\/h5><ul class='av-share-box-list noLightbox'><li class='av-share-link av-social-link-facebook' ><a target=\"_blank\" aria-label=\"Compartir en Facebook\" href='https:\/\/www.facebook.com\/sharer.php?u=https:\/\/radiorevelacionfm.cl\/?p=23242&#038;t=Emprendedora%20de%20Melimoyu%20es%20destacada%20en%20turismo%20de%20sustentabilidad' aria-hidden='false' data-av_icon='\ue8f3' data-av_iconfont='entypo-fontello' title='' data-avia-related-tooltip='Compartir en Facebook' rel=\"noopener\"><span class='avia_hidden_link_text'>Compartir en Facebook<\/span><\/a><\/li><li class='av-share-link av-social-link-twitter' ><a target=\"_blank\" aria-label=\"Compartir en Twitter\" href='https:\/\/twitter.com\/share?text=Emprendedora%20de%20Melimoyu%20es%20destacada%20en%20turismo%20de%20sustentabilidad&#038;url=https:\/\/radiorevelacionfm.cl\/?p=23242' aria-hidden='false' data-av_icon='\ue8f1' data-av_iconfont='entypo-fontello' title='' data-avia-related-tooltip='Compartir en Twitter' rel=\"noopener\"><span class='avia_hidden_link_text'>Compartir en Twitter<\/span><\/a><\/li><li class='av-share-link av-social-link-whatsapp' ><a target=\"_blank\" aria-label=\"Compartir en Whatsapp\" href='https:\/\/api.whatsapp.com\/send?text=https:\/\/radiorevelacionfm.cl\/?p=23242' aria-hidden='false' data-av_icon='\uf232' data-av_iconfont='entypo-fontello' title='' data-avia-related-tooltip='Compartir en Whatsapp' rel=\"noopener\"><span class='avia_hidden_link_text'>Compartir en Whatsapp<\/span><\/a><\/li><li class='av-share-link av-social-link-linkedin' ><a target=\"_blank\" aria-label=\"Compartir en LinkedIn\" href='https:\/\/linkedin.com\/shareArticle?mini=true&#038;title=Emprendedora%20de%20Melimoyu%20es%20destacada%20en%20turismo%20de%20sustentabilidad&#038;url=https:\/\/radiorevelacionfm.cl\/?p=23242' aria-hidden='false' data-av_icon='\ue8fc' data-av_iconfont='entypo-fontello' title='' data-avia-related-tooltip='Compartir en LinkedIn' rel=\"noopener\"><span class='avia_hidden_link_text'>Compartir en LinkedIn<\/span><\/a><\/li><li class='av-share-link av-social-link-mail' ><a  aria-label=\"Compartir por correo\" href='mailto:?subject=Emprendedora%20de%20Melimoyu%20es%20destacada%20en%20turismo%20de%20sustentabilidad&#038;body=https:\/\/radiorevelacionfm.cl\/?p=23242' aria-hidden='false' data-av_icon='\ue805' data-av_iconfont='entypo-fontello' title='' data-avia-related-tooltip='Compartir por correo'><span class='avia_hidden_link_text'>Compartir por correo<\/span><\/a><\/li><\/ul><\/div><\/div>\n<div  style='height:50px' class='hr hr-invisible   avia-builder-el-8  el_after_av_social_share  el_before_av_comments_list '><span class='hr-inner ' ><span class='hr-inner-style'><\/span><\/span><\/div>\n<div  class='av-buildercomment  av-blog-meta-html-info-disabled av-blog-meta-tag-disabled  '><\/div>\n","protected":false},"excerpt":{"rendered":"","protected":false},"author":1,"featured_media":23243,"comment_status":"open","ping_status":"open","sticky":false,"template":"","format":"standard","meta":{"footnotes":""},"categories":[38],"tags":[],"class_list":["post-23242","post","type-post","status-publish","format-standard","has-post-thumbnail","hentry","category-regional"],"jetpack_featured_media_url":"https:\/\/radiorevelacionfm.cl\/wp-content\/uploads\/2022\/10\/pia-1-1-1_optimized.jpg","_links":{"self":[{"href":"https:\/\/radiorevelacionfm.cl\/index.php?rest_route=\/wp\/v2\/posts\/23242","targetHints":{"allow":["GET"]}}],"collection":[{"href":"https:\/\/radiorevelacionfm.cl\/index.php?rest_route=\/wp\/v2\/posts"}],"about":[{"href":"https:\/\/radiorevelacionfm.cl\/index.php?rest_route=\/wp\/v2\/types\/post"}],"author":[{"embeddable":true,"href":"https:\/\/radiorevelacionfm.cl\/index.php?rest_route=\/wp\/v2\/users\/1"}],"replies":[{"embeddable":true,"href":"https:\/\/radiorevelacionfm.cl\/index.php?rest_route=%2Fwp%2Fv2%2Fcomments&post=23242"}],"version-history":[{"count":2,"href":"https:\/\/radiorevelacionfm.cl\/index.php?rest_route=\/wp\/v2\/posts\/23242\/revisions"}],"predecessor-version":[{"id":23245,"href":"https:\/\/radiorevelacionfm.cl\/index.php?rest_route=\/wp\/v2\/posts\/23242\/revisions\/23245"}],"wp:featuredmedia":[{"embeddable":true,"href":"https:\/\/radiorevelacionfm.cl\/index.php?rest_route=\/wp\/v2\/media\/23243"}],"wp:attachment":[{"href":"https:\/\/radiorevelacionfm.cl\/index.php?rest_route=%2Fwp%2Fv2%2Fmedia&parent=23242"}],"wp:term":[{"taxonomy":"category","embeddable":true,"href":"https:\/\/radiorevelacionfm.cl\/index.php?rest_route=%2Fwp%2Fv2%2Fcategories&post=23242"},{"taxonomy":"post_tag","embeddable":true,"href":"https:\/\/radiorevelacionfm.cl\/index.php?rest_route=%2Fwp%2Fv2%2Ftags&post=23242"}],"curies":[{"name":"wp","href":"https:\/\/api.w.org\/{rel}","templated":true}]}}