{"id":23236,"date":"2022-11-03T11:16:32","date_gmt":"2022-11-03T14:16:32","guid":{"rendered":"https:\/\/radiorevelacionfm.cl\/?p=23236"},"modified":"2022-11-03T11:23:31","modified_gmt":"2022-11-03T14:23:31","slug":"el-18-de-noviembre-entra-en-plena-vigencia-el-registro-nacional-de-deudores-de-alimentos","status":"publish","type":"post","link":"https:\/\/radiorevelacionfm.cl\/?p=23236","title":{"rendered":"El 18 de noviembre entra en plena vigencia el Registro Nacional de Deudores de Alimentos"},"content":{"rendered":"<div class=\"flex_column av_one_full  flex_column_div av-zero-column-padding first  avia-builder-el-0  el_before_av_one_full  avia-builder-el-first  \" style='border-radius:0px; '><div  class='avia-image-container  av-styling-    avia-builder-el-1  avia-builder-el-no-sibling  avia-align-center '  itemprop=\"image\" itemscope=\"itemscope\" itemtype=\"https:\/\/schema.org\/ImageObject\"  ><div class='avia-image-container-inner'><div class='avia-image-overlay-wrap'><img decoding=\"async\" class='wp-image-23238 avia-img-lazy-loading-not-23238 avia_image' src=\"https:\/\/radiorevelacionfm.cl\/wp-content\/uploads\/2022\/10\/a_uno_1201104-740x430-1_optimized.jpg\" alt='' title='a_uno_1201104-740x430-(1)_optimized' height=\"600\" width=\"1033\"  itemprop=\"thumbnailUrl\" srcset=\"https:\/\/radiorevelacionfm.cl\/wp-content\/uploads\/2022\/10\/a_uno_1201104-740x430-1_optimized.jpg 1033w, https:\/\/radiorevelacionfm.cl\/wp-content\/uploads\/2022\/10\/a_uno_1201104-740x430-1_optimized-300x174.jpg 300w, https:\/\/radiorevelacionfm.cl\/wp-content\/uploads\/2022\/10\/a_uno_1201104-740x430-1_optimized-1030x598.jpg 1030w, https:\/\/radiorevelacionfm.cl\/wp-content\/uploads\/2022\/10\/a_uno_1201104-740x430-1_optimized-768x446.jpg 768w, https:\/\/radiorevelacionfm.cl\/wp-content\/uploads\/2022\/10\/a_uno_1201104-740x430-1_optimized-705x409.jpg 705w, https:\/\/radiorevelacionfm.cl\/wp-content\/uploads\/2022\/10\/a_uno_1201104-740x430-1_optimized-600x348.jpg 600w\" sizes=\"(max-width: 1033px) 100vw, 1033px\" \/><\/div><\/div><\/div><\/div>\n<div class=\"flex_column av_one_full  flex_column_div av-zero-column-padding first  avia-builder-el-2  el_after_av_one_full  el_before_av_one_full  column-top-margin\" style='border-radius:0px; '><section class=\"av_textblock_section \"  itemscope=\"itemscope\" itemtype=\"https:\/\/schema.org\/BlogPosting\" itemprop=\"blogPost\" ><div class='avia_textblock  '   itemprop=\"text\" ><p style=\"text-align: center;\"><strong><span style=\"font-size: 18pt;\">El 18 de noviembre entra en plena vigencia el Registro Nacional de Deudores de Alimentos<\/span><\/strong><\/p>\n<div id=\"gtx-trans\" style=\"position: absolute; left: -50px; top: 4.31534px;\"><\/div>\n<\/div><\/section><\/div>\n<div class=\"flex_column av_one_full  flex_column_div av-zero-column-padding first  avia-builder-el-4  el_after_av_one_full  el_before_av_hr  column-top-margin\" style='border-radius:0px; '><section class=\"av_textblock_section \"  itemscope=\"itemscope\" itemtype=\"https:\/\/schema.org\/BlogPosting\" itemprop=\"blogPost\" ><div class='avia_textblock  '   itemprop=\"text\" ><p style=\"text-align: justify;\">La Ministra de Justicia entreg\u00f3 detalles de la modalidad que ser\u00e1 electr\u00f3nica y administrada por el Servicio de Registro Civil e hizo un llamado para que las instituciones p\u00fablicas y privadas obligadas por ley a consultar el Registro \u201cse enrolen a la brevedad\u201d.<\/p>\n<p style=\"text-align: justify;\">\u201cEsta es una innovaci\u00f3n legislativa que cambiar\u00e1 la cultura de deudores. Ser\u00e1 oneroso el permanecer en el registro, no se podr\u00e1 acceder a cr\u00e9ditos\u2026\u201d, sentenci\u00f3 la\u00a0ministra de Justicia y Derechos Humanos, Marcela R\u00edos, quien expuso ante la\u00a0<a href=\"https:\/\/www.senado.cl\/appsenado\/index.php?mo=comisiones&amp;ac=ficha&amp;id=1126&amp;tipo_comision=10\">Comisi\u00f3n de Mujer y Equidad de G\u00e9nero<\/a>, sobre la implementaci\u00f3n del Registro Nacional de Deudores de Alimentos\u00a0(<a href=\"https:\/\/www.bcn.cl\/leychile\/navegar?idNorma=1168463&amp;idParte=10285693&amp;idVersion=2021-11-18\">Ley 21389<\/a>)\u00a0que entrar\u00e1 en plena vigencia el 18 de noviembre pr\u00f3ximo.<\/p>\n<div class=\"contSubtit\" style=\"text-align: justify;\">\n<div class=\"titSubtit\"><\/div>\n<\/div>\n<div class=\"contSubtit\" style=\"text-align: justify;\">\n<div class=\"titSubtit\"><\/div>\n<\/div>\n<div class=\"contSubtit\" style=\"text-align: justify;\">\n<div class=\"titSubtit\">\n<div id=\"vtxt_cuerpo_T0\">FUNCIONAMIENTO<\/div>\n<\/div>\n<div class=\"linkSubtit\"><\/div>\n<\/div>\n<p style=\"text-align: justify;\">El Registro, que entrar\u00e1 en\u00a0vigencia el 18 de noviembre\u00a0pr\u00f3ximo, articula un sistema con medidas que\u00a0favorecen el cumplimiento del pago;\u00a0estimula una disposici\u00f3n m\u00e1s colaborativa\u00a0por parte del deudor; y\u00a0permite a ciertas entidades comunicar al tribunal competente la informaci\u00f3n relevante para el cobro de la pensi\u00f3n alimenticia.<\/p>\n<p style=\"text-align: justify;\">Su\u00a0funcionamiento ser\u00e1 electr\u00f3nico y de acceso remoto, gratuito e inmediato\u00a0para cualquier persona con inter\u00e9s leg\u00edtimo en la consulta; as\u00ed se permitir\u00e1 consultar, en un solo acto, todas las inscripciones vigentes que afectaren a una persona en calidad de deudor de alimentos.<\/p>\n<p style=\"text-align: justify;\">Podr\u00e1 consultar toda persona o entidad con obligaci\u00f3n legal de revisar el Registro; y los \u00f3rganos de la administraci\u00f3n del Estado y entidades que, de conformidad con las disposiciones de la ley N\u00b0 14.908, deban consultar para la adjudicaci\u00f3n de beneficios econ\u00f3micos; adem\u00e1s de la persona alimentante, el\/la alimentario\/a o su representante legal y los tribunales con competencia en asuntos de familia.<\/p>\n<div class=\"contSubtit\" style=\"text-align: justify;\">\n<div class=\"titSubtit\">\n<div id=\"vtxt_cuerpo_T1\">LLAMADO A \u201cENROLARSE\u201d<\/div>\n<\/div>\n<div class=\"linkSubtit\"><\/div>\n<\/div>\n<p style=\"text-align: justify;\">La implementaci\u00f3n del Registro est\u00e1 a cargo de una Comisi\u00f3n de Coordinaci\u00f3n y Evaluaci\u00f3n del Nuevo Sistema de Cumplimiento de Pensiones y se han conformado dos subcomisiones: de comunicaciones y enrolamiento, para esta \u00faltima\u00a0se deben enrolar instituciones p\u00fablicas y privadas obligadas por ley a consultar el Registro, tales como municipalidades (345), notar\u00edas p\u00fablicas y Conservadores de Bienes Ra\u00edces (471), organismos del Estado y relacionados (387), y bancos e instituciones financieras: Cajas de Compensaci\u00f3n y Cooperativas de Ahorro y Cr\u00e9dito (32).<\/p>\n<p style=\"text-align: justify;\">Pese al mandato y a la notificaci\u00f3n oportuna a las instituciones, a la fecha \u2013tal como se detall\u00f3- el enrolamiento ha sido bajo, con el cumplimento del 24% de las municipalidades, 43% de notar\u00edas, 29% de organismos estatales y 19% de entidades financieras. Por lo que el llamado durante la Comisi\u00f3n, presidida por la senadora Claudia Pascual, fue a enrolarse a la brevedad.<\/p>\n<p style=\"text-align: justify;\">El ministerio de la Mujer y la Equidad de G\u00e9nero ha dispuesto de un portal de preguntas y respuestas sobre el funcionamiento del registro https:\/\/minmujeryeg.gob.cl\/<\/p>\n<\/div><\/section><\/div><div  style='height:50px' class='hr hr-invisible   avia-builder-el-6  el_after_av_one_full  el_before_av_social_share '><span class='hr-inner ' ><span class='hr-inner-style'><\/span><\/span><\/div><\/p>\n<div  class='av-social-sharing-box  avia-builder-el-7  el_after_av_hr  el_before_av_hr  '><div class='av-share-box'><h5 class='av-share-link-description av-no-toc '>Compartir esta noticia<\/h5><ul class='av-share-box-list noLightbox'><li class='av-share-link av-social-link-facebook' ><a target=\"_blank\" aria-label=\"Compartir en Facebook\" href='https:\/\/www.facebook.com\/sharer.php?u=https:\/\/radiorevelacionfm.cl\/?p=23236&#038;t=El%2018%20de%20noviembre%20entra%20en%20plena%20vigencia%20el%20Registro%20Nacional%20de%20Deudores%20de%20Alimentos' aria-hidden='false' data-av_icon='\ue8f3' data-av_iconfont='entypo-fontello' title='' data-avia-related-tooltip='Compartir en Facebook' rel=\"noopener\"><span class='avia_hidden_link_text'>Compartir en Facebook<\/span><\/a><\/li><li class='av-share-link av-social-link-twitter' ><a target=\"_blank\" aria-label=\"Compartir en Twitter\" href='https:\/\/twitter.com\/share?text=El%2018%20de%20noviembre%20entra%20en%20plena%20vigencia%20el%20Registro%20Nacional%20de%20Deudores%20de%20Alimentos&#038;url=https:\/\/radiorevelacionfm.cl\/?p=23236' aria-hidden='false' data-av_icon='\ue8f1' data-av_iconfont='entypo-fontello' title='' data-avia-related-tooltip='Compartir en Twitter' rel=\"noopener\"><span class='avia_hidden_link_text'>Compartir en Twitter<\/span><\/a><\/li><li class='av-share-link av-social-link-whatsapp' ><a target=\"_blank\" aria-label=\"Compartir en Whatsapp\" href='https:\/\/api.whatsapp.com\/send?text=https:\/\/radiorevelacionfm.cl\/?p=23236' aria-hidden='false' data-av_icon='\uf232' data-av_iconfont='entypo-fontello' title='' data-avia-related-tooltip='Compartir en Whatsapp' rel=\"noopener\"><span class='avia_hidden_link_text'>Compartir en Whatsapp<\/span><\/a><\/li><li class='av-share-link av-social-link-linkedin' ><a target=\"_blank\" aria-label=\"Compartir en LinkedIn\" href='https:\/\/linkedin.com\/shareArticle?mini=true&#038;title=El%2018%20de%20noviembre%20entra%20en%20plena%20vigencia%20el%20Registro%20Nacional%20de%20Deudores%20de%20Alimentos&#038;url=https:\/\/radiorevelacionfm.cl\/?p=23236' aria-hidden='false' data-av_icon='\ue8fc' data-av_iconfont='entypo-fontello' title='' data-avia-related-tooltip='Compartir en LinkedIn' rel=\"noopener\"><span class='avia_hidden_link_text'>Compartir en LinkedIn<\/span><\/a><\/li><li class='av-share-link av-social-link-mail' ><a  aria-label=\"Compartir por correo\" href='mailto:?subject=El%2018%20de%20noviembre%20entra%20en%20plena%20vigencia%20el%20Registro%20Nacional%20de%20Deudores%20de%20Alimentos&#038;body=https:\/\/radiorevelacionfm.cl\/?p=23236' aria-hidden='false' data-av_icon='\ue805' data-av_iconfont='entypo-fontello' title='' data-avia-related-tooltip='Compartir por correo'><span class='avia_hidden_link_text'>Compartir por correo<\/span><\/a><\/li><\/ul><\/div><\/div>\n<div  style='height:50px' class='hr hr-invisible   avia-builder-el-8  el_after_av_social_share  el_before_av_comments_list '><span class='hr-inner ' ><span class='hr-inner-style'><\/span><\/span><\/div>\n<div  class='av-buildercomment  av-blog-meta-html-info-disabled av-blog-meta-tag-disabled  '><\/div>\n","protected":false},"excerpt":{"rendered":"","protected":false},"author":1,"featured_media":23238,"comment_status":"open","ping_status":"open","sticky":false,"template":"","format":"standard","meta":{"footnotes":""},"categories":[61],"tags":[],"class_list":["post-23236","post","type-post","status-publish","format-standard","has-post-thumbnail","hentry","category-nacional"],"jetpack_featured_media_url":"https:\/\/radiorevelacionfm.cl\/wp-content\/uploads\/2022\/10\/a_uno_1201104-740x430-1_optimized.jpg","_links":{"self":[{"href":"https:\/\/radiorevelacionfm.cl\/index.php?rest_route=\/wp\/v2\/posts\/23236","targetHints":{"allow":["GET"]}}],"collection":[{"href":"https:\/\/radiorevelacionfm.cl\/index.php?rest_route=\/wp\/v2\/posts"}],"about":[{"href":"https:\/\/radiorevelacionfm.cl\/index.php?rest_route=\/wp\/v2\/types\/post"}],"author":[{"embeddable":true,"href":"https:\/\/radiorevelacionfm.cl\/index.php?rest_route=\/wp\/v2\/users\/1"}],"replies":[{"embeddable":true,"href":"https:\/\/radiorevelacionfm.cl\/index.php?rest_route=%2Fwp%2Fv2%2Fcomments&post=23236"}],"version-history":[{"count":3,"href":"https:\/\/radiorevelacionfm.cl\/index.php?rest_route=\/wp\/v2\/posts\/23236\/revisions"}],"predecessor-version":[{"id":23756,"href":"https:\/\/radiorevelacionfm.cl\/index.php?rest_route=\/wp\/v2\/posts\/23236\/revisions\/23756"}],"wp:featuredmedia":[{"embeddable":true,"href":"https:\/\/radiorevelacionfm.cl\/index.php?rest_route=\/wp\/v2\/media\/23238"}],"wp:attachment":[{"href":"https:\/\/radiorevelacionfm.cl\/index.php?rest_route=%2Fwp%2Fv2%2Fmedia&parent=23236"}],"wp:term":[{"taxonomy":"category","embeddable":true,"href":"https:\/\/radiorevelacionfm.cl\/index.php?rest_route=%2Fwp%2Fv2%2Fcategories&post=23236"},{"taxonomy":"post_tag","embeddable":true,"href":"https:\/\/radiorevelacionfm.cl\/index.php?rest_route=%2Fwp%2Fv2%2Ftags&post=23236"}],"curies":[{"name":"wp","href":"https:\/\/api.w.org\/{rel}","templated":true}]}}