{"id":23233,"date":"2022-11-04T10:40:51","date_gmt":"2022-11-04T13:40:51","guid":{"rendered":"https:\/\/radiorevelacionfm.cl\/?p=23233"},"modified":"2022-11-04T10:45:11","modified_gmt":"2022-11-04T13:45:11","slug":"investigadora-chilena-busca-detener-la-metastasis-del-cancer-de-mama","status":"publish","type":"post","link":"https:\/\/radiorevelacionfm.cl\/?p=23233","title":{"rendered":"Investigadora chilena busca detener la met\u00e1stasis del c\u00e1ncer de mama"},"content":{"rendered":"<div class=\"flex_column av_one_full  flex_column_div av-zero-column-padding first  avia-builder-el-0  el_before_av_one_full  avia-builder-el-first  \" style='border-radius:0px; '><div  class='avia-image-container  av-styling-    avia-builder-el-1  avia-builder-el-no-sibling  avia-align-center '  itemprop=\"image\" itemscope=\"itemscope\" itemtype=\"https:\/\/schema.org\/ImageObject\"  ><div class='avia-image-container-inner'><div class='avia-image-overlay-wrap'><img decoding=\"async\" class='wp-image-23234 avia-img-lazy-loading-not-23234 avia_image' src=\"https:\/\/radiorevelacionfm.cl\/wp-content\/uploads\/2022\/10\/37b14592-96da-4a2f-b849-a33da207ac03-1_optimized.jpg\" alt='' title='37b14592-96da-4a2f-b849-a33da207ac03-(1)_optimized' height=\"600\" width=\"1067\"  itemprop=\"thumbnailUrl\" srcset=\"https:\/\/radiorevelacionfm.cl\/wp-content\/uploads\/2022\/10\/37b14592-96da-4a2f-b849-a33da207ac03-1_optimized.jpg 1067w, https:\/\/radiorevelacionfm.cl\/wp-content\/uploads\/2022\/10\/37b14592-96da-4a2f-b849-a33da207ac03-1_optimized-300x169.jpg 300w, https:\/\/radiorevelacionfm.cl\/wp-content\/uploads\/2022\/10\/37b14592-96da-4a2f-b849-a33da207ac03-1_optimized-1030x579.jpg 1030w, https:\/\/radiorevelacionfm.cl\/wp-content\/uploads\/2022\/10\/37b14592-96da-4a2f-b849-a33da207ac03-1_optimized-768x432.jpg 768w, https:\/\/radiorevelacionfm.cl\/wp-content\/uploads\/2022\/10\/37b14592-96da-4a2f-b849-a33da207ac03-1_optimized-705x396.jpg 705w, https:\/\/radiorevelacionfm.cl\/wp-content\/uploads\/2022\/10\/37b14592-96da-4a2f-b849-a33da207ac03-1_optimized-600x337.jpg 600w\" sizes=\"(max-width: 1067px) 100vw, 1067px\" \/><\/div><\/div><\/div><\/div>\n<div class=\"flex_column av_one_full  flex_column_div av-zero-column-padding first  avia-builder-el-2  el_after_av_one_full  el_before_av_one_full  column-top-margin\" style='border-radius:0px; '><section class=\"av_textblock_section \"  itemscope=\"itemscope\" itemtype=\"https:\/\/schema.org\/BlogPosting\" itemprop=\"blogPost\" ><div class='avia_textblock  '   itemprop=\"text\" ><div style=\"text-align: center;\" role=\"img\" data-tooltip-contained=\"true\" data-tooltip-align=\"b,l\" data-tooltip-delay=\"1500\" aria-label=\"No importante\"><strong><span style=\"font-size: 18pt;\">Investigadora chilena busca detener la met\u00e1stasis del c\u00e1ncer de mama<\/span><\/strong><\/div>\n<div id=\"gtx-trans\" style=\"position: absolute; left: -50px; top: 4.31534px;\">\n<div class=\"gtx-trans-icon\"><\/div>\n<\/div>\n<\/div><\/section><\/div>\n<div class=\"flex_column av_one_full  flex_column_div av-zero-column-padding first  avia-builder-el-4  el_after_av_one_full  el_before_av_hr  column-top-margin\" style='border-radius:0px; '><section class=\"av_textblock_section \"  itemscope=\"itemscope\" itemtype=\"https:\/\/schema.org\/BlogPosting\" itemprop=\"blogPost\" ><div class='avia_textblock  '   itemprop=\"text\" ><p style=\"text-align: justify;\">La Dra. Lorena Lobos, investigadora del Centro Avanzado de Enfermedades Cr\u00f3nicas (ACCDIS) y el Centro de Medicina Regenerativa de la Universidad del Desarrollo inform\u00f3 sobre los \u00faltimos avances cient\u00edficos de su investigaci\u00f3n, quien junto a su equipo de trabajo estudian la prote\u00edna llamada \u201cLactadherina\u201d y su relaci\u00f3n con la generaci\u00f3n de tumores y met\u00e1stasis en el c\u00e1ncer de mama.<\/p>\n<p style=\"text-align: justify;\">Desde hace tres a\u00f1os, el equipo de investigadores se encuentra estudiando la historia de c\u00f3mo una prote\u00edna que fue conocida por ser una mol\u00e9cula con un rol ben\u00e9fico, cambia cuando se desata un c\u00e1ncer de mama, esta prote\u00edna puede llegar a ser un marcador de riesgo, un promotor de met\u00e1stasis y una se\u00f1al de alerta.<\/p>\n<p style=\"text-align: justify;\">\u201cCuando las mujeres tienen sus senos en un estado normal de lactancia, la prote\u00edna Lactadherina se encuentra en un nivel muy alto, lo mismo ocurre cuando se produce el crecimiento de n\u00f3dulos de alg\u00fan tumor de mama, es decir la abundante presencia de Lactadherina en mujeres que no est\u00e1n amamantando se ha considerado un importante marcador de tumorigenicidad, es decir la generaci\u00f3n de tumores, e incluso se ha descrito como marcador en otros tipos de c\u00e1nceres como el melanoma y de colon\u201d, explic\u00f3 la Dra. Lorena. (Referencia de publicaci\u00f3n cient\u00edfica del grupo Int J Mol Sci. 2022 Mar 31;23(7):3855. doi: 10.3390\/ijms23073855.)<\/p>\n<p style=\"text-align: justify;\">Posterior a este avance, los investigadores trabajaron en un proyecto junto al Laboratorio Thomas en la provincia de Coyhaique-Ays\u00e9n, donde estudiaron muestras de sangre de pacientes sanas y con c\u00e1ncer de mama desde 44 hasta 52 a\u00f1os de edad, obteniendo que las pacientes con c\u00e1ncer avanzado ten\u00edan mayor cantidad de Lactadherina.<\/p>\n<p style=\"text-align: justify;\"><strong>Este hallazgo puede prevenir una futura met\u00e1stasis <\/strong><\/p>\n<p style=\"text-align: justify;\">\u201cNosotros sabemos que todas las mujeres tienen el susto de cu\u00e1ndo podr\u00eda volver el tumor y sabemos que el seguimiento despu\u00e9s de una mastectom\u00eda parcial o radical, es por imagenolog\u00eda y que esta se va distanciando a trav\u00e9s del tiempo, iniciando un mes despu\u00e9s de la mastectom\u00eda, luego tres meses, luego cada seis meses, un a\u00f1o y hasta dos a\u00f1os, y podr\u00eda ocurrir que al a\u00f1o haya una recurrencia local y a los dos a\u00f1os haya una met\u00e1stasis, sin embargo se pierde mucho tiempo en evaluar imagen por imagen hasta que haya una masa cr\u00edtica que detectar\u201d, coment\u00f3 la doctora.<\/p>\n<p style=\"text-align: justify;\">La propuesta de los investigadores se basa, en que esos mismos controles reglamentarios se tome una muestra de sangre y se eval\u00fae la detecci\u00f3n de la prote\u00edna Lactadherina, \u201cpor ejemplo si en uno de los controles nosotros detectamos una marca positiva de esta prote\u00edna, no esperar\u00edamos al siguiente control, sino que de una vez esa paciente tendr\u00eda que hacerse un TAC o PEC\/CT para una inmediata detecci\u00f3n de d\u00f3nde podr\u00eda estar el foco metast\u00e1sico\u201d, dijo Lorena.<\/p>\n<p style=\"text-align: justify;\">Recientemente el equipo de investigadores gan\u00f3 un nuevo proyecto, que les permitir\u00e1 continuar con su trabajo y lograr mayores avances cient\u00edficos \u201cen esta nueva fase, nos toca investigar si la prote\u00edna Lactadherina presente en ves\u00edculas es capaz de \u201cablandar\u201d la estructura de los vasos sangu\u00edneos que nutren y oxigenan al tumor permiti\u00e9ndole a las c\u00e9lulas tumorales pasar al torrente sangu\u00edneo e invadir otros tejidos sanos: eso es Met\u00e1stasis\u201d, agreg\u00f3.<\/p>\n<p style=\"text-align: justify;\">Para finaliza la Dra. Lorena Lobos, invit\u00f3 a todas las mujeres a preocuparse y ocuparse ante cualquier percepci\u00f3n de anomal\u00eda en las mamas, el autocuidado nos puede salvar la vida.<\/p>\n<\/div><\/section><\/div><div  style='height:50px' class='hr hr-invisible   avia-builder-el-6  el_after_av_one_full  el_before_av_social_share '><span class='hr-inner ' ><span class='hr-inner-style'><\/span><\/span><\/div><\/p>\n<div  class='av-social-sharing-box  avia-builder-el-7  el_after_av_hr  el_before_av_hr  '><div class='av-share-box'><h5 class='av-share-link-description av-no-toc '>Compartir esta noticia<\/h5><ul class='av-share-box-list noLightbox'><li class='av-share-link av-social-link-facebook' ><a target=\"_blank\" aria-label=\"Compartir en Facebook\" href='https:\/\/www.facebook.com\/sharer.php?u=https:\/\/radiorevelacionfm.cl\/?p=23233&#038;t=Investigadora%20chilena%20busca%20detener%20la%20met%C3%A1stasis%20del%20c%C3%A1ncer%20de%20mama' aria-hidden='false' data-av_icon='\ue8f3' data-av_iconfont='entypo-fontello' title='' data-avia-related-tooltip='Compartir en Facebook' rel=\"noopener\"><span class='avia_hidden_link_text'>Compartir en Facebook<\/span><\/a><\/li><li class='av-share-link av-social-link-twitter' ><a target=\"_blank\" aria-label=\"Compartir en Twitter\" href='https:\/\/twitter.com\/share?text=Investigadora%20chilena%20busca%20detener%20la%20met%C3%A1stasis%20del%20c%C3%A1ncer%20de%20mama&#038;url=https:\/\/radiorevelacionfm.cl\/?p=23233' aria-hidden='false' data-av_icon='\ue8f1' data-av_iconfont='entypo-fontello' title='' data-avia-related-tooltip='Compartir en Twitter' rel=\"noopener\"><span class='avia_hidden_link_text'>Compartir en Twitter<\/span><\/a><\/li><li class='av-share-link av-social-link-whatsapp' ><a target=\"_blank\" aria-label=\"Compartir en Whatsapp\" href='https:\/\/api.whatsapp.com\/send?text=https:\/\/radiorevelacionfm.cl\/?p=23233' aria-hidden='false' data-av_icon='\uf232' data-av_iconfont='entypo-fontello' title='' data-avia-related-tooltip='Compartir en Whatsapp' rel=\"noopener\"><span class='avia_hidden_link_text'>Compartir en Whatsapp<\/span><\/a><\/li><li class='av-share-link av-social-link-linkedin' ><a target=\"_blank\" aria-label=\"Compartir en LinkedIn\" href='https:\/\/linkedin.com\/shareArticle?mini=true&#038;title=Investigadora%20chilena%20busca%20detener%20la%20met%C3%A1stasis%20del%20c%C3%A1ncer%20de%20mama&#038;url=https:\/\/radiorevelacionfm.cl\/?p=23233' aria-hidden='false' data-av_icon='\ue8fc' data-av_iconfont='entypo-fontello' title='' data-avia-related-tooltip='Compartir en LinkedIn' rel=\"noopener\"><span class='avia_hidden_link_text'>Compartir en LinkedIn<\/span><\/a><\/li><li class='av-share-link av-social-link-mail' ><a  aria-label=\"Compartir por correo\" href='mailto:?subject=Investigadora%20chilena%20busca%20detener%20la%20met%C3%A1stasis%20del%20c%C3%A1ncer%20de%20mama&#038;body=https:\/\/radiorevelacionfm.cl\/?p=23233' aria-hidden='false' data-av_icon='\ue805' data-av_iconfont='entypo-fontello' title='' data-avia-related-tooltip='Compartir por correo'><span class='avia_hidden_link_text'>Compartir por correo<\/span><\/a><\/li><\/ul><\/div><\/div>\n<div  style='height:50px' class='hr hr-invisible   avia-builder-el-8  el_after_av_social_share  el_before_av_comments_list '><span class='hr-inner ' ><span class='hr-inner-style'><\/span><\/span><\/div>\n<div  class='av-buildercomment  av-blog-meta-html-info-disabled av-blog-meta-tag-disabled  '><\/div>\n","protected":false},"excerpt":{"rendered":"","protected":false},"author":1,"featured_media":23234,"comment_status":"open","ping_status":"open","sticky":false,"template":"","format":"standard","meta":{"footnotes":""},"categories":[46],"tags":[],"class_list":["post-23233","post","type-post","status-publish","format-standard","has-post-thumbnail","hentry","category-salud"],"jetpack_featured_media_url":"https:\/\/radiorevelacionfm.cl\/wp-content\/uploads\/2022\/10\/37b14592-96da-4a2f-b849-a33da207ac03-1_optimized.jpg","_links":{"self":[{"href":"https:\/\/radiorevelacionfm.cl\/index.php?rest_route=\/wp\/v2\/posts\/23233","targetHints":{"allow":["GET"]}}],"collection":[{"href":"https:\/\/radiorevelacionfm.cl\/index.php?rest_route=\/wp\/v2\/posts"}],"about":[{"href":"https:\/\/radiorevelacionfm.cl\/index.php?rest_route=\/wp\/v2\/types\/post"}],"author":[{"embeddable":true,"href":"https:\/\/radiorevelacionfm.cl\/index.php?rest_route=\/wp\/v2\/users\/1"}],"replies":[{"embeddable":true,"href":"https:\/\/radiorevelacionfm.cl\/index.php?rest_route=%2Fwp%2Fv2%2Fcomments&post=23233"}],"version-history":[{"count":3,"href":"https:\/\/radiorevelacionfm.cl\/index.php?rest_route=\/wp\/v2\/posts\/23233\/revisions"}],"predecessor-version":[{"id":23793,"href":"https:\/\/radiorevelacionfm.cl\/index.php?rest_route=\/wp\/v2\/posts\/23233\/revisions\/23793"}],"wp:featuredmedia":[{"embeddable":true,"href":"https:\/\/radiorevelacionfm.cl\/index.php?rest_route=\/wp\/v2\/media\/23234"}],"wp:attachment":[{"href":"https:\/\/radiorevelacionfm.cl\/index.php?rest_route=%2Fwp%2Fv2%2Fmedia&parent=23233"}],"wp:term":[{"taxonomy":"category","embeddable":true,"href":"https:\/\/radiorevelacionfm.cl\/index.php?rest_route=%2Fwp%2Fv2%2Fcategories&post=23233"},{"taxonomy":"post_tag","embeddable":true,"href":"https:\/\/radiorevelacionfm.cl\/index.php?rest_route=%2Fwp%2Fv2%2Ftags&post=23233"}],"curies":[{"name":"wp","href":"https:\/\/api.w.org\/{rel}","templated":true}]}}