{"id":23228,"date":"2022-10-19T18:41:10","date_gmt":"2022-10-19T21:41:10","guid":{"rendered":"https:\/\/radiorevelacionfm.cl\/?p=23228"},"modified":"2022-10-19T18:41:10","modified_gmt":"2022-10-19T21:41:10","slug":"piden-a-nuevo-ministro-de-energia-buscar-un-mecanismo-para-disminuir-el-precio-de-la-electricidad-en-aysen","status":"publish","type":"post","link":"https:\/\/radiorevelacionfm.cl\/?p=23228","title":{"rendered":"Piden a nuevo Ministro de Energ\u00eda buscar un mecanismo para disminuir el precio de la electricidad en Ays\u00e9n"},"content":{"rendered":"<div class=\"flex_column av_one_full  flex_column_div av-zero-column-padding first  avia-builder-el-0  el_before_av_one_full  avia-builder-el-first  \" style='border-radius:0px; '><div  class='avia-image-container  av-styling-    avia-builder-el-1  avia-builder-el-no-sibling  avia-align-center '  itemprop=\"image\" itemscope=\"itemscope\" itemtype=\"https:\/\/schema.org\/ImageObject\"  ><div class='avia-image-container-inner'><div class='avia-image-overlay-wrap'><img decoding=\"async\" class='wp-image-23229 avia-img-lazy-loading-not-23229 avia_image' src=\"https:\/\/radiorevelacionfm.cl\/wp-content\/uploads\/2022\/10\/calisto-reu-ministro-1_optimized.jpeg\" alt='' title='calisto-reu-ministro-(1)_optimized' height=\"600\" width=\"900\"  itemprop=\"thumbnailUrl\" srcset=\"https:\/\/radiorevelacionfm.cl\/wp-content\/uploads\/2022\/10\/calisto-reu-ministro-1_optimized.jpeg 900w, https:\/\/radiorevelacionfm.cl\/wp-content\/uploads\/2022\/10\/calisto-reu-ministro-1_optimized-300x200.jpeg 300w, https:\/\/radiorevelacionfm.cl\/wp-content\/uploads\/2022\/10\/calisto-reu-ministro-1_optimized-768x512.jpeg 768w, https:\/\/radiorevelacionfm.cl\/wp-content\/uploads\/2022\/10\/calisto-reu-ministro-1_optimized-705x470.jpeg 705w, https:\/\/radiorevelacionfm.cl\/wp-content\/uploads\/2022\/10\/calisto-reu-ministro-1_optimized-600x400.jpeg 600w\" sizes=\"(max-width: 900px) 100vw, 900px\" \/><\/div><\/div><\/div><\/div><div class=\"flex_column av_one_full  flex_column_div av-zero-column-padding first  avia-builder-el-2  el_after_av_one_full  el_before_av_one_full  column-top-margin\" style='border-radius:0px; '><section class=\"av_textblock_section \"  itemscope=\"itemscope\" itemtype=\"https:\/\/schema.org\/BlogPosting\" itemprop=\"blogPost\" ><div class='avia_textblock  '   itemprop=\"text\" ><p style=\"text-align: center;\"><strong><span style=\"font-size: 18pt;\">Piden a nuevo Ministro de Energ\u00eda buscar un mecanismo para disminuir el precio de la electricidad en Ays\u00e9n <\/span><\/strong><\/p>\n<div id=\"gtx-trans\" style=\"position: absolute; left: -50px; top: 4.31534px;\">\n<div class=\"gtx-trans-icon\"><\/div>\n<\/div>\n<\/div><\/section><\/div><div class=\"flex_column av_one_full  flex_column_div av-zero-column-padding first  avia-builder-el-4  el_after_av_one_full  el_before_av_hr  column-top-margin\" style='border-radius:0px; '><section class=\"av_textblock_section \"  itemscope=\"itemscope\" itemtype=\"https:\/\/schema.org\/BlogPosting\" itemprop=\"blogPost\" ><div class='avia_textblock  '   itemprop=\"text\" ><p style=\"font-weight: 400; text-align: justify;\">El diputado Miguel \u00c1ngel Calisto se reuni\u00f3 en el Congreso con el nuevo Ministro de Energ\u00eda, Diego Pardow, a quien le plante\u00f3 la urgente necesidad de buscar un mecanismo que permita bajar los precios de la energ\u00eda el\u00e9ctrica, adem\u00e1s de solicitarle que el Gobierno tome acciones para no tener desabastecimiento de pellet el pr\u00f3ximo a\u00f1o.<\/p>\n<p style=\"font-weight: 400; text-align: justify;\">Seg\u00fan el diputado Calisto, \u201clamentablemente, nosotros todav\u00eda tenemos zonas en nuestra regi\u00f3n donde hay sistemas aislados de generaci\u00f3n el\u00e9ctrica, donde se paga muy caro el kilowatt hora, mientras que un Santiaguino paga mucho menos. Le transmitimos al ministro que en nuestro pa\u00eds se da la situaci\u00f3n que por vivir m\u00e1s lejos, el Estado te castiga, cuando debiese ser al rev\u00e9s\u201d.<\/p>\n<p style=\"font-weight: 400; text-align: justify;\">\u201cUna familia que vive en Islas Huichas, Melinka, Tortel, \u00a0Toto, Villa O\u00b4Higgins o Guadal, debiese pagar menos, porque est\u00e1 haciendo patria en sectores aislados, versus quien vive en zonas urbanas como Santiago, Valpara\u00edso o Concepci\u00f3n. El Gobierno qued\u00f3 de estudiar esta situaci\u00f3n, de tal forma que tengamos un mecanismo compensatorio\u201d, indic\u00f3.<\/p>\n<p style=\"font-weight: 400; text-align: justify;\">El legislador se\u00f1al\u00f3 que \u201ctambi\u00e9n hemos denunciado que las empresas que tienen una concesi\u00f3n en un territorio como en el caso de Ays\u00e9n, no es posible que sea el Gobierno Regional tenga que pagar las transmisiones y tendidos. Es la propia empresa la que debe garantizar llegar a todos los rincones donde hay poblaci\u00f3n\u201d.<\/p>\n<p style=\"font-weight: 400; text-align: justify;\"><strong>Pellet y Precio del Gas<\/strong><\/p>\n<p style=\"font-weight: 400; text-align: justify;\">Con respecto a la crisis del pellet que se vivi\u00f3 este a\u00f1o en Coyhaique, el diputado le se\u00f1al\u00f3 que \u201cle planteamos la necesidad que tenemos en Ays\u00e9n para anticiparnos a los problemas que tuvimos este invierno. No es posible que tengamos que hacer filas enormes para conseguir una bolsa de pellet. El Gobierno se comprometi\u00f3, a trav\u00e9s de Ministro a prever esa situaci\u00f3n y prepararse para que el pr\u00f3ximo a\u00f1o en las fechas en que tengamos bajas temperaturas, estemos m\u00e1s preparados y evitemos los problemas que tuvimos esta temporada\u201d.<\/p>\n<p style=\"font-weight: 400; text-align: justify;\">\u201cTambi\u00e9n le planteamos la inquietud respecto a los altos precios del gas. Ya denunciamos p\u00fablicamente la eventual colusi\u00f3n de las empresas de gas en Chile. Gracias a esa insistencia, el Gobierno present\u00f3 tres proyectos de ley, uno de los cuales se va a aprobar prontamente en el Congreso, pero a\u00fan nos queda mucho por avanzar para poder tener un gas a precio m\u00e1s justo\u201d, indic\u00f3.<\/p>\n<p style=\"font-weight: 400; text-align: justify;\">Finalmente, Miguel \u00c1ngel Calisto indic\u00f3 que \u201chay cuestiones que son de fondo que tenemos que corregir y que le planteamos al Ministro. Yo espero que este Gobierno, que se jacta de ser de izquierda o de centro izquierda, realmente haga las transformaciones, porque s\u00f3lo hemos visto acciones decorativas que ya hicieron los gobiernos anteriores, pero con una incertidumbre econ\u00f3mica e inestabilidad\u201d.<\/p>\n<\/div><\/section><\/div><div  style='height:50px' class='hr hr-invisible   avia-builder-el-6  el_after_av_one_full  el_before_av_social_share '><span class='hr-inner ' ><span class='hr-inner-style'><\/span><\/span><\/div><\/p>\n<div  class='av-social-sharing-box  avia-builder-el-7  el_after_av_hr  el_before_av_hr  '><div class='av-share-box'><h5 class='av-share-link-description av-no-toc '>Compartir esta noticia<\/h5><ul class='av-share-box-list noLightbox'><li class='av-share-link av-social-link-facebook' ><a target=\"_blank\" aria-label=\"Compartir en Facebook\" href='https:\/\/www.facebook.com\/sharer.php?u=https:\/\/radiorevelacionfm.cl\/?p=23228&#038;t=Piden%20a%20nuevo%20Ministro%20de%20Energ%C3%ADa%20buscar%20un%20mecanismo%20para%20disminuir%20el%20precio%20de%20la%20electricidad%20en%20Ays%C3%A9n' aria-hidden='false' data-av_icon='\ue8f3' data-av_iconfont='entypo-fontello' title='' data-avia-related-tooltip='Compartir en Facebook' rel=\"noopener\"><span class='avia_hidden_link_text'>Compartir en Facebook<\/span><\/a><\/li><li class='av-share-link av-social-link-twitter' ><a target=\"_blank\" aria-label=\"Compartir en Twitter\" href='https:\/\/twitter.com\/share?text=Piden%20a%20nuevo%20Ministro%20de%20Energ%C3%ADa%20buscar%20un%20mecanismo%20para%20disminuir%20el%20precio%20de%20la%20electricidad%20en%20Ays%C3%A9n&#038;url=https:\/\/radiorevelacionfm.cl\/?p=23228' aria-hidden='false' data-av_icon='\ue8f1' data-av_iconfont='entypo-fontello' title='' data-avia-related-tooltip='Compartir en Twitter' rel=\"noopener\"><span class='avia_hidden_link_text'>Compartir en Twitter<\/span><\/a><\/li><li class='av-share-link av-social-link-whatsapp' ><a target=\"_blank\" aria-label=\"Compartir en Whatsapp\" href='https:\/\/api.whatsapp.com\/send?text=https:\/\/radiorevelacionfm.cl\/?p=23228' aria-hidden='false' data-av_icon='\uf232' data-av_iconfont='entypo-fontello' title='' data-avia-related-tooltip='Compartir en Whatsapp' rel=\"noopener\"><span class='avia_hidden_link_text'>Compartir en Whatsapp<\/span><\/a><\/li><li class='av-share-link av-social-link-linkedin' ><a target=\"_blank\" aria-label=\"Compartir en LinkedIn\" href='https:\/\/linkedin.com\/shareArticle?mini=true&#038;title=Piden%20a%20nuevo%20Ministro%20de%20Energ%C3%ADa%20buscar%20un%20mecanismo%20para%20disminuir%20el%20precio%20de%20la%20electricidad%20en%20Ays%C3%A9n&#038;url=https:\/\/radiorevelacionfm.cl\/?p=23228' aria-hidden='false' data-av_icon='\ue8fc' data-av_iconfont='entypo-fontello' title='' data-avia-related-tooltip='Compartir en LinkedIn' rel=\"noopener\"><span class='avia_hidden_link_text'>Compartir en LinkedIn<\/span><\/a><\/li><li class='av-share-link av-social-link-mail' ><a  aria-label=\"Compartir por correo\" href='mailto:?subject=Piden%20a%20nuevo%20Ministro%20de%20Energ%C3%ADa%20buscar%20un%20mecanismo%20para%20disminuir%20el%20precio%20de%20la%20electricidad%20en%20Ays%C3%A9n&#038;body=https:\/\/radiorevelacionfm.cl\/?p=23228' aria-hidden='false' data-av_icon='\ue805' data-av_iconfont='entypo-fontello' title='' data-avia-related-tooltip='Compartir por correo'><span class='avia_hidden_link_text'>Compartir por correo<\/span><\/a><\/li><\/ul><\/div><\/div>\n<div  style='height:50px' class='hr hr-invisible   avia-builder-el-8  el_after_av_social_share  el_before_av_comments_list '><span class='hr-inner ' ><span class='hr-inner-style'><\/span><\/span><\/div>\n<div  class='av-buildercomment  av-blog-meta-html-info-disabled av-blog-meta-tag-disabled  '><\/div>\n","protected":false},"excerpt":{"rendered":"","protected":false},"author":1,"featured_media":23229,"comment_status":"open","ping_status":"open","sticky":false,"template":"","format":"standard","meta":{"footnotes":""},"categories":[35],"tags":[],"class_list":["post-23228","post","type-post","status-publish","format-standard","has-post-thumbnail","hentry","category-politica"],"jetpack_featured_media_url":"https:\/\/radiorevelacionfm.cl\/wp-content\/uploads\/2022\/10\/calisto-reu-ministro-1_optimized.jpeg","_links":{"self":[{"href":"https:\/\/radiorevelacionfm.cl\/index.php?rest_route=\/wp\/v2\/posts\/23228","targetHints":{"allow":["GET"]}}],"collection":[{"href":"https:\/\/radiorevelacionfm.cl\/index.php?rest_route=\/wp\/v2\/posts"}],"about":[{"href":"https:\/\/radiorevelacionfm.cl\/index.php?rest_route=\/wp\/v2\/types\/post"}],"author":[{"embeddable":true,"href":"https:\/\/radiorevelacionfm.cl\/index.php?rest_route=\/wp\/v2\/users\/1"}],"replies":[{"embeddable":true,"href":"https:\/\/radiorevelacionfm.cl\/index.php?rest_route=%2Fwp%2Fv2%2Fcomments&post=23228"}],"version-history":[{"count":2,"href":"https:\/\/radiorevelacionfm.cl\/index.php?rest_route=\/wp\/v2\/posts\/23228\/revisions"}],"predecessor-version":[{"id":23232,"href":"https:\/\/radiorevelacionfm.cl\/index.php?rest_route=\/wp\/v2\/posts\/23228\/revisions\/23232"}],"wp:featuredmedia":[{"embeddable":true,"href":"https:\/\/radiorevelacionfm.cl\/index.php?rest_route=\/wp\/v2\/media\/23229"}],"wp:attachment":[{"href":"https:\/\/radiorevelacionfm.cl\/index.php?rest_route=%2Fwp%2Fv2%2Fmedia&parent=23228"}],"wp:term":[{"taxonomy":"category","embeddable":true,"href":"https:\/\/radiorevelacionfm.cl\/index.php?rest_route=%2Fwp%2Fv2%2Fcategories&post=23228"},{"taxonomy":"post_tag","embeddable":true,"href":"https:\/\/radiorevelacionfm.cl\/index.php?rest_route=%2Fwp%2Fv2%2Ftags&post=23228"}],"curies":[{"name":"wp","href":"https:\/\/api.w.org\/{rel}","templated":true}]}}