{"id":23222,"date":"2022-10-19T16:35:18","date_gmt":"2022-10-19T19:35:18","guid":{"rendered":"https:\/\/radiorevelacionfm.cl\/?p=23222"},"modified":"2022-10-19T16:35:18","modified_gmt":"2022-10-19T19:35:18","slug":"emprendedores-as-de-sectores-rurales-de-coyhaique-desarrollan-sus-negocios-con-apoyo-del-fosis","status":"publish","type":"post","link":"https:\/\/radiorevelacionfm.cl\/?p=23222","title":{"rendered":"Emprendedores\/as de sectores rurales de Coyhaique desarrollan sus negocios con apoyo del FOSIS"},"content":{"rendered":"<div class=\"flex_column av_one_full  flex_column_div av-zero-column-padding first  avia-builder-el-0  el_before_av_one_full  avia-builder-el-first  \" style='border-radius:0px; '><div  class='avia-image-container  av-styling-    avia-builder-el-1  avia-builder-el-no-sibling  avia-align-center '  itemprop=\"image\" itemscope=\"itemscope\" itemtype=\"https:\/\/schema.org\/ImageObject\"  ><div class='avia-image-container-inner'><div class='avia-image-overlay-wrap'><img decoding=\"async\" class='wp-image-23223 avia-img-lazy-loading-not-23223 avia_image' src=\"https:\/\/radiorevelacionfm.cl\/wp-content\/uploads\/2022\/10\/1villaortega-1_optimized-1.jpg\" alt='' title='1villaortega-(1)_optimized (1)' height=\"600\" width=\"1143\"  itemprop=\"thumbnailUrl\" srcset=\"https:\/\/radiorevelacionfm.cl\/wp-content\/uploads\/2022\/10\/1villaortega-1_optimized-1.jpg 1143w, https:\/\/radiorevelacionfm.cl\/wp-content\/uploads\/2022\/10\/1villaortega-1_optimized-1-300x157.jpg 300w, https:\/\/radiorevelacionfm.cl\/wp-content\/uploads\/2022\/10\/1villaortega-1_optimized-1-1030x541.jpg 1030w, https:\/\/radiorevelacionfm.cl\/wp-content\/uploads\/2022\/10\/1villaortega-1_optimized-1-768x403.jpg 768w, https:\/\/radiorevelacionfm.cl\/wp-content\/uploads\/2022\/10\/1villaortega-1_optimized-1-705x370.jpg 705w, https:\/\/radiorevelacionfm.cl\/wp-content\/uploads\/2022\/10\/1villaortega-1_optimized-1-600x315.jpg 600w\" sizes=\"(max-width: 1143px) 100vw, 1143px\" \/><\/div><\/div><\/div><\/div><div class=\"flex_column av_one_full  flex_column_div av-zero-column-padding first  avia-builder-el-2  el_after_av_one_full  el_before_av_one_full  column-top-margin\" style='border-radius:0px; '><section class=\"av_textblock_section \"  itemscope=\"itemscope\" itemtype=\"https:\/\/schema.org\/BlogPosting\" itemprop=\"blogPost\" ><div class='avia_textblock  '   itemprop=\"text\" ><p style=\"text-align: center;\"><span style=\"font-size: 18pt;\"><strong>Emprendedores\/as de sectores rurales de Coyhaique desarrollan sus negocios con apoyo del FOSIS<\/strong><\/span><\/p>\n<div id=\"gtx-trans\" style=\"position: absolute; left: -50px; top: 4.31534px;\">\n<div class=\"gtx-trans-icon\"><\/div>\n<\/div>\n<\/div><\/section><\/div><div class=\"flex_column av_one_full  flex_column_div av-zero-column-padding first  avia-builder-el-4  el_after_av_one_full  el_before_av_hr  column-top-margin\" style='border-radius:0px; '><section class=\"av_textblock_section \"  itemscope=\"itemscope\" itemtype=\"https:\/\/schema.org\/BlogPosting\" itemprop=\"blogPost\" ><div class='avia_textblock  '   itemprop=\"text\" ><p style=\"text-align: justify;\">Hasta Villa Ortega lleg\u00f3 la Directora Regional del Fondo de Solidaridad e Inversi\u00f3n Social (FOSIS), Fernanda Leiva, para compartir y conocer de cerca los emprendimientos que buscan desarrollar los usuarios y usuarias del programa Emprendamos, ejecutado en sectores rurales de la zona norte de la comuna de Coyhaique, donde participan personas de Villa Ortega, Alto Baguales, Villa \u00d1irehuao, Arroyo el Gato, El Richard y Alto Ma\u00f1ihuales.<\/p>\n<p style=\"text-align: justify;\">La presentaci\u00f3n de planes de negocio se llev\u00f3 a cabo en la Sede de la Junta de Vecinos de Villa Ortega, donde los emprendedores y emprendedoras expusieron los negocios que est\u00e1n desarrollando y buscan potenciar, los rubros en los que trabajan y las herramientas, maquinaria o insumos que necesitan financiar con los recursos que entrega el programa Emprendamos.<\/p>\n<p style=\"text-align: justify;\">Cristian Gir\u00f3n es emprendedor de <em>El Carpintero Negro Patagonia<\/em>, vive en Alto Baguales, se dedica a la artesan\u00eda en maderas nativas y valor\u00f3 positivamente la intervenci\u00f3n del programa Emprendamos en que participa. \u201cLa ayuda es muy buena porque b\u00e1sicamente uno andaba fuera de foco en los gatos e insumos, est\u00e1bamos trabajando sin muchas ganancias, ahora uno se da cuenta lo que tiene que cobrar. Estamos terminando la presentaci\u00f3n y cada uno dimos a conocer los productos que hacemos y en realidad fue s\u00faper bueno el curso. Hace tres a\u00f1os que estoy trabajando como artesano, pero la maquinaria la tengo desde hace cinco a\u00f1os, por lo que quiero hacer renovaci\u00f3n de las herramientas para optimizar m\u00e1s los tiempos.\u201d<\/p>\n<p style=\"text-align: justify;\">Fernanda Leiva, Directora Regional del FOSIS, asegur\u00f3 que \u00abquisimos acompa\u00f1ar a nuestros emprendedores y emprendedoras del sector rural norte de la comuna de Coyhaique en su presentaci\u00f3n de planes de negocio, ya que sabemos que es un momento importante en el cual exponen frente a sus pares, el organismo ejecutor y FOSIS; su negocio y en lo que van a invertir los recursos que entrega el programa Emprendamos. Para el FOSIS es de gran relevancia poder atender no s\u00f3lo a quienes desarrollan negocios en las zonas urbanas, sabemos que las familias que viven en sectores rurales muchas veces necesitan una mayor presencia del Estado y este llamado es atendido por nuestro Servicio, entregando apoyo con capacitaci\u00f3n, asesor\u00eda y financiamiento para el desarrollo de actividades productivas, que les permiten a nuestros usuarios y usuarias aumentar su generaci\u00f3n de recursos, junto con entregar productos o servicios requeridos por su comunidad.\u00bb<\/p>\n<p style=\"text-align: justify;\">El programa Emprendamos Semilla entrega capacitaci\u00f3n, asesor\u00eda t\u00e9cnica y un plan de financiamiento para fortalecer y desarrollar la iniciativa de negocio, permitiendo aumentar la generaci\u00f3n de ingresos y mejorar la calidad de vida de las personas que participan.<\/p>\n<\/div><\/section><\/div><div  style='height:50px' class='hr hr-invisible   avia-builder-el-6  el_after_av_one_full  el_before_av_social_share '><span class='hr-inner ' ><span class='hr-inner-style'><\/span><\/span><\/div><\/p>\n<div  class='av-social-sharing-box  avia-builder-el-7  el_after_av_hr  el_before_av_hr  '><div class='av-share-box'><h5 class='av-share-link-description av-no-toc '>Compartir esta noticia<\/h5><ul class='av-share-box-list noLightbox'><li class='av-share-link av-social-link-facebook' ><a target=\"_blank\" aria-label=\"Compartir en Facebook\" href='https:\/\/www.facebook.com\/sharer.php?u=https:\/\/radiorevelacionfm.cl\/?p=23222&#038;t=Emprendedores%2Fas%20de%20sectores%20rurales%20de%20Coyhaique%20desarrollan%20sus%20negocios%20con%20apoyo%20del%20FOSIS' aria-hidden='false' data-av_icon='\ue8f3' data-av_iconfont='entypo-fontello' title='' data-avia-related-tooltip='Compartir en Facebook' rel=\"noopener\"><span class='avia_hidden_link_text'>Compartir en Facebook<\/span><\/a><\/li><li class='av-share-link av-social-link-twitter' ><a target=\"_blank\" aria-label=\"Compartir en Twitter\" href='https:\/\/twitter.com\/share?text=Emprendedores%2Fas%20de%20sectores%20rurales%20de%20Coyhaique%20desarrollan%20sus%20negocios%20con%20apoyo%20del%20FOSIS&#038;url=https:\/\/radiorevelacionfm.cl\/?p=23222' aria-hidden='false' data-av_icon='\ue8f1' data-av_iconfont='entypo-fontello' title='' data-avia-related-tooltip='Compartir en Twitter' rel=\"noopener\"><span class='avia_hidden_link_text'>Compartir en Twitter<\/span><\/a><\/li><li class='av-share-link av-social-link-whatsapp' ><a target=\"_blank\" aria-label=\"Compartir en Whatsapp\" href='https:\/\/api.whatsapp.com\/send?text=https:\/\/radiorevelacionfm.cl\/?p=23222' aria-hidden='false' data-av_icon='\uf232' data-av_iconfont='entypo-fontello' title='' data-avia-related-tooltip='Compartir en Whatsapp' rel=\"noopener\"><span class='avia_hidden_link_text'>Compartir en Whatsapp<\/span><\/a><\/li><li class='av-share-link av-social-link-linkedin' ><a target=\"_blank\" aria-label=\"Compartir en LinkedIn\" href='https:\/\/linkedin.com\/shareArticle?mini=true&#038;title=Emprendedores%2Fas%20de%20sectores%20rurales%20de%20Coyhaique%20desarrollan%20sus%20negocios%20con%20apoyo%20del%20FOSIS&#038;url=https:\/\/radiorevelacionfm.cl\/?p=23222' aria-hidden='false' data-av_icon='\ue8fc' data-av_iconfont='entypo-fontello' title='' data-avia-related-tooltip='Compartir en LinkedIn' rel=\"noopener\"><span class='avia_hidden_link_text'>Compartir en LinkedIn<\/span><\/a><\/li><li class='av-share-link av-social-link-mail' ><a  aria-label=\"Compartir por correo\" href='mailto:?subject=Emprendedores%2Fas%20de%20sectores%20rurales%20de%20Coyhaique%20desarrollan%20sus%20negocios%20con%20apoyo%20del%20FOSIS&#038;body=https:\/\/radiorevelacionfm.cl\/?p=23222' aria-hidden='false' data-av_icon='\ue805' data-av_iconfont='entypo-fontello' title='' data-avia-related-tooltip='Compartir por correo'><span class='avia_hidden_link_text'>Compartir por correo<\/span><\/a><\/li><\/ul><\/div><\/div>\n<div  style='height:50px' class='hr hr-invisible   avia-builder-el-8  el_after_av_social_share  el_before_av_comments_list '><span class='hr-inner ' ><span class='hr-inner-style'><\/span><\/span><\/div>\n<div  class='av-buildercomment  av-blog-meta-html-info-disabled av-blog-meta-tag-disabled  '><\/div>\n","protected":false},"excerpt":{"rendered":"","protected":false},"author":1,"featured_media":23223,"comment_status":"open","ping_status":"open","sticky":false,"template":"","format":"standard","meta":{"footnotes":""},"categories":[38],"tags":[],"class_list":["post-23222","post","type-post","status-publish","format-standard","has-post-thumbnail","hentry","category-regional"],"jetpack_featured_media_url":"https:\/\/radiorevelacionfm.cl\/wp-content\/uploads\/2022\/10\/1villaortega-1_optimized-1.jpg","_links":{"self":[{"href":"https:\/\/radiorevelacionfm.cl\/index.php?rest_route=\/wp\/v2\/posts\/23222","targetHints":{"allow":["GET"]}}],"collection":[{"href":"https:\/\/radiorevelacionfm.cl\/index.php?rest_route=\/wp\/v2\/posts"}],"about":[{"href":"https:\/\/radiorevelacionfm.cl\/index.php?rest_route=\/wp\/v2\/types\/post"}],"author":[{"embeddable":true,"href":"https:\/\/radiorevelacionfm.cl\/index.php?rest_route=\/wp\/v2\/users\/1"}],"replies":[{"embeddable":true,"href":"https:\/\/radiorevelacionfm.cl\/index.php?rest_route=%2Fwp%2Fv2%2Fcomments&post=23222"}],"version-history":[{"count":2,"href":"https:\/\/radiorevelacionfm.cl\/index.php?rest_route=\/wp\/v2\/posts\/23222\/revisions"}],"predecessor-version":[{"id":23225,"href":"https:\/\/radiorevelacionfm.cl\/index.php?rest_route=\/wp\/v2\/posts\/23222\/revisions\/23225"}],"wp:featuredmedia":[{"embeddable":true,"href":"https:\/\/radiorevelacionfm.cl\/index.php?rest_route=\/wp\/v2\/media\/23223"}],"wp:attachment":[{"href":"https:\/\/radiorevelacionfm.cl\/index.php?rest_route=%2Fwp%2Fv2%2Fmedia&parent=23222"}],"wp:term":[{"taxonomy":"category","embeddable":true,"href":"https:\/\/radiorevelacionfm.cl\/index.php?rest_route=%2Fwp%2Fv2%2Fcategories&post=23222"},{"taxonomy":"post_tag","embeddable":true,"href":"https:\/\/radiorevelacionfm.cl\/index.php?rest_route=%2Fwp%2Fv2%2Ftags&post=23222"}],"curies":[{"name":"wp","href":"https:\/\/api.w.org\/{rel}","templated":true}]}}