{"id":2322,"date":"2021-02-02T18:10:53","date_gmt":"2021-02-02T21:10:53","guid":{"rendered":"https:\/\/radiorevelacionfm.cl\/?p=2322"},"modified":"2021-02-02T19:54:18","modified_gmt":"2021-02-02T22:54:18","slug":"comprometen-entrega-de-vivienda-de-emergencia-a-adultos-mayores-que-viven-en-un-cerro-de-puerto-aysen","status":"publish","type":"post","link":"https:\/\/radiorevelacionfm.cl\/?p=2322","title":{"rendered":"Comprometen entrega de vivienda de emergencia a adultos mayores que viven en un cerro de Puerto Ays\u00e9n"},"content":{"rendered":"<div class=\"flex_column av_one_full  flex_column_div av-zero-column-padding first  avia-builder-el-0  el_before_av_one_full  avia-builder-el-first  \" style='border-radius:0px; '><div  class='avia-image-container  av-styling-    avia-builder-el-1  avia-builder-el-no-sibling  avia-align-center '  itemprop=\"image\" itemscope=\"itemscope\" itemtype=\"https:\/\/schema.org\/ImageObject\"  ><div class='avia-image-container-inner'><div class='avia-image-overlay-wrap'><img decoding=\"async\" class='wp-image-0 avia-img-lazy-loading-not-0 avia_image' src=\"https:\/\/radiorevelacionfm.cl\/wp-content\/uploads\/2021\/02\/2-aysen-1.png\" alt='' title=''   itemprop=\"thumbnailUrl\"  \/><\/div><\/div><\/div><\/div><div class=\"flex_column av_one_full  flex_column_div av-zero-column-padding first  avia-builder-el-2  el_after_av_one_full  el_before_av_one_full  column-top-margin\" style='border-radius:0px; '><section class=\"av_textblock_section \"  itemscope=\"itemscope\" itemtype=\"https:\/\/schema.org\/BlogPosting\" itemprop=\"blogPost\" ><div class='avia_textblock  '   itemprop=\"text\" ><p style=\"text-align: center;\"><span style=\"font-size: 18pt;\"><strong>Comprometen entrega de vivienda de emergencia a adultos mayores que viven en un cerro de Puerto Ays\u00e9n<\/strong><\/span><\/p>\n<div id=\"gtx-trans\" style=\"position: absolute; left: -50px; top: 4.31534px;\">\n<div class=\"gtx-trans-icon\"><\/div>\n<\/div>\n<\/div><\/section><\/div><\/p>\n<div class=\"flex_column av_one_full  flex_column_div av-zero-column-padding first  avia-builder-el-4  el_after_av_one_full  el_before_av_hr  column-top-margin\" style='border-radius:0px; '><section class=\"av_textblock_section \"  itemscope=\"itemscope\" itemtype=\"https:\/\/schema.org\/BlogPosting\" itemprop=\"blogPost\" ><div class='avia_textblock  '   itemprop=\"text\" ><p style=\"text-align: justify;\">Gobernador Manuel Ortiz y Presidente del CORE Sergio Gonz\u00e1lez se reunieron con familiares el pasado domingo.<\/p>\n<p style=\"text-align: justify;\">Hilda Maripill\u00e1n y Alfredo Chodil son una pareja de adultos mayores que han vivido por muchos a\u00f1os literalmente arriba de un cerro, ubicado en el sector rural en Valle Pangal Alto de Puerto Ays\u00e9n. Ellos son una pareja esforzada que cotidianamente hacen su trayecto de casi 900 metros a caballo y en constante riesgo al no tener un camino habilitado para su traslado.<\/p>\n<p style=\"text-align: justify;\">El Gobernador de la provincia Manuel Ortiz en una visita que hiciera hace algunos meses en las alturas donde est\u00e1 ubicada la actual vivienda conoci\u00f3 la manera de vivir de estos dos adultos mayores, al ver las precarias condiciones de habitabilidad se coordin\u00f3 con instituciones para poder otorgarles un mejor lugar donde puedan vivir.<\/p>\n<p style=\"text-align: justify;\">Macarena D\u00edaz nieta de los adultos mayores tras conversar con las autoridades manifestaba su tranquilidad por el compromiso asumido por el Gobernador Manuel Ortiz \u201cla verdad que ahora un poco m\u00e1s tranquila por el asunto de la casa, ya quedamos con una fecha estipulada que no puede pasar m\u00e1s all\u00e1 de marzo y como familia tambi\u00e9n nos comprometimos a hacer todo el tema de papeles para que no nos encontremos con ning\u00fan imprevisto al momento que comiencen a realizarse los trabajos\u201d.<\/p>\n<p style=\"text-align: justify;\">El Presidente del CORE Sergio Gonz\u00e1lez acompa\u00f1\u00f3 al Gobernador a esta reuni\u00f3n en terreno qui\u00e9n valor\u00f3 este encuentro \u201cla verdad que hab\u00edamos comprometido en la \u00faltima reuni\u00f3n que tuvimos con autoridades y obviamente con familiares el compromiso de poder venir ac\u00e1 a este sector y poder conversar con los familiares que de alguna forma ellos han planteado una forma distinta de llevar la vivienda de emergencia hasta el lugar donde vive la se\u00f1ora Hilda y su marido\u201d.<\/p>\n<p style=\"text-align: justify;\">Finalmente Manuel Ortiz Gobernador afirmaba que los compromisos asumidos est\u00e1n para cumplirse y esta vez no ser\u00e1 la excepci\u00f3n \u201ccomo gobierno siempre lo hemos dicho los compromisos nuestros se tienen que cumplir y se deben cumplir porque esa es la instrucci\u00f3n que tenemos del Presidente de la Rep\u00fablica, hemos vivido un a\u00f1o distinto en Chile que por algunas y diferentes razones se han postergado algunas situaciones tan excepcionales como es la de la se\u00f1ora Hilda y su esposo, por lo tanto el compromiso de nosotros de tenerle su casita est\u00e1, ya la tenemos, en conjunto con CONAF se trabaj\u00f3 y ahora tenemos que llevarla hasta donde ellos viven (800 metros de altura) donde tenemos que coordinar para poder cumplir en el pr\u00f3ximo mes de marzo\u201d.<\/p>\n<\/div><\/section><\/div>\n<div  style='height:50px' class='hr hr-invisible   avia-builder-el-6  el_after_av_one_full  el_before_av_social_share '><span class='hr-inner ' ><span class='hr-inner-style'><\/span><\/span><\/div>\n<div  class='av-social-sharing-box  avia-builder-el-7  el_after_av_hr  el_before_av_hr  '><div class='av-share-box'><h5 class='av-share-link-description av-no-toc '>Compartir esta noticia<\/h5><ul class='av-share-box-list noLightbox'><li class='av-share-link av-social-link-facebook' ><a target=\"_blank\" aria-label=\"Compartir en Facebook\" href='https:\/\/www.facebook.com\/sharer.php?u=https:\/\/radiorevelacionfm.cl\/?p=2322&#038;t=Comprometen%20entrega%20de%20vivienda%20de%20emergencia%20a%20adultos%20mayores%20que%20viven%20en%20un%20cerro%20de%20Puerto%20Ays%C3%A9n' aria-hidden='false' data-av_icon='\ue8f3' data-av_iconfont='entypo-fontello' title='' data-avia-related-tooltip='Compartir en Facebook' rel=\"noopener\"><span class='avia_hidden_link_text'>Compartir en Facebook<\/span><\/a><\/li><li class='av-share-link av-social-link-twitter' ><a target=\"_blank\" aria-label=\"Compartir en Twitter\" href='https:\/\/twitter.com\/share?text=Comprometen%20entrega%20de%20vivienda%20de%20emergencia%20a%20adultos%20mayores%20que%20viven%20en%20un%20cerro%20de%20Puerto%20Ays%C3%A9n&#038;url=https:\/\/radiorevelacionfm.cl\/?p=2322' aria-hidden='false' data-av_icon='\ue8f1' data-av_iconfont='entypo-fontello' title='' data-avia-related-tooltip='Compartir en Twitter' rel=\"noopener\"><span class='avia_hidden_link_text'>Compartir en Twitter<\/span><\/a><\/li><li class='av-share-link av-social-link-whatsapp' ><a target=\"_blank\" aria-label=\"Compartir en Whatsapp\" href='https:\/\/api.whatsapp.com\/send?text=https:\/\/radiorevelacionfm.cl\/?p=2322' aria-hidden='false' data-av_icon='\uf232' data-av_iconfont='entypo-fontello' title='' data-avia-related-tooltip='Compartir en Whatsapp' rel=\"noopener\"><span class='avia_hidden_link_text'>Compartir en Whatsapp<\/span><\/a><\/li><li class='av-share-link av-social-link-linkedin' ><a target=\"_blank\" aria-label=\"Compartir en LinkedIn\" href='https:\/\/linkedin.com\/shareArticle?mini=true&#038;title=Comprometen%20entrega%20de%20vivienda%20de%20emergencia%20a%20adultos%20mayores%20que%20viven%20en%20un%20cerro%20de%20Puerto%20Ays%C3%A9n&#038;url=https:\/\/radiorevelacionfm.cl\/?p=2322' aria-hidden='false' data-av_icon='\ue8fc' data-av_iconfont='entypo-fontello' title='' data-avia-related-tooltip='Compartir en LinkedIn' rel=\"noopener\"><span class='avia_hidden_link_text'>Compartir en LinkedIn<\/span><\/a><\/li><li class='av-share-link av-social-link-mail' ><a  aria-label=\"Compartir por correo\" href='mailto:?subject=Comprometen%20entrega%20de%20vivienda%20de%20emergencia%20a%20adultos%20mayores%20que%20viven%20en%20un%20cerro%20de%20Puerto%20Ays%C3%A9n&#038;body=https:\/\/radiorevelacionfm.cl\/?p=2322' aria-hidden='false' data-av_icon='\ue805' data-av_iconfont='entypo-fontello' title='' data-avia-related-tooltip='Compartir por correo'><span class='avia_hidden_link_text'>Compartir por correo<\/span><\/a><\/li><\/ul><\/div><\/div>\n<div  style='height:50px' class='hr hr-invisible   avia-builder-el-8  el_after_av_social_share  el_before_av_comments_list '><span class='hr-inner ' ><span class='hr-inner-style'><\/span><\/span><\/div>\n<div  class='av-buildercomment  av-blog-meta-html-info-disabled av-blog-meta-tag-disabled  '><\/div>\n","protected":false},"excerpt":{"rendered":"","protected":false},"author":1,"featured_media":0,"comment_status":"open","ping_status":"open","sticky":false,"template":"","format":"standard","meta":{"footnotes":""},"categories":[38],"tags":[],"class_list":["post-2322","post","type-post","status-publish","format-standard","hentry","category-regional"],"jetpack_featured_media_url":"","_links":{"self":[{"href":"https:\/\/radiorevelacionfm.cl\/index.php?rest_route=\/wp\/v2\/posts\/2322","targetHints":{"allow":["GET"]}}],"collection":[{"href":"https:\/\/radiorevelacionfm.cl\/index.php?rest_route=\/wp\/v2\/posts"}],"about":[{"href":"https:\/\/radiorevelacionfm.cl\/index.php?rest_route=\/wp\/v2\/types\/post"}],"author":[{"embeddable":true,"href":"https:\/\/radiorevelacionfm.cl\/index.php?rest_route=\/wp\/v2\/users\/1"}],"replies":[{"embeddable":true,"href":"https:\/\/radiorevelacionfm.cl\/index.php?rest_route=%2Fwp%2Fv2%2Fcomments&post=2322"}],"version-history":[{"count":3,"href":"https:\/\/radiorevelacionfm.cl\/index.php?rest_route=\/wp\/v2\/posts\/2322\/revisions"}],"predecessor-version":[{"id":2336,"href":"https:\/\/radiorevelacionfm.cl\/index.php?rest_route=\/wp\/v2\/posts\/2322\/revisions\/2336"}],"wp:attachment":[{"href":"https:\/\/radiorevelacionfm.cl\/index.php?rest_route=%2Fwp%2Fv2%2Fmedia&parent=2322"}],"wp:term":[{"taxonomy":"category","embeddable":true,"href":"https:\/\/radiorevelacionfm.cl\/index.php?rest_route=%2Fwp%2Fv2%2Fcategories&post=2322"},{"taxonomy":"post_tag","embeddable":true,"href":"https:\/\/radiorevelacionfm.cl\/index.php?rest_route=%2Fwp%2Fv2%2Ftags&post=2322"}],"curies":[{"name":"wp","href":"https:\/\/api.w.org\/{rel}","templated":true}]}}