{"id":23218,"date":"2022-10-19T15:59:02","date_gmt":"2022-10-19T18:59:02","guid":{"rendered":"https:\/\/radiorevelacionfm.cl\/?p=23218"},"modified":"2022-10-19T15:59:02","modified_gmt":"2022-10-19T18:59:02","slug":"dia-internacional-del-cancer-de-mama-mas-de-una-decena-de-atenciones-realizo-mamografo-movil-en-coyhaique","status":"publish","type":"post","link":"https:\/\/radiorevelacionfm.cl\/?p=23218","title":{"rendered":"D\u00eda Internacional del C\u00e1ncer de mama: M\u00e1s de una decena de atenciones realiz\u00f3 mam\u00f3grafo m\u00f3vil en Coyhaique"},"content":{"rendered":"<div class=\"flex_column av_one_full  flex_column_div av-zero-column-padding first  avia-builder-el-0  el_before_av_one_full  avia-builder-el-first  \" style='border-radius:0px; '><div  class='avia-image-container  av-styling-    avia-builder-el-1  avia-builder-el-no-sibling  avia-align-center '  itemprop=\"image\" itemscope=\"itemscope\" itemtype=\"https:\/\/schema.org\/ImageObject\"  ><div class='avia-image-container-inner'><div class='avia-image-overlay-wrap'><img decoding=\"async\" class='wp-image-23219 avia-img-lazy-loading-not-23219 avia_image' src=\"https:\/\/radiorevelacionfm.cl\/wp-content\/uploads\/2022\/10\/MAMOGRAFO-MOVIL-4-1-1.jpeg\" alt='' title='MAM\u00d3GRAFO M\u00d3VIL (4) (1) (1)' height=\"600\" width=\"800\"  itemprop=\"thumbnailUrl\" srcset=\"https:\/\/radiorevelacionfm.cl\/wp-content\/uploads\/2022\/10\/MAMOGRAFO-MOVIL-4-1-1.jpeg 800w, https:\/\/radiorevelacionfm.cl\/wp-content\/uploads\/2022\/10\/MAMOGRAFO-MOVIL-4-1-1-300x225.jpeg 300w, https:\/\/radiorevelacionfm.cl\/wp-content\/uploads\/2022\/10\/MAMOGRAFO-MOVIL-4-1-1-768x576.jpeg 768w, https:\/\/radiorevelacionfm.cl\/wp-content\/uploads\/2022\/10\/MAMOGRAFO-MOVIL-4-1-1-705x529.jpeg 705w, https:\/\/radiorevelacionfm.cl\/wp-content\/uploads\/2022\/10\/MAMOGRAFO-MOVIL-4-1-1-600x450.jpeg 600w\" sizes=\"(max-width: 800px) 100vw, 800px\" \/><\/div><\/div><\/div><\/div><div class=\"flex_column av_one_full  flex_column_div av-zero-column-padding first  avia-builder-el-2  el_after_av_one_full  el_before_av_one_full  column-top-margin\" style='border-radius:0px; '><section class=\"av_textblock_section \"  itemscope=\"itemscope\" itemtype=\"https:\/\/schema.org\/BlogPosting\" itemprop=\"blogPost\" ><div class='avia_textblock  '   itemprop=\"text\" ><p style=\"text-align: center;\"><strong><span style=\"font-size: 18pt;\">D\u00eda Internacional del C\u00e1ncer de mama: M\u00e1s de una decena de atenciones realiz\u00f3 mam\u00f3grafo m\u00f3vil en Coyhaique<\/span><\/strong><\/p>\n<div id=\"gtx-trans\" style=\"position: absolute; left: -50px; top: 4.31534px;\">\n<div class=\"gtx-trans-icon\"><\/div>\n<\/div>\n<\/div><\/section><\/div><div class=\"flex_column av_one_full  flex_column_div av-zero-column-padding first  avia-builder-el-4  el_after_av_one_full  el_before_av_hr  column-top-margin\" style='border-radius:0px; '><section class=\"av_textblock_section \"  itemscope=\"itemscope\" itemtype=\"https:\/\/schema.org\/BlogPosting\" itemprop=\"blogPost\" ><div class='avia_textblock  '   itemprop=\"text\" ><p style=\"text-align: justify;\">Este jueves el mam\u00f3grafo m\u00f3vil se instal\u00f3 en el estadio municipal para tomar ex\u00e1menes a mujeres que fueron previamente contactadas y de esa manera disminuir la lista de espera para estos an\u00e1lisis, todo esto en el contexto del d\u00eda internacional de la prevenci\u00f3n del c\u00e1ncer de mama.<\/p>\n<p style=\"text-align: justify;\">\u201cMuy bueno, porque uno espera mucho tiempo para estos operativos y que las mujeres pidan hora y ubiquen estos operativos y acercarse a pedir hora, sobre todo las personas adultas mayores que muchas veces no sabemos\u201d, indic\u00f3 Ana Jelvia, una de las usuarias.<\/p>\n<p style=\"text-align: justify;\">Realizarse este examen de forma peri\u00f3dica, sobre todo para aquellas mayores de 40 a\u00f1os, permite detectar precozmente un c\u00e1ncer de mama, n\u00f3dulos o microcalcificaciones. \u201ces muy importante, porque incluso de un a\u00f1o a otro se puede aumentar alg\u00fan tama\u00f1o o pesquisa que se pudiera reconocer a tiempo para alg\u00fan tratamiento\u201d, precis\u00f3 Carolina \u00c1lvarez, tecn\u00f3loga m\u00e9dica a cargo del mam\u00f3grafo.<\/p>\n<p style=\"text-align: justify;\">Estos operativos permiten tambi\u00e9n reducir las listas de espera y a trav\u00e9s de esta modalidad se acerca el examen a las mujeres en toda la regi\u00f3n de Ays\u00e9n.<\/p>\n<p style=\"text-align: justify;\">\u201cmientras antes detectamos, tenemos mayores posibilidades de tratarlo y tener un buen pron\u00f3stico a futuro. El c\u00e1ncer de mama tiene un buen pron\u00f3stico y lo importante es poder detectarlo a tiempo, cosa que no sea muy avanzado y dificulte el tratamiento\u201d, complement\u00f3 Carolina \u00c1lvarez.<\/p>\n<p style=\"text-align: justify;\">Por su parte Alicia Hern\u00e1ndez, otra mujer que se hizo el examen, se\u00f1al\u00f3 que \u201cme parece muy buena la idea para que a gente le quede m\u00e1s f\u00e1cil obtener una hora, porque a veces se demoran en llamar y es bueno esto, porque as\u00ed la persona puede saber si tiene c\u00e1ncer o no. Yo me hago peri\u00f3dicamente el examen. Y el llamado es que no se dejen estar, aunque sea por motivos de trabajo\u201d.<\/p>\n<p style=\"text-align: justify;\">Entretanto Lorna Cifuentes afirm\u00f3 que es \u201cexcelente que est\u00e9n tomando las mamograf\u00edas, porque uno espera bastante en el consultorio y as\u00ed se aceleran las horas, porque lo llaman a uno para asistir al mam\u00f3grafo. Y las mujeres deber\u00edan acercarse a hacerse las mamograf\u00edas para tratarse a tiempo\u201d.<\/p>\n<\/div><\/section><\/div><div  style='height:50px' class='hr hr-invisible   avia-builder-el-6  el_after_av_one_full  el_before_av_social_share '><span class='hr-inner ' ><span class='hr-inner-style'><\/span><\/span><\/div><\/p>\n<div  class='av-social-sharing-box  avia-builder-el-7  el_after_av_hr  el_before_av_hr  '><div class='av-share-box'><h5 class='av-share-link-description av-no-toc '>Compartir esta noticia<\/h5><ul class='av-share-box-list noLightbox'><li class='av-share-link av-social-link-facebook' ><a target=\"_blank\" aria-label=\"Compartir en Facebook\" href='https:\/\/www.facebook.com\/sharer.php?u=https:\/\/radiorevelacionfm.cl\/?p=23218&#038;t=D%C3%ADa%20Internacional%20del%20C%C3%A1ncer%20de%20mama%3A%20M%C3%A1s%20de%20una%20decena%20de%20atenciones%20realiz%C3%B3%20mam%C3%B3grafo%20m%C3%B3vil%20en%20Coyhaique' aria-hidden='false' data-av_icon='\ue8f3' data-av_iconfont='entypo-fontello' title='' data-avia-related-tooltip='Compartir en Facebook' rel=\"noopener\"><span class='avia_hidden_link_text'>Compartir en Facebook<\/span><\/a><\/li><li class='av-share-link av-social-link-twitter' ><a target=\"_blank\" aria-label=\"Compartir en Twitter\" href='https:\/\/twitter.com\/share?text=D%C3%ADa%20Internacional%20del%20C%C3%A1ncer%20de%20mama%3A%20M%C3%A1s%20de%20una%20decena%20de%20atenciones%20realiz%C3%B3%20mam%C3%B3grafo%20m%C3%B3vil%20en%20Coyhaique&#038;url=https:\/\/radiorevelacionfm.cl\/?p=23218' aria-hidden='false' data-av_icon='\ue8f1' data-av_iconfont='entypo-fontello' title='' data-avia-related-tooltip='Compartir en Twitter' rel=\"noopener\"><span class='avia_hidden_link_text'>Compartir en Twitter<\/span><\/a><\/li><li class='av-share-link av-social-link-whatsapp' ><a target=\"_blank\" aria-label=\"Compartir en Whatsapp\" href='https:\/\/api.whatsapp.com\/send?text=https:\/\/radiorevelacionfm.cl\/?p=23218' aria-hidden='false' data-av_icon='\uf232' data-av_iconfont='entypo-fontello' title='' data-avia-related-tooltip='Compartir en Whatsapp' rel=\"noopener\"><span class='avia_hidden_link_text'>Compartir en Whatsapp<\/span><\/a><\/li><li class='av-share-link av-social-link-linkedin' ><a target=\"_blank\" aria-label=\"Compartir en LinkedIn\" href='https:\/\/linkedin.com\/shareArticle?mini=true&#038;title=D%C3%ADa%20Internacional%20del%20C%C3%A1ncer%20de%20mama%3A%20M%C3%A1s%20de%20una%20decena%20de%20atenciones%20realiz%C3%B3%20mam%C3%B3grafo%20m%C3%B3vil%20en%20Coyhaique&#038;url=https:\/\/radiorevelacionfm.cl\/?p=23218' aria-hidden='false' data-av_icon='\ue8fc' data-av_iconfont='entypo-fontello' title='' data-avia-related-tooltip='Compartir en LinkedIn' rel=\"noopener\"><span class='avia_hidden_link_text'>Compartir en LinkedIn<\/span><\/a><\/li><li class='av-share-link av-social-link-mail' ><a  aria-label=\"Compartir por correo\" href='mailto:?subject=D%C3%ADa%20Internacional%20del%20C%C3%A1ncer%20de%20mama%3A%20M%C3%A1s%20de%20una%20decena%20de%20atenciones%20realiz%C3%B3%20mam%C3%B3grafo%20m%C3%B3vil%20en%20Coyhaique&#038;body=https:\/\/radiorevelacionfm.cl\/?p=23218' aria-hidden='false' data-av_icon='\ue805' data-av_iconfont='entypo-fontello' title='' data-avia-related-tooltip='Compartir por correo'><span class='avia_hidden_link_text'>Compartir por correo<\/span><\/a><\/li><\/ul><\/div><\/div>\n<div  style='height:50px' class='hr hr-invisible   avia-builder-el-8  el_after_av_social_share  el_before_av_comments_list '><span class='hr-inner ' ><span class='hr-inner-style'><\/span><\/span><\/div>\n<div  class='av-buildercomment  av-blog-meta-html-info-disabled av-blog-meta-tag-disabled  '><\/div>\n","protected":false},"excerpt":{"rendered":"","protected":false},"author":1,"featured_media":23219,"comment_status":"open","ping_status":"open","sticky":false,"template":"","format":"standard","meta":{"footnotes":""},"categories":[46],"tags":[],"class_list":["post-23218","post","type-post","status-publish","format-standard","has-post-thumbnail","hentry","category-salud"],"jetpack_featured_media_url":"https:\/\/radiorevelacionfm.cl\/wp-content\/uploads\/2022\/10\/MAMOGRAFO-MOVIL-4-1-1.jpeg","_links":{"self":[{"href":"https:\/\/radiorevelacionfm.cl\/index.php?rest_route=\/wp\/v2\/posts\/23218","targetHints":{"allow":["GET"]}}],"collection":[{"href":"https:\/\/radiorevelacionfm.cl\/index.php?rest_route=\/wp\/v2\/posts"}],"about":[{"href":"https:\/\/radiorevelacionfm.cl\/index.php?rest_route=\/wp\/v2\/types\/post"}],"author":[{"embeddable":true,"href":"https:\/\/radiorevelacionfm.cl\/index.php?rest_route=\/wp\/v2\/users\/1"}],"replies":[{"embeddable":true,"href":"https:\/\/radiorevelacionfm.cl\/index.php?rest_route=%2Fwp%2Fv2%2Fcomments&post=23218"}],"version-history":[{"count":2,"href":"https:\/\/radiorevelacionfm.cl\/index.php?rest_route=\/wp\/v2\/posts\/23218\/revisions"}],"predecessor-version":[{"id":23221,"href":"https:\/\/radiorevelacionfm.cl\/index.php?rest_route=\/wp\/v2\/posts\/23218\/revisions\/23221"}],"wp:featuredmedia":[{"embeddable":true,"href":"https:\/\/radiorevelacionfm.cl\/index.php?rest_route=\/wp\/v2\/media\/23219"}],"wp:attachment":[{"href":"https:\/\/radiorevelacionfm.cl\/index.php?rest_route=%2Fwp%2Fv2%2Fmedia&parent=23218"}],"wp:term":[{"taxonomy":"category","embeddable":true,"href":"https:\/\/radiorevelacionfm.cl\/index.php?rest_route=%2Fwp%2Fv2%2Fcategories&post=23218"},{"taxonomy":"post_tag","embeddable":true,"href":"https:\/\/radiorevelacionfm.cl\/index.php?rest_route=%2Fwp%2Fv2%2Ftags&post=23218"}],"curies":[{"name":"wp","href":"https:\/\/api.w.org\/{rel}","templated":true}]}}