{"id":23215,"date":"2022-10-20T10:09:57","date_gmt":"2022-10-20T13:09:57","guid":{"rendered":"https:\/\/radiorevelacionfm.cl\/?p=23215"},"modified":"2022-10-20T10:09:57","modified_gmt":"2022-10-20T13:09:57","slug":"festival-de-las-ciencias-2022-naturaleza-arte-y-ciencia-confluyen-para-celebrar-el-agua-en-aysen","status":"publish","type":"post","link":"https:\/\/radiorevelacionfm.cl\/?p=23215","title":{"rendered":"Festival de las Ciencias 2022: Naturaleza, arte y ciencia confluyen para celebrar el agua en Ays\u00e9n"},"content":{"rendered":"<div class=\"flex_column av_one_full  flex_column_div av-zero-column-padding first  avia-builder-el-0  el_before_av_one_full  avia-builder-el-first  \" style='border-radius:0px; '><div  class='avia-image-container  av-styling-    avia-builder-el-1  avia-builder-el-no-sibling  avia-align-center '  itemprop=\"image\" itemscope=\"itemscope\" itemtype=\"https:\/\/schema.org\/ImageObject\"  ><div class='avia-image-container-inner'><div class='avia-image-overlay-wrap'><img decoding=\"async\" class='wp-image-23216 avia-img-lazy-loading-not-23216 avia_image' src=\"https:\/\/radiorevelacionfm.cl\/wp-content\/uploads\/2022\/10\/FECI-3-1-1.jpeg\" alt='' title='FECI 3 (1) (1)' height=\"600\" width=\"901\"  itemprop=\"thumbnailUrl\" srcset=\"https:\/\/radiorevelacionfm.cl\/wp-content\/uploads\/2022\/10\/FECI-3-1-1.jpeg 901w, https:\/\/radiorevelacionfm.cl\/wp-content\/uploads\/2022\/10\/FECI-3-1-1-300x200.jpeg 300w, https:\/\/radiorevelacionfm.cl\/wp-content\/uploads\/2022\/10\/FECI-3-1-1-768x511.jpeg 768w, https:\/\/radiorevelacionfm.cl\/wp-content\/uploads\/2022\/10\/FECI-3-1-1-705x469.jpeg 705w, https:\/\/radiorevelacionfm.cl\/wp-content\/uploads\/2022\/10\/FECI-3-1-1-600x400.jpeg 600w\" sizes=\"(max-width: 901px) 100vw, 901px\" \/><\/div><\/div><\/div><\/div><div class=\"flex_column av_one_full  flex_column_div av-zero-column-padding first  avia-builder-el-2  el_after_av_one_full  el_before_av_one_full  column-top-margin\" style='border-radius:0px; '><section class=\"av_textblock_section \"  itemscope=\"itemscope\" itemtype=\"https:\/\/schema.org\/BlogPosting\" itemprop=\"blogPost\" ><div class='avia_textblock  '   itemprop=\"text\" ><p style=\"text-align: center;\"><span style=\"font-size: 18pt;\"><strong>Festival de las Ciencias 2022: Naturaleza, arte y ciencia confluyen para celebrar el agua en Ays\u00e9n<\/strong><\/span><\/p>\n<div id=\"gtx-trans\" style=\"position: absolute; left: -50px; top: 4.31534px;\">\n<div class=\"gtx-trans-icon\"><\/div>\n<\/div>\n<\/div><\/section><\/div><div class=\"flex_column av_one_full  flex_column_div av-zero-column-padding first  avia-builder-el-4  el_after_av_one_full  el_before_av_hr  column-top-margin\" style='border-radius:0px; '><section class=\"av_textblock_section \"  itemscope=\"itemscope\" itemtype=\"https:\/\/schema.org\/BlogPosting\" itemprop=\"blogPost\" ><div class='avia_textblock  '   itemprop=\"text\" ><p style=\"text-align: justify;\">Descubrir la inmensidad de la ballena Sei, explorar la naturaleza mediante el grabado, la ilustraci\u00f3n bot\u00e1nica y visitas a \u00e1reas protegidas, crear modelos en 3D, reflexionar sobre la resiliencia de la Tierra a trav\u00e9s del teatro y la m\u00fasica, adem\u00e1s de charlas, intervenciones urbanas, y visitas a museos y laboratorios, fueron algunas de las actividades que dieron vida al Festival de las Ciencias 2022, una iniciativa impulsada en la regi\u00f3n por el Proyecto Explora Ays\u00e9n del Ministerio de Ciencias y ejecutada por el Campus Patagonia de la Universidad Austral de Chile.<\/p>\n<p style=\"text-align: justify;\">El Festival de las Ciencias es una iniciativa del Ministerio de Ciencia, Tecnolog\u00eda, Conocimiento e Innovaci\u00f3n que busca acercar la ciencia a la ciudadan\u00eda mediante una fiesta inclusiva que ofrece diversas actividades gratuitas e interactivas para todos los p\u00fablicos. Este a\u00f1o el Festival se desarroll\u00f3 entre el 2 y 9 de octubre con actividades centradas en el cambio clim\u00e1tico y la regeneraci\u00f3n a partir de uno de los elementos m\u00e1s sensibles a la crisis clim\u00e1tica: el agua.<\/p>\n<p style=\"text-align: justify;\">Entre fiordos, glaciares, bosque nativo e imponentes cerros se sit\u00faan las 8 localidades que, desde La Junta hasta Villa O\u2019Higgins, fueron protagonistas de FECI 2022. Gracias a la colaboraci\u00f3n con centros de investigaci\u00f3n y universidades, laboratorios, museos y centros culturales, organizaciones locales y organismos p\u00fablicos, el Proyecto Explora Ays\u00e9n pudo llevar el Festival de las Ciencias a los territorios para celebrar en terreno el patrimonio h\u00eddrico de la regi\u00f3n.<\/p>\n<p style=\"text-align: justify;\"><strong>Ciencia, arte y ciudadan\u00eda<\/strong><\/p>\n<p style=\"text-align: justify;\">Las actividades realizadas se destacaron por entrelazar la ciencia y tecnolog\u00eda con el arte, la m\u00fasica, la innovaci\u00f3n y las experiencias en la naturaleza, con el objetivo de despertar la curiosidad cient\u00edfica y promover el reencuentro con los ecosistemas de la regi\u00f3n. Entre las actividades art\u00edsticas se cont\u00f3 con orquestas, conciertos y la obra de teatro <em>Voces del agua<\/em>.<\/p>\n<p style=\"text-align: justify;\">Diana Fern\u00e1ndez, espectadora de la obra <em>Voces del Agua<\/em> y estudiante del Liceo Arturo Prat Chac\u00f3n de Puerto Cisnes, se\u00f1al\u00f3: \u201cFue una gran obra, muy bien enfocada, bien realizada y muy entretenida. Enfocar estos temas que se centran en la regi\u00f3n, para las nuevas generaciones que vivimos en la regi\u00f3n, es s\u00faper importante\u201d.<\/p>\n<p style=\"text-align: justify;\">Tras dos ediciones virtuales, debido a la pandemia, este a\u00f1o el Festival de las Ciencias volvi\u00f3 a la ciudad a trav\u00e9s de actividades como el <em>Carnaval de las m\u00e1scaras <\/em>y la cicletada ciudadana<em> El agua de Ays\u00e9n<\/em>, adem\u00e1s de actividades presenciales \u00edconos en la regi\u00f3n como lo es <em>La ciencia sale a la Calle<\/em>, una feria de ciencias que este a\u00f1o se realiz\u00f3 en Coyhaique y Puerto Ays\u00e9n.<\/p>\n<p style=\"text-align: justify;\">Respecto a <em>La ciencia sale a la calle, <\/em>Samuel Navarro, Delegado Presidencial Regional (s) enfatiz\u00f3, \u201cMe parece muy importante esta actividad abierta al p\u00fablico, adem\u00e1s como dice su eslogan <em>La ciencia sale a la calle<\/em>, porque la ciencia es algo que debemos promover y fortalecer\u201d.<\/p>\n<p style=\"text-align: justify;\">El despliegue territorial y la diversidad de actividades fue el car\u00e1cter distintivo de FECI 2022 en Ays\u00e9n. Sobre esto, Karina Ocampo, encargada del Festival de las Ciencias en la regi\u00f3n, concluy\u00f3: \u201cEs destacable el inter\u00e9s que tienen las personas del territorio por aceptar actividades distintas de ciencia y en que cient\u00edficos lleguen hasta los territorios. Sin las alianzas con diversos organismos y en especial con las organizaciones territoriales esto no habr\u00eda sido posible\u201d.<\/p>\n<\/div><\/section><\/div><div  style='height:50px' class='hr hr-invisible   avia-builder-el-6  el_after_av_one_full  el_before_av_social_share '><span class='hr-inner ' ><span class='hr-inner-style'><\/span><\/span><\/div><\/p>\n<div  class='av-social-sharing-box  avia-builder-el-7  el_after_av_hr  el_before_av_hr  '><div class='av-share-box'><h5 class='av-share-link-description av-no-toc '>Compartir esta noticia<\/h5><ul class='av-share-box-list noLightbox'><li class='av-share-link av-social-link-facebook' ><a target=\"_blank\" aria-label=\"Compartir en Facebook\" href='https:\/\/www.facebook.com\/sharer.php?u=https:\/\/radiorevelacionfm.cl\/?p=23215&#038;t=Festival%20de%20las%20Ciencias%202022%3A%20Naturaleza%2C%20arte%20y%20ciencia%20confluyen%20para%20celebrar%20el%20agua%20en%20Ays%C3%A9n' aria-hidden='false' data-av_icon='\ue8f3' data-av_iconfont='entypo-fontello' title='' data-avia-related-tooltip='Compartir en Facebook' rel=\"noopener\"><span class='avia_hidden_link_text'>Compartir en Facebook<\/span><\/a><\/li><li class='av-share-link av-social-link-twitter' ><a target=\"_blank\" aria-label=\"Compartir en Twitter\" href='https:\/\/twitter.com\/share?text=Festival%20de%20las%20Ciencias%202022%3A%20Naturaleza%2C%20arte%20y%20ciencia%20confluyen%20para%20celebrar%20el%20agua%20en%20Ays%C3%A9n&#038;url=https:\/\/radiorevelacionfm.cl\/?p=23215' aria-hidden='false' data-av_icon='\ue8f1' data-av_iconfont='entypo-fontello' title='' data-avia-related-tooltip='Compartir en Twitter' rel=\"noopener\"><span class='avia_hidden_link_text'>Compartir en Twitter<\/span><\/a><\/li><li class='av-share-link av-social-link-whatsapp' ><a target=\"_blank\" aria-label=\"Compartir en Whatsapp\" href='https:\/\/api.whatsapp.com\/send?text=https:\/\/radiorevelacionfm.cl\/?p=23215' aria-hidden='false' data-av_icon='\uf232' data-av_iconfont='entypo-fontello' title='' data-avia-related-tooltip='Compartir en Whatsapp' rel=\"noopener\"><span class='avia_hidden_link_text'>Compartir en Whatsapp<\/span><\/a><\/li><li class='av-share-link av-social-link-linkedin' ><a target=\"_blank\" aria-label=\"Compartir en LinkedIn\" href='https:\/\/linkedin.com\/shareArticle?mini=true&#038;title=Festival%20de%20las%20Ciencias%202022%3A%20Naturaleza%2C%20arte%20y%20ciencia%20confluyen%20para%20celebrar%20el%20agua%20en%20Ays%C3%A9n&#038;url=https:\/\/radiorevelacionfm.cl\/?p=23215' aria-hidden='false' data-av_icon='\ue8fc' data-av_iconfont='entypo-fontello' title='' data-avia-related-tooltip='Compartir en LinkedIn' rel=\"noopener\"><span class='avia_hidden_link_text'>Compartir en LinkedIn<\/span><\/a><\/li><li class='av-share-link av-social-link-mail' ><a  aria-label=\"Compartir por correo\" href='mailto:?subject=Festival%20de%20las%20Ciencias%202022%3A%20Naturaleza%2C%20arte%20y%20ciencia%20confluyen%20para%20celebrar%20el%20agua%20en%20Ays%C3%A9n&#038;body=https:\/\/radiorevelacionfm.cl\/?p=23215' aria-hidden='false' data-av_icon='\ue805' data-av_iconfont='entypo-fontello' title='' data-avia-related-tooltip='Compartir por correo'><span class='avia_hidden_link_text'>Compartir por correo<\/span><\/a><\/li><\/ul><\/div><\/div>\n<div  style='height:50px' class='hr hr-invisible   avia-builder-el-8  el_after_av_social_share  el_before_av_comments_list '><span class='hr-inner ' ><span class='hr-inner-style'><\/span><\/span><\/div>\n<div  class='av-buildercomment  av-blog-meta-html-info-disabled av-blog-meta-tag-disabled  '><\/div>\n","protected":false},"excerpt":{"rendered":"","protected":false},"author":1,"featured_media":23216,"comment_status":"open","ping_status":"open","sticky":false,"template":"","format":"standard","meta":{"footnotes":""},"categories":[53],"tags":[],"class_list":["post-23215","post","type-post","status-publish","format-standard","has-post-thumbnail","hentry","category-ciencia"],"jetpack_featured_media_url":"https:\/\/radiorevelacionfm.cl\/wp-content\/uploads\/2022\/10\/FECI-3-1-1.jpeg","_links":{"self":[{"href":"https:\/\/radiorevelacionfm.cl\/index.php?rest_route=\/wp\/v2\/posts\/23215","targetHints":{"allow":["GET"]}}],"collection":[{"href":"https:\/\/radiorevelacionfm.cl\/index.php?rest_route=\/wp\/v2\/posts"}],"about":[{"href":"https:\/\/radiorevelacionfm.cl\/index.php?rest_route=\/wp\/v2\/types\/post"}],"author":[{"embeddable":true,"href":"https:\/\/radiorevelacionfm.cl\/index.php?rest_route=\/wp\/v2\/users\/1"}],"replies":[{"embeddable":true,"href":"https:\/\/radiorevelacionfm.cl\/index.php?rest_route=%2Fwp%2Fv2%2Fcomments&post=23215"}],"version-history":[{"count":2,"href":"https:\/\/radiorevelacionfm.cl\/index.php?rest_route=\/wp\/v2\/posts\/23215\/revisions"}],"predecessor-version":[{"id":23252,"href":"https:\/\/radiorevelacionfm.cl\/index.php?rest_route=\/wp\/v2\/posts\/23215\/revisions\/23252"}],"wp:featuredmedia":[{"embeddable":true,"href":"https:\/\/radiorevelacionfm.cl\/index.php?rest_route=\/wp\/v2\/media\/23216"}],"wp:attachment":[{"href":"https:\/\/radiorevelacionfm.cl\/index.php?rest_route=%2Fwp%2Fv2%2Fmedia&parent=23215"}],"wp:term":[{"taxonomy":"category","embeddable":true,"href":"https:\/\/radiorevelacionfm.cl\/index.php?rest_route=%2Fwp%2Fv2%2Fcategories&post=23215"},{"taxonomy":"post_tag","embeddable":true,"href":"https:\/\/radiorevelacionfm.cl\/index.php?rest_route=%2Fwp%2Fv2%2Ftags&post=23215"}],"curies":[{"name":"wp","href":"https:\/\/api.w.org\/{rel}","templated":true}]}}