{"id":23212,"date":"2022-10-19T18:05:01","date_gmt":"2022-10-19T21:05:01","guid":{"rendered":"https:\/\/radiorevelacionfm.cl\/?p=23212"},"modified":"2022-10-19T18:05:01","modified_gmt":"2022-10-19T21:05:01","slug":"subsidio-de-calefaccion-aumentaria-monto-y-cobertura-para-el-2023","status":"publish","type":"post","link":"https:\/\/radiorevelacionfm.cl\/?p=23212","title":{"rendered":"Subsidio de calefacci\u00f3n aumentar\u00eda monto y cobertura para el 2023"},"content":{"rendered":"<div class=\"flex_column av_one_full  flex_column_div av-zero-column-padding first  avia-builder-el-0  el_before_av_one_full  avia-builder-el-first  \" style='border-radius:0px; '><div  class='avia-image-container  av-styling-    avia-builder-el-1  avia-builder-el-no-sibling  avia-align-center '  itemprop=\"image\" itemscope=\"itemscope\" itemtype=\"https:\/\/schema.org\/ImageObject\"  ><div class='avia-image-container-inner'><div class='avia-image-overlay-wrap'><img decoding=\"async\" class='wp-image-23213 avia-img-lazy-loading-not-23213 avia_image' src=\"https:\/\/radiorevelacionfm.cl\/wp-content\/uploads\/2022\/10\/3-44-1_optimized.jpeg\" alt='' title='3-(44)-(1)_optimized' height=\"600\" width=\"1065\"  itemprop=\"thumbnailUrl\" srcset=\"https:\/\/radiorevelacionfm.cl\/wp-content\/uploads\/2022\/10\/3-44-1_optimized.jpeg 1065w, https:\/\/radiorevelacionfm.cl\/wp-content\/uploads\/2022\/10\/3-44-1_optimized-300x169.jpeg 300w, https:\/\/radiorevelacionfm.cl\/wp-content\/uploads\/2022\/10\/3-44-1_optimized-1030x580.jpeg 1030w, https:\/\/radiorevelacionfm.cl\/wp-content\/uploads\/2022\/10\/3-44-1_optimized-768x433.jpeg 768w, https:\/\/radiorevelacionfm.cl\/wp-content\/uploads\/2022\/10\/3-44-1_optimized-705x397.jpeg 705w, https:\/\/radiorevelacionfm.cl\/wp-content\/uploads\/2022\/10\/3-44-1_optimized-600x338.jpeg 600w\" sizes=\"(max-width: 1065px) 100vw, 1065px\" \/><\/div><\/div><\/div><\/div><div class=\"flex_column av_one_full  flex_column_div av-zero-column-padding first  avia-builder-el-2  el_after_av_one_full  el_before_av_one_full  column-top-margin\" style='border-radius:0px; '><section class=\"av_textblock_section \"  itemscope=\"itemscope\" itemtype=\"https:\/\/schema.org\/BlogPosting\" itemprop=\"blogPost\" ><div class='avia_textblock  '   itemprop=\"text\" ><p style=\"text-align: center;\"><strong><span style=\"font-size: 18pt;\">Subsidio de calefacci\u00f3n aumentar\u00eda monto y cobertura para el 2023<\/span><\/strong><\/p>\n<div id=\"gtx-trans\" style=\"position: absolute; left: -50px; top: 4.31534px;\">\n<div class=\"gtx-trans-icon\"><\/div>\n<\/div>\n<\/div><\/section><\/div><div class=\"flex_column av_one_full  flex_column_div av-zero-column-padding first  avia-builder-el-4  el_after_av_one_full  el_before_av_hr  column-top-margin\" style='border-radius:0px; '><section class=\"av_textblock_section \"  itemscope=\"itemscope\" itemtype=\"https:\/\/schema.org\/BlogPosting\" itemprop=\"blogPost\" ><div class='avia_textblock  '   itemprop=\"text\" ><p style=\"text-align: justify;\">Pareciera que rendir\u00e1n frutos las gestiones que iniciaron este a\u00f1o la Secretaria Ministerial de Desarrollo Social y Familia, Karina Acevedo Auad y el Delegado Presidencial, Rodrigo Araya Morales, ante las autoridades ministeriales y econ\u00f3micas nacionales para aumentar la cobertura y reajustar luego de m\u00e1s de 10 a\u00f1os de existencia el subsidio de calefacci\u00f3n para la Regi\u00f3n de Ays\u00e9n.\u00a0 La buena noticia se concretar\u00eda en la medida que el presupuesto 2023 sea aprobado, un presupuesto que busca reactivar la econom\u00eda y dar seguridad a las personas a trav\u00e9s de un aumento del 4,2% y tres ejes: seguridad social, econ\u00f3mica y ciudadana.<\/p>\n<p style=\"text-align: justify;\">Karina Acevedo Auad, SEREMI de Desarrollo Social y Familia, record\u00f3 que si bien el subsidio de calefacci\u00f3n no aument\u00f3 su monto durante el a\u00f1o 2022 s\u00ed lo hizo la cobertura, alcanzando una cifra hist\u00f3rica de familias beneficiadas, en lo que fue una de las primeras se\u00f1ales de compromiso del gobierno de Gabriel Boric con las zonas extremas. \u201cEstamos muy contentos porque dentro de los 3 ejes de seguridad: social, ciudadana y econ\u00f3mica se encuentra nuestra propuesta de actualizar el subsidio de calefacci\u00f3n para la Regi\u00f3n de Ays\u00e9n, agradecemos al Ministro y a nuestro Presidente de haber acogido la propuesta que hicimos con el Delegado Regional y ahora esperamos contar con el apoyo de nuestros parlamentarios en cada uno de los pasos legislativos que espera el presupuesto 2023 para que el pr\u00f3ximo a\u00f1o podamos beneficiar a m\u00e1s de 29 mil familias con un\u00a0 subsidio actualizado que subir\u00e1 hasta los $112.500.\u201d<\/p>\n<p style=\"text-align: justify;\">Respecto a las condiciones que se deben dar para que este beneficio aumente en cobertura y monto, Acevedo Auad, enfatiz\u00f3 que se debiera aprobar la propuesta presupuestaria 2023 que ha presentado el gobierno de Gabriel Boric. \u201cHemos pasado tiempos dif\u00edciles post pandemia, el presupuesto que nos toc\u00f3 administrar este 2022 se recort\u00f3, fue aprobado por el gobierno anterior y responsablemente lo administramos. Este es el primer presupuesto del Presidente Boric y mientras muchos pa\u00edses no crecer\u00e1n en gasto p\u00fablico, nosotros aumentaremos en un 4,2% de inversi\u00f3n p\u00fablica. Ese es el compromiso para reactivar nuestra econom\u00eda, pero \u00a0no s\u00f3lo eso, sino que lo hacemos desde la perspectiva de la seguridad social, ciudadana y econ\u00f3mica\u201d.<\/p>\n<p style=\"text-align: justify;\">Cabe destacar que desde el 5 de octubre hasta el 4 de noviembre las subcomisiones especiales mixtas de presupuesto estudiaran cada una de las partidas para que luego, el 7 de noviembre, como \u00faltimo plazo, entreguen sus informes a la Comisi\u00f3n Mixta. Entre el 8 y 10 de noviembre se realizar\u00e1 el trabajo en sala y posteriormente, entre el\u00a014 y el 16 de noviembre\u00a0los informes ir\u00e1n a la Sala de la C\u00e1mara de Diputadas y Diputados y, entre\u00a0el 22 y 24\u00a0de noviembre a la Sala del Senado. Finalmente, entre el\u00a028 y 29 de noviembre\u00a0est\u00e1 previsto el tercer tr\u00e1mite y una eventual comisi\u00f3n mixta para el despacho del proyecto.<\/p>\n<\/div><\/section><\/div><div  style='height:50px' class='hr hr-invisible   avia-builder-el-6  el_after_av_one_full  el_before_av_social_share '><span class='hr-inner ' ><span class='hr-inner-style'><\/span><\/span><\/div><\/p>\n<div  class='av-social-sharing-box  avia-builder-el-7  el_after_av_hr  el_before_av_hr  '><div class='av-share-box'><h5 class='av-share-link-description av-no-toc '>Compartir esta noticia<\/h5><ul class='av-share-box-list noLightbox'><li class='av-share-link av-social-link-facebook' ><a target=\"_blank\" aria-label=\"Compartir en Facebook\" href='https:\/\/www.facebook.com\/sharer.php?u=https:\/\/radiorevelacionfm.cl\/?p=23212&#038;t=Subsidio%20de%20calefacci%C3%B3n%20aumentar%C3%ADa%20monto%20y%20cobertura%20para%20el%202023' aria-hidden='false' data-av_icon='\ue8f3' data-av_iconfont='entypo-fontello' title='' data-avia-related-tooltip='Compartir en Facebook' rel=\"noopener\"><span class='avia_hidden_link_text'>Compartir en Facebook<\/span><\/a><\/li><li class='av-share-link av-social-link-twitter' ><a target=\"_blank\" aria-label=\"Compartir en Twitter\" href='https:\/\/twitter.com\/share?text=Subsidio%20de%20calefacci%C3%B3n%20aumentar%C3%ADa%20monto%20y%20cobertura%20para%20el%202023&#038;url=https:\/\/radiorevelacionfm.cl\/?p=23212' aria-hidden='false' data-av_icon='\ue8f1' data-av_iconfont='entypo-fontello' title='' data-avia-related-tooltip='Compartir en Twitter' rel=\"noopener\"><span class='avia_hidden_link_text'>Compartir en Twitter<\/span><\/a><\/li><li class='av-share-link av-social-link-whatsapp' ><a target=\"_blank\" aria-label=\"Compartir en Whatsapp\" href='https:\/\/api.whatsapp.com\/send?text=https:\/\/radiorevelacionfm.cl\/?p=23212' aria-hidden='false' data-av_icon='\uf232' data-av_iconfont='entypo-fontello' title='' data-avia-related-tooltip='Compartir en Whatsapp' rel=\"noopener\"><span class='avia_hidden_link_text'>Compartir en Whatsapp<\/span><\/a><\/li><li class='av-share-link av-social-link-linkedin' ><a target=\"_blank\" aria-label=\"Compartir en LinkedIn\" href='https:\/\/linkedin.com\/shareArticle?mini=true&#038;title=Subsidio%20de%20calefacci%C3%B3n%20aumentar%C3%ADa%20monto%20y%20cobertura%20para%20el%202023&#038;url=https:\/\/radiorevelacionfm.cl\/?p=23212' aria-hidden='false' data-av_icon='\ue8fc' data-av_iconfont='entypo-fontello' title='' data-avia-related-tooltip='Compartir en LinkedIn' rel=\"noopener\"><span class='avia_hidden_link_text'>Compartir en LinkedIn<\/span><\/a><\/li><li class='av-share-link av-social-link-mail' ><a  aria-label=\"Compartir por correo\" href='mailto:?subject=Subsidio%20de%20calefacci%C3%B3n%20aumentar%C3%ADa%20monto%20y%20cobertura%20para%20el%202023&#038;body=https:\/\/radiorevelacionfm.cl\/?p=23212' aria-hidden='false' data-av_icon='\ue805' data-av_iconfont='entypo-fontello' title='' data-avia-related-tooltip='Compartir por correo'><span class='avia_hidden_link_text'>Compartir por correo<\/span><\/a><\/li><\/ul><\/div><\/div>\n<div  style='height:50px' class='hr hr-invisible   avia-builder-el-8  el_after_av_social_share  el_before_av_comments_list '><span class='hr-inner ' ><span class='hr-inner-style'><\/span><\/span><\/div>\n<div  class='av-buildercomment  av-blog-meta-html-info-disabled av-blog-meta-tag-disabled  '><\/div>\n","protected":false},"excerpt":{"rendered":"","protected":false},"author":1,"featured_media":23213,"comment_status":"open","ping_status":"open","sticky":false,"template":"","format":"standard","meta":{"footnotes":""},"categories":[38],"tags":[],"class_list":["post-23212","post","type-post","status-publish","format-standard","has-post-thumbnail","hentry","category-regional"],"jetpack_featured_media_url":"https:\/\/radiorevelacionfm.cl\/wp-content\/uploads\/2022\/10\/3-44-1_optimized.jpeg","_links":{"self":[{"href":"https:\/\/radiorevelacionfm.cl\/index.php?rest_route=\/wp\/v2\/posts\/23212","targetHints":{"allow":["GET"]}}],"collection":[{"href":"https:\/\/radiorevelacionfm.cl\/index.php?rest_route=\/wp\/v2\/posts"}],"about":[{"href":"https:\/\/radiorevelacionfm.cl\/index.php?rest_route=\/wp\/v2\/types\/post"}],"author":[{"embeddable":true,"href":"https:\/\/radiorevelacionfm.cl\/index.php?rest_route=\/wp\/v2\/users\/1"}],"replies":[{"embeddable":true,"href":"https:\/\/radiorevelacionfm.cl\/index.php?rest_route=%2Fwp%2Fv2%2Fcomments&post=23212"}],"version-history":[{"count":2,"href":"https:\/\/radiorevelacionfm.cl\/index.php?rest_route=\/wp\/v2\/posts\/23212\/revisions"}],"predecessor-version":[{"id":23231,"href":"https:\/\/radiorevelacionfm.cl\/index.php?rest_route=\/wp\/v2\/posts\/23212\/revisions\/23231"}],"wp:featuredmedia":[{"embeddable":true,"href":"https:\/\/radiorevelacionfm.cl\/index.php?rest_route=\/wp\/v2\/media\/23213"}],"wp:attachment":[{"href":"https:\/\/radiorevelacionfm.cl\/index.php?rest_route=%2Fwp%2Fv2%2Fmedia&parent=23212"}],"wp:term":[{"taxonomy":"category","embeddable":true,"href":"https:\/\/radiorevelacionfm.cl\/index.php?rest_route=%2Fwp%2Fv2%2Fcategories&post=23212"},{"taxonomy":"post_tag","embeddable":true,"href":"https:\/\/radiorevelacionfm.cl\/index.php?rest_route=%2Fwp%2Fv2%2Ftags&post=23212"}],"curies":[{"name":"wp","href":"https:\/\/api.w.org\/{rel}","templated":true}]}}