{"id":23203,"date":"2022-10-19T20:30:45","date_gmt":"2022-10-19T23:30:45","guid":{"rendered":"https:\/\/radiorevelacionfm.cl\/?p=23203"},"modified":"2022-10-19T20:30:45","modified_gmt":"2022-10-19T23:30:45","slug":"medio-ambiente-despliega-oferta-programatica-con-enfoque-ciudadano-en-cochrane","status":"publish","type":"post","link":"https:\/\/radiorevelacionfm.cl\/?p=23203","title":{"rendered":"Medio Ambiente despliega oferta program\u00e1tica con enfoque ciudadano en Cochrane"},"content":{"rendered":"<div class=\"flex_column av_one_full  flex_column_div av-zero-column-padding first  avia-builder-el-0  el_before_av_one_full  avia-builder-el-first  \" style='border-radius:0px; '><div  class='avia-image-container  av-styling-    avia-builder-el-1  avia-builder-el-no-sibling  avia-align-center '  itemprop=\"image\" itemscope=\"itemscope\" itemtype=\"https:\/\/schema.org\/ImageObject\"  ><div class='avia-image-container-inner'><div class='avia-image-overlay-wrap'><img decoding=\"async\" class='wp-image-23204 avia-img-lazy-loading-not-23204 avia_image' src=\"https:\/\/radiorevelacionfm.cl\/wp-content\/uploads\/2022\/10\/dsc_6775-1_optimized.jpg\" alt='' title='dsc_6775-(1)_optimized' height=\"600\" width=\"1052\"  itemprop=\"thumbnailUrl\" srcset=\"https:\/\/radiorevelacionfm.cl\/wp-content\/uploads\/2022\/10\/dsc_6775-1_optimized.jpg 1052w, https:\/\/radiorevelacionfm.cl\/wp-content\/uploads\/2022\/10\/dsc_6775-1_optimized-300x171.jpg 300w, https:\/\/radiorevelacionfm.cl\/wp-content\/uploads\/2022\/10\/dsc_6775-1_optimized-1030x587.jpg 1030w, https:\/\/radiorevelacionfm.cl\/wp-content\/uploads\/2022\/10\/dsc_6775-1_optimized-768x438.jpg 768w, https:\/\/radiorevelacionfm.cl\/wp-content\/uploads\/2022\/10\/dsc_6775-1_optimized-705x402.jpg 705w, https:\/\/radiorevelacionfm.cl\/wp-content\/uploads\/2022\/10\/dsc_6775-1_optimized-600x342.jpg 600w\" sizes=\"(max-width: 1052px) 100vw, 1052px\" \/><\/div><\/div><\/div><\/div><div class=\"flex_column av_one_full  flex_column_div av-zero-column-padding first  avia-builder-el-2  el_after_av_one_full  el_before_av_one_full  column-top-margin\" style='border-radius:0px; '><section class=\"av_textblock_section \"  itemscope=\"itemscope\" itemtype=\"https:\/\/schema.org\/BlogPosting\" itemprop=\"blogPost\" ><div class='avia_textblock  '   itemprop=\"text\" ><p style=\"text-align: center;\"><span style=\"font-size: 18pt;\"><strong>Medio Ambiente despliega oferta program\u00e1tica con enfoque ciudadano en Cochrane<\/strong><\/span><\/p>\n<div id=\"gtx-trans\" style=\"position: absolute; left: -50px; top: 4.31534px;\">\n<div class=\"gtx-trans-icon\"><\/div>\n<\/div>\n<\/div><\/section><\/div><div class=\"flex_column av_one_full  flex_column_div av-zero-column-padding first  avia-builder-el-4  el_after_av_one_full  el_before_av_hr  column-top-margin\" style='border-radius:0px; '><section class=\"av_textblock_section \"  itemscope=\"itemscope\" itemtype=\"https:\/\/schema.org\/BlogPosting\" itemprop=\"blogPost\" ><div class='avia_textblock  '   itemprop=\"text\" ><p style=\"text-align: justify;\">Como parte de las actividades del mes del medio ambiente, y siempre con la idea de descentralizar la gesti\u00f3n de gobierno, el equipo de la SEREMI del Medio Ambiente se traslad\u00f3 a la ciudad de Cochrane para convocar a la comunidad a una serie de actividades en el marco de una agenda ciudadana ambiental \u201cEstamos en Cochrane viviendo nuestro primer Ministerio en terreno, cumpliendo el mandato del Presidente Gabriel Boric de convertirnos en el primer Gobierno Ecol\u00f3gico y para eso debemos dialogar con la comunidad, porque entre todas y todos podemos resolver las problem\u00e1ticas ambientales\u201d, declar\u00f3 el SEREMI del Medio Ambiente, Juli\u00e1n C\u00e1rdenas, agregando que la comunidad cochranina se manifest\u00f3 muy participativa e interesada, lo que permiti\u00f3 a la autoridad no solo la presentaci\u00f3n de la oferta program\u00e1tica, sino recoger adem\u00e1s, inquietudes, experiencias y nuevas ideas desde la comunidad.<\/p>\n<p style=\"text-align: justify;\">La agenda ciudadana comenz\u00f3 con un conversatorio abierto a la comunidad, donde los profesionales de la SEREMI del Medio Ambiente pudieron profundizar en tem\u00e1ticas como calidad del aire, cambio clim\u00e1tico, educaci\u00f3n ambiental, biodiversidad y gesti\u00f3n de residuos; materias que fueron abordadas por los expertos de cada \u00e1rea, con una bajada local y aplicada a la comuna de Cochrane, compartiendo adem\u00e1s los diversos programas, proyectos e instancias de participaci\u00f3n que el Ministerio tiene para vecinos y vecinas. El presidente del Comit\u00e9 Ambiental Comunal de Cochrane, Jorge Molina, quien particip\u00f3 de todas las actividades ciudadanas, valor\u00f3 la iniciativa explicando que \u201cesto tiene que ver con la capacidad de gesti\u00f3n y apelar a la responsabilidad que tienen los entes p\u00fablicos de vincularse con las organizaciones que tenemos incidencia den el territorio y al mismo tiempo generar sinergia para compartir la informaci\u00f3n y el conocimiento nuevo\u201d; por su parte, el profesional de CONAF, Eugenio Ruiz, quien tambi\u00e9n estuvo presente en las actividades, destac\u00f3 la oportunidad como fundamental en el acercamiento a la comunidad, y espec\u00edficamente en lo que respecta a los funcionarios de CONAF, destac\u00f3 que adquirieron un nuevo sentido a su labor gracias al conversatorio de calidad del aire \u201cnuestros trabajadores est\u00e1n produciendo le\u00f1a seca para el pr\u00f3ximo a\u00f1o y ahora el contexto es mucho m\u00e1s importante y profundo de c\u00f3mo colaboran con la descontaminaci\u00f3n de Cochrane. Desde esa perspectiva y con todo lo que se est\u00e1 abordando, este es un ejemplo para lo que todos los servicios deber\u00edamos hacer\u201d.<\/p>\n<p style=\"text-align: justify;\">La agenda continu\u00f3 en el Liceo Austral Lord Cochrane, donde alumnos y alumnas pertenecientes a las directivas de los diferentes cursos, se reunieron para participar en un taller estilo \u201ccaf\u00e9 mundial\u201d en cambio clim\u00e1tico, donde la din\u00e1mica les permiti\u00f3 conocer las implicancias y urgencias, pero tambi\u00e9n aportar con su propia mirada a como abordar los esfuerzos de nuestra Regi\u00f3n a la adaptaci\u00f3n y mitigaci\u00f3n, conscientes de que Cochrane cuenta con 5 de los 9 criterios de vulnerabilidad identificados por Naciones Unidas ante el cambio clim\u00e1tico. Desde el \u00e1rea de residuos se realiz\u00f3 una capacitaci\u00f3n especial para funcionarios municipales sobre el Fondo Para el Reciclaje, instancia dirigida a financiar iniciativas de municipios en reciclaje de residuos, de org\u00e1nicos y para la formaci\u00f3n de recicladores de base. En otro frente, se realiz\u00f3 adem\u00e1s una capacitaci\u00f3n en calidad del aire para los miembros del Comit\u00e9 Ambiental Comunal de Cochrane.<\/p>\n<p style=\"text-align: justify;\">Finalmente, y liderados por la Delegaci\u00f3n Presidencial Provincial de Capit\u00e1n Prat, se sostuvo a una nueva sesi\u00f3n de la Mesa de Descontaminaci\u00f3n de Cochrane, instancia que comenz\u00f3 con la exposici\u00f3n por parte de la SEREMI del Medio Ambiente de la informaci\u00f3n y registro de mediciones de las estaci\u00f3n de monitoreo en Cochrane, as\u00ed como de las medidas a adoptar y descripci\u00f3n del proceso de declaratoria de una zona saturada. La serem\u00eda incluy\u00f3 adem\u00e1s la participaci\u00f3n especial de una profesional del Laboratorio Ecoclim\u00e1tico del CIEP, a cargo del proyecto de filtros electrost\u00e1ticos para la reducci\u00f3n del material particulado que emiten las cocinas a le\u00f1a, quien comparti\u00f3 los resultados de la investigaci\u00f3n como una alternativa para la comuna. El Delegado Presidencial Regional, Rodrigo Araya, quien particip\u00f3 de la agenda ciudadana relev\u00f3 \u201ces tremendamente importante compartir con la comunidad, los distintos temas tanto en relaci\u00f3n al cambio clim\u00e1tico y la contaminaci\u00f3n del aire de esta comuna en particular; y tambi\u00e9n el camino en esta mesa de descontaminaci\u00f3n, de las posibilidades que hay usando la informaci\u00f3n regional, cient\u00edfica y de nuevos dispositivos, como el presentado por el CIEP\u201d; as\u00ed tambi\u00e9n, el Alcalde Jorge Calder\u00f3n valor\u00f3 la instancia intersectorial, que permite tomar decisiones para implementar medidas preventivas que se adelanten a una zona saturada \u201ctener un PDA debiese ser la \u00faltima opci\u00f3n de lo que queremos para nuestra comuna, la experiencia de Coyhaique debiese servirnos para trazar otro destino. Nuestra comuna por el hecho de ser m\u00e1s peque\u00f1a, cada acci\u00f3n y peso que se invierta debiese tener un impacto mucho<\/p>\n<\/div><\/section><\/div><div  style='height:50px' class='hr hr-invisible   avia-builder-el-6  el_after_av_one_full  el_before_av_social_share '><span class='hr-inner ' ><span class='hr-inner-style'><\/span><\/span><\/div><\/p>\n<div  class='av-social-sharing-box  avia-builder-el-7  el_after_av_hr  el_before_av_hr  '><div class='av-share-box'><h5 class='av-share-link-description av-no-toc '>Compartir esta noticia<\/h5><ul class='av-share-box-list noLightbox'><li class='av-share-link av-social-link-facebook' ><a target=\"_blank\" aria-label=\"Compartir en Facebook\" href='https:\/\/www.facebook.com\/sharer.php?u=https:\/\/radiorevelacionfm.cl\/?p=23203&#038;t=Medio%20Ambiente%20despliega%20oferta%20program%C3%A1tica%20con%20enfoque%20ciudadano%20en%20Cochrane' aria-hidden='false' data-av_icon='\ue8f3' data-av_iconfont='entypo-fontello' title='' data-avia-related-tooltip='Compartir en Facebook' rel=\"noopener\"><span class='avia_hidden_link_text'>Compartir en Facebook<\/span><\/a><\/li><li class='av-share-link av-social-link-twitter' ><a target=\"_blank\" aria-label=\"Compartir en Twitter\" href='https:\/\/twitter.com\/share?text=Medio%20Ambiente%20despliega%20oferta%20program%C3%A1tica%20con%20enfoque%20ciudadano%20en%20Cochrane&#038;url=https:\/\/radiorevelacionfm.cl\/?p=23203' aria-hidden='false' data-av_icon='\ue8f1' data-av_iconfont='entypo-fontello' title='' data-avia-related-tooltip='Compartir en Twitter' rel=\"noopener\"><span class='avia_hidden_link_text'>Compartir en Twitter<\/span><\/a><\/li><li class='av-share-link av-social-link-whatsapp' ><a target=\"_blank\" aria-label=\"Compartir en Whatsapp\" href='https:\/\/api.whatsapp.com\/send?text=https:\/\/radiorevelacionfm.cl\/?p=23203' aria-hidden='false' data-av_icon='\uf232' data-av_iconfont='entypo-fontello' title='' data-avia-related-tooltip='Compartir en Whatsapp' rel=\"noopener\"><span class='avia_hidden_link_text'>Compartir en Whatsapp<\/span><\/a><\/li><li class='av-share-link av-social-link-linkedin' ><a target=\"_blank\" aria-label=\"Compartir en LinkedIn\" href='https:\/\/linkedin.com\/shareArticle?mini=true&#038;title=Medio%20Ambiente%20despliega%20oferta%20program%C3%A1tica%20con%20enfoque%20ciudadano%20en%20Cochrane&#038;url=https:\/\/radiorevelacionfm.cl\/?p=23203' aria-hidden='false' data-av_icon='\ue8fc' data-av_iconfont='entypo-fontello' title='' data-avia-related-tooltip='Compartir en LinkedIn' rel=\"noopener\"><span class='avia_hidden_link_text'>Compartir en LinkedIn<\/span><\/a><\/li><li class='av-share-link av-social-link-mail' ><a  aria-label=\"Compartir por correo\" href='mailto:?subject=Medio%20Ambiente%20despliega%20oferta%20program%C3%A1tica%20con%20enfoque%20ciudadano%20en%20Cochrane&#038;body=https:\/\/radiorevelacionfm.cl\/?p=23203' aria-hidden='false' data-av_icon='\ue805' data-av_iconfont='entypo-fontello' title='' data-avia-related-tooltip='Compartir por correo'><span class='avia_hidden_link_text'>Compartir por correo<\/span><\/a><\/li><\/ul><\/div><\/div>\n<div  style='height:50px' class='hr hr-invisible   avia-builder-el-8  el_after_av_social_share  el_before_av_comments_list '><span class='hr-inner ' ><span class='hr-inner-style'><\/span><\/span><\/div>\n<div  class='av-buildercomment  av-blog-meta-html-info-disabled av-blog-meta-tag-disabled  '><\/div>\n","protected":false},"excerpt":{"rendered":"","protected":false},"author":1,"featured_media":23204,"comment_status":"open","ping_status":"open","sticky":false,"template":"","format":"standard","meta":{"footnotes":""},"categories":[39],"tags":[],"class_list":["post-23203","post","type-post","status-publish","format-standard","has-post-thumbnail","hentry","category-medio-ambiente"],"jetpack_featured_media_url":"https:\/\/radiorevelacionfm.cl\/wp-content\/uploads\/2022\/10\/dsc_6775-1_optimized.jpg","_links":{"self":[{"href":"https:\/\/radiorevelacionfm.cl\/index.php?rest_route=\/wp\/v2\/posts\/23203","targetHints":{"allow":["GET"]}}],"collection":[{"href":"https:\/\/radiorevelacionfm.cl\/index.php?rest_route=\/wp\/v2\/posts"}],"about":[{"href":"https:\/\/radiorevelacionfm.cl\/index.php?rest_route=\/wp\/v2\/types\/post"}],"author":[{"embeddable":true,"href":"https:\/\/radiorevelacionfm.cl\/index.php?rest_route=\/wp\/v2\/users\/1"}],"replies":[{"embeddable":true,"href":"https:\/\/radiorevelacionfm.cl\/index.php?rest_route=%2Fwp%2Fv2%2Fcomments&post=23203"}],"version-history":[{"count":2,"href":"https:\/\/radiorevelacionfm.cl\/index.php?rest_route=\/wp\/v2\/posts\/23203\/revisions"}],"predecessor-version":[{"id":23240,"href":"https:\/\/radiorevelacionfm.cl\/index.php?rest_route=\/wp\/v2\/posts\/23203\/revisions\/23240"}],"wp:featuredmedia":[{"embeddable":true,"href":"https:\/\/radiorevelacionfm.cl\/index.php?rest_route=\/wp\/v2\/media\/23204"}],"wp:attachment":[{"href":"https:\/\/radiorevelacionfm.cl\/index.php?rest_route=%2Fwp%2Fv2%2Fmedia&parent=23203"}],"wp:term":[{"taxonomy":"category","embeddable":true,"href":"https:\/\/radiorevelacionfm.cl\/index.php?rest_route=%2Fwp%2Fv2%2Fcategories&post=23203"},{"taxonomy":"post_tag","embeddable":true,"href":"https:\/\/radiorevelacionfm.cl\/index.php?rest_route=%2Fwp%2Fv2%2Ftags&post=23203"}],"curies":[{"name":"wp","href":"https:\/\/api.w.org\/{rel}","templated":true}]}}