{"id":23198,"date":"2022-10-19T15:13:25","date_gmt":"2022-10-19T18:13:25","guid":{"rendered":"https:\/\/radiorevelacionfm.cl\/?p=23198"},"modified":"2022-10-19T15:13:25","modified_gmt":"2022-10-19T18:13:25","slug":"lanzan-semana-de-ciencia-abierta-con-actividades-para-las-comunidades-de-aysen-y-magallanes","status":"publish","type":"post","link":"https:\/\/radiorevelacionfm.cl\/?p=23198","title":{"rendered":"Lanzan Semana de Ciencia Abierta con actividades para las comunidades de Ays\u00e9n y Magallanes"},"content":{"rendered":"<div class=\"flex_column av_one_full  flex_column_div av-zero-column-padding first  avia-builder-el-0  el_before_av_one_full  avia-builder-el-first  \" style='border-radius:0px; '><div  class='avia-image-container  av-styling-    avia-builder-el-1  avia-builder-el-no-sibling  avia-align-center '  itemprop=\"image\" itemscope=\"itemscope\" itemtype=\"https:\/\/schema.org\/ImageObject\"  ><div class='avia-image-container-inner'><div class='avia-image-overlay-wrap'><img decoding=\"async\" class='wp-image-23200 avia-img-lazy-loading-not-23200 avia_image' src=\"https:\/\/radiorevelacionfm.cl\/wp-content\/uploads\/2022\/10\/Semana-Ciencia-Abierta-1-1.jpg\" alt='' title='Semana Ciencia Abierta (1) (1)' height=\"600\" width=\"600\"  itemprop=\"thumbnailUrl\" srcset=\"https:\/\/radiorevelacionfm.cl\/wp-content\/uploads\/2022\/10\/Semana-Ciencia-Abierta-1-1.jpg 600w, https:\/\/radiorevelacionfm.cl\/wp-content\/uploads\/2022\/10\/Semana-Ciencia-Abierta-1-1-300x300.jpg 300w, https:\/\/radiorevelacionfm.cl\/wp-content\/uploads\/2022\/10\/Semana-Ciencia-Abierta-1-1-80x80.jpg 80w, https:\/\/radiorevelacionfm.cl\/wp-content\/uploads\/2022\/10\/Semana-Ciencia-Abierta-1-1-36x36.jpg 36w, https:\/\/radiorevelacionfm.cl\/wp-content\/uploads\/2022\/10\/Semana-Ciencia-Abierta-1-1-180x180.jpg 180w, https:\/\/radiorevelacionfm.cl\/wp-content\/uploads\/2022\/10\/Semana-Ciencia-Abierta-1-1-100x100.jpg 100w\" sizes=\"(max-width: 600px) 100vw, 600px\" \/><\/div><\/div><\/div><\/div><div class=\"flex_column av_one_full  flex_column_div av-zero-column-padding first  avia-builder-el-2  el_after_av_one_full  el_before_av_one_full  column-top-margin\" style='border-radius:0px; '><section class=\"av_textblock_section \"  itemscope=\"itemscope\" itemtype=\"https:\/\/schema.org\/BlogPosting\" itemprop=\"blogPost\" ><div class='avia_textblock  '   itemprop=\"text\" ><p style=\"text-align: center;\"><strong><span style=\"font-size: 18pt;\">Lanzan Semana de Ciencia Abierta con actividades para las comunidades de Ays\u00e9n y Magallanes<\/span><\/strong><\/p>\n<div id=\"gtx-trans\" style=\"position: absolute; left: -50px; top: 4.31534px;\">\n<div class=\"gtx-trans-icon\"><\/div>\n<\/div>\n<\/div><\/section><\/div><div class=\"flex_column av_one_full  flex_column_div av-zero-column-padding first  avia-builder-el-4  el_after_av_one_full  el_before_av_hr  column-top-margin\" style='border-radius:0px; '><section class=\"av_textblock_section \"  itemscope=\"itemscope\" itemtype=\"https:\/\/schema.org\/BlogPosting\" itemprop=\"blogPost\" ><div class='avia_textblock  '   itemprop=\"text\" ><p dir=\"ltr\" style=\"text-align: justify;\">Obras de teatro y cortos animados inspirados en tem\u00e1ticas medioambientales; una charla abierta sobre la Hoja de Ruta en materia de ciencia, tecnolog\u00eda, conocimiento e innovaci\u00f3n; salidas a terreno guiadas por cient\u00edficos y cient\u00edficas; adem\u00e1s de presentaciones y conversatorios son parte de las actividades que dar\u00e1n vida a la \u201cSemana de Ciencia Abierta\u201d, que se realizar\u00e1 entre el 25 y 29 de octubre, de manera presencial y virtual. Se trata de una experiencia in\u00e9dita, en la que el proyecto Nodo Ciencia Austral, abrir\u00e1 sus puertas a toda la comunidad de las regiones de Ays\u00e9n, Magallanes y de la Ant\u00e1rtica Chilena.<\/p>\n<p dir=\"ltr\" style=\"text-align: justify;\">En este contexto, el director del proyecto Nodo Ciencia Austral, Dr. Juan Carlos Aravena, coment\u00f3 que esta iniciativa \u201ces una oportunidad para informar, educar y sensibilizar a la comunidad de toda Macrozona. Es la primera experiencia del Nodo Ciencia Austral abierta a la comunidad en general y que se llevar\u00e1 a cabo en forma simult\u00e1nea en ambas regiones. De esta manera, invitamos a toda la comunidad de Ays\u00e9n y Magallanes a informarse, a inscribirse y a participar de esta semana, esperemos sea una oportunidad de compartir conocimiento, experiencias y apropiarnos de este concepto de ciencia abierta\u201d.<\/p>\n<p dir=\"ltr\" style=\"text-align: justify;\">La Semana de Ciencia Abierta contempla espacios formativos y educativos para p\u00fablicos de diversas edades e intereses, cuyas inscripciones ya se encuentran abiertas a trav\u00e9s de un formulario online. De visita en la regi\u00f3n de Ays\u00e9n, los investigadores Juan Carlos Aravena y Eduardo Barros dar\u00e1n una charla en Coyhaique titulada \u201cPlanificaci\u00f3n Macrozonal hacia el 2030: Metodolog\u00eda y avances de la Hoja de Ruta en CTCI para las regiones de Ays\u00e9n, Magallanes y de la Ant\u00e1rtica Chilena\u201d, que se realizar\u00e1 el mi\u00e9rcoles 26 de octubre de 16:30 a 18:00 horas en el Sal\u00f3n Augusto Grosse del MOP. En tanto, de manera virtual, la Dra. Trace Gale, Investigadora CIEP, liderar\u00e1 el conversatorio \u201c\u00bfQu\u00e9 opinan los habitantes de la macrozona austral sobre la ciencia?\u201d, donde se presentar\u00e1n los resultados de la primera encuesta ciudadana de percepci\u00f3n de la ciencia aplicada en este territorio. Por otra parte, el proyecto Nodo Laboratorios Naturales Subant\u00e1rticos invitar\u00e1 a un mapeo participativo a cargo del investigador Andr\u00e9s Adiego. Adem\u00e1s de otras presentaciones enfocadas en promover el desarrollo y difusi\u00f3n de la ciencia de manera m\u00e1s abierta, accesible, eficiente y transparente, siguiendo las recomendaciones de Unesco.<\/p>\n<p dir=\"ltr\" style=\"text-align: justify;\">Para estudiantes de ense\u00f1anza b\u00e1sica y media se contemplan diversas actividades. En Punta Arenas, se presentar\u00e1 la obra de teatro \u201cSuperh\u00e9roes del reciclaje\u201d de la compa\u00f1\u00eda \u201cReloj de Arena\u201d y se realizar\u00e1 un ciclo de cortos animados que itinerar\u00e1 por los establecimientos educativos con una mediaci\u00f3n a cargo de un equipo de investigadoras del proyecto. Mientras que en Coyhaique, la programaci\u00f3n contempla una funci\u00f3n de la obra \u201cAire\u201d de la compa\u00f1\u00eda regional Teatro Huevo, inspirada en el conflicto socioambiental de la contaminaci\u00f3n de la capital regional. Adem\u00e1s de visitas a Cerro Galera y Reserva Nacional R\u00edo Simpson guiadas por investigadores de CIEP y Universidad de Ays\u00e9n, y monitores del programa PAR Explora Ays\u00e9n.<\/p>\n<p dir=\"ltr\" style=\"text-align: justify;\">La Semana de Ciencia Abierta es impulsada por las cuatro instituciones ejecutoras del proyecto Nodo Ciencia Austral: Universidad de Magallanes, Universidad de Ays\u00e9n, Instituto Ant\u00e1rtico Chileno (INACH) y Centro de Investigaci\u00f3n en Ecosistemas de la Patagonia (CIEP). Se desarrolla en alianza con otros representantes del ecosistema de ciencia y tecnolog\u00eda de la Macrozona, como el proyecto Nodo Laboratorios Naturales Subant\u00e1rticos, PAR Explora Ays\u00e9n y la Secretaria Regional del Ministerio de Ciencia y Tecnolog\u00eda. Una iniciativa financiada por la Agencia Nacional de Investigaci\u00f3n y Desarrollo (ANID).<\/p>\n<p dir=\"ltr\" style=\"text-align: justify;\">INSCRIPCI\u00d3N A SEMANA DE CIENCIA ABIERTA:<\/p>\n<p dir=\"ltr\"><a href=\"https:\/\/docs.google.com\/forms\/d\/1OV6FJHqac-OedKPaNFlv2Ae1JkXvQBskSXGRsr-Dk40\/edit?ts=634eb357\" target=\"_blank\" rel=\"noopener\" data-saferedirecturl=\"https:\/\/www.google.com\/url?q=https:\/\/docs.google.com\/forms\/d\/1OV6FJHqac-OedKPaNFlv2Ae1JkXvQBskSXGRsr-Dk40\/edit?ts%3D634eb357&amp;source=gmail&amp;ust=1666277325676000&amp;usg=AOvVaw2fKmMRiMcL7QVU6EueY_4A\">https:\/\/docs.google.com\/forms\/<wbr \/>d\/1OV6FJHqac-<wbr \/>OedKPaNFlv2Ae1JkXvQBskSXGRsr-<wbr \/>Dk40\/edit?ts=634eb357<\/a><\/p>\n<\/div><\/section><\/div><div  style='height:50px' class='hr hr-invisible   avia-builder-el-6  el_after_av_one_full  el_before_av_social_share '><span class='hr-inner ' ><span class='hr-inner-style'><\/span><\/span><\/div><\/p>\n<div  class='av-social-sharing-box  avia-builder-el-7  el_after_av_hr  el_before_av_hr  '><div class='av-share-box'><h5 class='av-share-link-description av-no-toc '>Compartir esta noticia<\/h5><ul class='av-share-box-list noLightbox'><li class='av-share-link av-social-link-facebook' ><a target=\"_blank\" aria-label=\"Compartir en Facebook\" href='https:\/\/www.facebook.com\/sharer.php?u=https:\/\/radiorevelacionfm.cl\/?p=23198&#038;t=Lanzan%20Semana%20de%20Ciencia%20Abierta%20con%20actividades%20para%20las%20comunidades%20de%20Ays%C3%A9n%20y%20Magallanes' aria-hidden='false' data-av_icon='\ue8f3' data-av_iconfont='entypo-fontello' title='' data-avia-related-tooltip='Compartir en Facebook' rel=\"noopener\"><span class='avia_hidden_link_text'>Compartir en Facebook<\/span><\/a><\/li><li class='av-share-link av-social-link-twitter' ><a target=\"_blank\" aria-label=\"Compartir en Twitter\" href='https:\/\/twitter.com\/share?text=Lanzan%20Semana%20de%20Ciencia%20Abierta%20con%20actividades%20para%20las%20comunidades%20de%20Ays%C3%A9n%20y%20Magallanes&#038;url=https:\/\/radiorevelacionfm.cl\/?p=23198' aria-hidden='false' data-av_icon='\ue8f1' data-av_iconfont='entypo-fontello' title='' data-avia-related-tooltip='Compartir en Twitter' rel=\"noopener\"><span class='avia_hidden_link_text'>Compartir en Twitter<\/span><\/a><\/li><li class='av-share-link av-social-link-whatsapp' ><a target=\"_blank\" aria-label=\"Compartir en Whatsapp\" href='https:\/\/api.whatsapp.com\/send?text=https:\/\/radiorevelacionfm.cl\/?p=23198' aria-hidden='false' data-av_icon='\uf232' data-av_iconfont='entypo-fontello' title='' data-avia-related-tooltip='Compartir en Whatsapp' rel=\"noopener\"><span class='avia_hidden_link_text'>Compartir en Whatsapp<\/span><\/a><\/li><li class='av-share-link av-social-link-linkedin' ><a target=\"_blank\" aria-label=\"Compartir en LinkedIn\" href='https:\/\/linkedin.com\/shareArticle?mini=true&#038;title=Lanzan%20Semana%20de%20Ciencia%20Abierta%20con%20actividades%20para%20las%20comunidades%20de%20Ays%C3%A9n%20y%20Magallanes&#038;url=https:\/\/radiorevelacionfm.cl\/?p=23198' aria-hidden='false' data-av_icon='\ue8fc' data-av_iconfont='entypo-fontello' title='' data-avia-related-tooltip='Compartir en LinkedIn' rel=\"noopener\"><span class='avia_hidden_link_text'>Compartir en LinkedIn<\/span><\/a><\/li><li class='av-share-link av-social-link-mail' ><a  aria-label=\"Compartir por correo\" href='mailto:?subject=Lanzan%20Semana%20de%20Ciencia%20Abierta%20con%20actividades%20para%20las%20comunidades%20de%20Ays%C3%A9n%20y%20Magallanes&#038;body=https:\/\/radiorevelacionfm.cl\/?p=23198' aria-hidden='false' data-av_icon='\ue805' data-av_iconfont='entypo-fontello' title='' data-avia-related-tooltip='Compartir por correo'><span class='avia_hidden_link_text'>Compartir por correo<\/span><\/a><\/li><\/ul><\/div><\/div>\n<div  style='height:50px' class='hr hr-invisible   avia-builder-el-8  el_after_av_social_share  el_before_av_comments_list '><span class='hr-inner ' ><span class='hr-inner-style'><\/span><\/span><\/div>\n<div  class='av-buildercomment  av-blog-meta-html-info-disabled av-blog-meta-tag-disabled  '><\/div>\n","protected":false},"excerpt":{"rendered":"","protected":false},"author":1,"featured_media":23199,"comment_status":"open","ping_status":"open","sticky":false,"template":"","format":"standard","meta":{"footnotes":""},"categories":[53],"tags":[],"class_list":["post-23198","post","type-post","status-publish","format-standard","has-post-thumbnail","hentry","category-ciencia"],"jetpack_featured_media_url":"https:\/\/radiorevelacionfm.cl\/wp-content\/uploads\/2022\/10\/Semana-Ciencia-Abierta2-1-1.jpg","_links":{"self":[{"href":"https:\/\/radiorevelacionfm.cl\/index.php?rest_route=\/wp\/v2\/posts\/23198","targetHints":{"allow":["GET"]}}],"collection":[{"href":"https:\/\/radiorevelacionfm.cl\/index.php?rest_route=\/wp\/v2\/posts"}],"about":[{"href":"https:\/\/radiorevelacionfm.cl\/index.php?rest_route=\/wp\/v2\/types\/post"}],"author":[{"embeddable":true,"href":"https:\/\/radiorevelacionfm.cl\/index.php?rest_route=\/wp\/v2\/users\/1"}],"replies":[{"embeddable":true,"href":"https:\/\/radiorevelacionfm.cl\/index.php?rest_route=%2Fwp%2Fv2%2Fcomments&post=23198"}],"version-history":[{"count":2,"href":"https:\/\/radiorevelacionfm.cl\/index.php?rest_route=\/wp\/v2\/posts\/23198\/revisions"}],"predecessor-version":[{"id":23211,"href":"https:\/\/radiorevelacionfm.cl\/index.php?rest_route=\/wp\/v2\/posts\/23198\/revisions\/23211"}],"wp:featuredmedia":[{"embeddable":true,"href":"https:\/\/radiorevelacionfm.cl\/index.php?rest_route=\/wp\/v2\/media\/23199"}],"wp:attachment":[{"href":"https:\/\/radiorevelacionfm.cl\/index.php?rest_route=%2Fwp%2Fv2%2Fmedia&parent=23198"}],"wp:term":[{"taxonomy":"category","embeddable":true,"href":"https:\/\/radiorevelacionfm.cl\/index.php?rest_route=%2Fwp%2Fv2%2Fcategories&post=23198"},{"taxonomy":"post_tag","embeddable":true,"href":"https:\/\/radiorevelacionfm.cl\/index.php?rest_route=%2Fwp%2Fv2%2Ftags&post=23198"}],"curies":[{"name":"wp","href":"https:\/\/api.w.org\/{rel}","templated":true}]}}