{"id":23194,"date":"2022-10-19T11:36:03","date_gmt":"2022-10-19T14:36:03","guid":{"rendered":"https:\/\/radiorevelacionfm.cl\/?p=23194"},"modified":"2022-10-19T11:36:03","modified_gmt":"2022-10-19T14:36:03","slug":"inicia-postulacion-al-segundo-llamado-del-ano-para-el-subsidio-de-sectores-medios","status":"publish","type":"post","link":"https:\/\/radiorevelacionfm.cl\/?p=23194","title":{"rendered":"Inicia postulaci\u00f3n al segundo llamado del a\u00f1o para el Subsidio de Sectores Medios"},"content":{"rendered":"<div class=\"flex_column av_one_full  flex_column_div av-zero-column-padding first  avia-builder-el-0  el_before_av_one_full  avia-builder-el-first  \" style='border-radius:0px; '><div  class='avia-image-container  av-styling-    avia-builder-el-1  avia-builder-el-no-sibling  avia-align-center '  itemprop=\"image\" itemscope=\"itemscope\" itemtype=\"https:\/\/schema.org\/ImageObject\"  ><div class='avia-image-container-inner'><div class='avia-image-overlay-wrap'><img decoding=\"async\" class='wp-image-23195 avia-img-lazy-loading-not-23195 avia_image' src=\"https:\/\/radiorevelacionfm.cl\/wp-content\/uploads\/2022\/10\/image001-2-1-1.jpg\" alt='' title='image001 (2) (1) (1)' height=\"600\" width=\"839\"  itemprop=\"thumbnailUrl\" srcset=\"https:\/\/radiorevelacionfm.cl\/wp-content\/uploads\/2022\/10\/image001-2-1-1.jpg 839w, https:\/\/radiorevelacionfm.cl\/wp-content\/uploads\/2022\/10\/image001-2-1-1-300x215.jpg 300w, https:\/\/radiorevelacionfm.cl\/wp-content\/uploads\/2022\/10\/image001-2-1-1-768x549.jpg 768w, https:\/\/radiorevelacionfm.cl\/wp-content\/uploads\/2022\/10\/image001-2-1-1-260x185.jpg 260w, https:\/\/radiorevelacionfm.cl\/wp-content\/uploads\/2022\/10\/image001-2-1-1-705x504.jpg 705w, https:\/\/radiorevelacionfm.cl\/wp-content\/uploads\/2022\/10\/image001-2-1-1-600x429.jpg 600w\" sizes=\"(max-width: 839px) 100vw, 839px\" \/><\/div><\/div><\/div><\/div><div class=\"flex_column av_one_full  flex_column_div av-zero-column-padding first  avia-builder-el-2  el_after_av_one_full  el_before_av_one_full  column-top-margin\" style='border-radius:0px; '><section class=\"av_textblock_section \"  itemscope=\"itemscope\" itemtype=\"https:\/\/schema.org\/BlogPosting\" itemprop=\"blogPost\" ><div class='avia_textblock  '   itemprop=\"text\" ><p style=\"text-align: center;\"><strong><span style=\"font-size: 18pt;\">Inicia postulaci\u00f3n al segundo llamado del a\u00f1o para el Subsidio de Sectores Medios<\/span><\/strong><\/p>\n<div id=\"gtx-trans\" style=\"position: absolute; left: -50px; top: 4.31534px;\">\n<div class=\"gtx-trans-icon\"><\/div>\n<\/div>\n<\/div><\/section><\/div><div class=\"flex_column av_one_full  flex_column_div av-zero-column-padding first  avia-builder-el-4  el_after_av_one_full  el_before_av_hr  column-top-margin\" style='border-radius:0px; '><section class=\"av_textblock_section \"  itemscope=\"itemscope\" itemtype=\"https:\/\/schema.org\/BlogPosting\" itemprop=\"blogPost\" ><div class='avia_textblock  '   itemprop=\"text\" ><p style=\"font-weight: 400; text-align: justify;\">Esta ma\u00f1ana, el Ministerio de Vivienda y Urbanismo anunci\u00f3 la apertura de un nuevo llamado para el\u00a0Subsidio para familias de sectores medios (D.S.1),\u00a0y que se extender\u00e1 hasta el\u00a0<strong>viernes 28 de octubre a las 16:00 horas. <\/strong>Este segundo llamado del a\u00f1o, permite a las familias acceder a un subsidio habitacional complementando en algunos casos con un cr\u00e9dito hipotecario. Las familias deben contar con el ahorro que deb\u00eda estar depositado en sus cuentas a m\u00e1s tardar el pasado 30 de septiembre. Adem\u00e1s, las y los postulantes deber\u00e1n cumplir con los requisitos establecidos para cada tramo al que deseen acceder.<\/p>\n<p style=\"font-weight: 400; text-align: justify;\">Este beneficio, en sus diferentes modalidades, est\u00e1 enfocado en las familias que no son propietarias de una vivienda, que cuentan con una capacidad de ahorro y\/o acceso a un cr\u00e9dito hipotecario, pero que requieren de un apoyo por parte del Estado para acceder a una soluci\u00f3n habitacional definitiva.<\/p>\n<p style=\"font-weight: 400; text-align: justify;\">El Ministro de Vivienda y Urbanismo,\u00a0Carlos Montes, explic\u00f3 que \u201cPara este segundo llamado del a\u00f1o, vamos a beneficiar a 7.108 familias de todo Chile, familias de sectores medios que sabemos que tambi\u00e9n tienen una necesidad habitacional importante\u201d. Y agreg\u00f3, \u201chay distintas modalidades, pueden ser viviendas nuevas en proyectos en construcci\u00f3n DS19 o tambi\u00e9n en viviendas usadas que cumplan con los requisitos. Adem\u00e1s, existe la opci\u00f3n de quienes tienen un sitio propio puedan construir sin moverse de su entorno\u201d.<\/p>\n<ul style=\"text-align: justify;\">\n<li style=\"font-weight: 400;\"><strong>V\u00eda autom\u00e1tica: <\/strong>Estar\u00e1 operativa a partir del 19 de octubre y ser\u00e1 para aquellas personas que postularon al Primer Llamado 2022 del Subsidio para Sectores Medios (realizado entre el 19 y el 29 de abril de este a\u00f1o) y que no fueron seleccionadas, podr\u00e1n postular al actual llamado si cumplen con los requisitos exigidos para cada uno de los Tramos y aceptar la propuesta de postulaci\u00f3n que el Minvu enviar\u00e1 a sus correos electr\u00f3nicos o directamente en\u00a0<a href=\"http:\/\/www.minvu.cl\/\" data-saferedirecturl=\"https:\/\/www.google.com\/url?q=http:\/\/www.minvu.cl&amp;source=gmail&amp;ust=1666274252467000&amp;usg=AOvVaw0RHaAqMBncl24NTBBLK4wl\">www.minvu.cl<\/a>. Adem\u00e1s, podr\u00e1n optar por cambiar su Tramo de postulaci\u00f3n si acreditan los requisitos para hacerlo.<\/li>\n<\/ul>\n<ul style=\"text-align: justify;\">\n<li style=\"font-weight: 400;\"><strong> Postulaci\u00f3n en l\u00ednea: <\/strong>Esta ser\u00e1 a partir del 20 de octubre y est\u00e1 dirigido a personas interesadas en postular en la modalidad de adquisici\u00f3n de viviendas, en la alternativa individual. Para esto, tanto el postulante como los integrantes de su n\u00facleo familiar mayores de 18 a\u00f1os, exceptuando a su c\u00f3nyuge deben contar con su Clave \u00danica entregada por el Servicio de Registro Civil e Identificaci\u00f3n); tener sus ahorros en instituciones financieras con informaci\u00f3n en l\u00ednea con el Minvu (Banco Estado, Banco Scotiabank, Coopeuch y Caja Los Andes); y que no necesiten acreditar ninguna situaci\u00f3n especial con documentaci\u00f3n anexa.<\/li>\n<\/ul>\n<ul style=\"text-align: justify;\">\n<li style=\"font-weight: 400;\"><strong> Formulario de Atenci\u00f3n Ciudadana: <\/strong>A partir del 24 de octubre, podr\u00e1n postular las personas que no puedan materializar su postulaci\u00f3n a trav\u00e9s de las v\u00edas se\u00f1aladas anteriormente, podr\u00e1n presentar su solicitud de postulaci\u00f3n a trav\u00e9s de la plataforma \u201cFormulario de Atenci\u00f3n Ciudadana\u201d adjuntando los documentos que ser\u00e1n solicitados.<\/li>\n<\/ul>\n<p style=\"font-weight: 400; text-align: justify;\">Para postular en forma digital se debe contar con la Clave \u00danica otorgada por el Servicio de Registro Civil.<\/p>\n<p style=\"font-weight: 400; text-align: justify;\"><strong>Consideraciones especiales para este llamado:<\/strong><\/p>\n<ul style=\"text-align: justify;\">\n<li style=\"font-weight: 400;\">Se aceptar\u00e1n las c\u00e9dulas de Identidad que no est\u00e9n vigentes. (D.S. N\u00b0147 de 2021 del Ministerio de Justicia y DDHH).<\/li>\n<li style=\"font-weight: 400;\">No se exigir\u00e1 preaprobaci\u00f3n de un cr\u00e9dito hipotecario.<\/li>\n<li style=\"font-weight: 400;\">Para aquellos postulantes a la modalidad de Construcci\u00f3n en Sitio Propio que hayan postulado al primer o segundo llamado 2021\u00a0 o primer llamado 2022 y que no resultaron seleccionados, se les considerar\u00e1n los documentos de acreditaci\u00f3n del terreno y factibilidades presentados en los anteriores llamados. Para los que no han postulado anteriormente, estos documentos deben haber sido emitidos a partir del 1\u00b0 de enero de 2021.<\/li>\n<\/ul>\n<p style=\"font-weight: 400; text-align: justify;\"><strong>Montos del subsidio:<\/strong><\/p>\n<p style=\"font-weight: 400; text-align: justify;\">El llamado considera 2 modalidades de postulaci\u00f3n:<\/p>\n<p style=\"font-weight: 400; text-align: justify;\">Adquisici\u00f3n de viviendas: Permite comprar una vivienda nueva o usada en algunos de los siguientes tramos de precio de vivienda, para lo que se deben cumplir distintos requisitos de ahorro y calificaci\u00f3n socioecon\u00f3mica:<\/p>\n<ul style=\"text-align: justify;\">\n<li style=\"font-weight: 400;\"><strong> Tramo 1: <\/strong>Viviendas hasta 1.100 UF ($37.683.000). Necesita un ahorro m\u00ednimo de 30 UF ($1.027.740)<\/li>\n<li style=\"font-weight: 400;\"><strong>Tramo 2: <\/strong>Viviendas hasta 1.600 UF ($54.812.800). Necesita un ahorro m\u00ednimo de 40 UF ($1.370.320)<\/li>\n<li style=\"font-weight: 400;\"><strong>Tramo 3: <\/strong>Viviendas hasta 2.200 UF ($75.367.600). Necesita un ahorro m\u00ednimo de 80 UF ($2.740.640)<\/li>\n<\/ul>\n<p style=\"font-weight: 400; text-align: justify;\"><strong>Construcci\u00f3n en Sitio Propio:<\/strong>\u00a0Permite la construcci\u00f3n de una vivienda en sitio propio o en densificaci\u00f3n predial (construcci\u00f3n de una vivienda en un terreno donde ya existe otra). Considera los siguientes tramos:<\/p>\n<ul style=\"text-align: justify;\">\n<li style=\"font-weight: 400;\"><strong>Tramo 2: <\/strong>Viviendas hasta 1.600 UF<\/li>\n<li style=\"font-weight: 400;\"><strong>Tramo 3: <\/strong>Viviendas hasta 2.200 UF<\/li>\n<\/ul>\n<p style=\"font-weight: 400; text-align: justify;\">Las zonas extremas (regiones de Arica y Parinacota, Tarapac\u00e1, Antofagasta, Atacama, Ays\u00e9n y Magallanes), tienen topes de viviendas y montos de subsidios diferentes.<\/p>\n<\/div><\/section><\/div><div  style='height:50px' class='hr hr-invisible   avia-builder-el-6  el_after_av_one_full  el_before_av_social_share '><span class='hr-inner ' ><span class='hr-inner-style'><\/span><\/span><\/div><\/p>\n<div  class='av-social-sharing-box  avia-builder-el-7  el_after_av_hr  el_before_av_hr  '><div class='av-share-box'><h5 class='av-share-link-description av-no-toc '>Compartir esta noticia<\/h5><ul class='av-share-box-list noLightbox'><li class='av-share-link av-social-link-facebook' ><a target=\"_blank\" aria-label=\"Compartir en Facebook\" href='https:\/\/www.facebook.com\/sharer.php?u=https:\/\/radiorevelacionfm.cl\/?p=23194&#038;t=Inicia%20postulaci%C3%B3n%20al%20segundo%20llamado%20del%20a%C3%B1o%20para%20el%20Subsidio%20de%20Sectores%20Medios' aria-hidden='false' data-av_icon='\ue8f3' data-av_iconfont='entypo-fontello' title='' data-avia-related-tooltip='Compartir en Facebook' rel=\"noopener\"><span class='avia_hidden_link_text'>Compartir en Facebook<\/span><\/a><\/li><li class='av-share-link av-social-link-twitter' ><a target=\"_blank\" aria-label=\"Compartir en Twitter\" href='https:\/\/twitter.com\/share?text=Inicia%20postulaci%C3%B3n%20al%20segundo%20llamado%20del%20a%C3%B1o%20para%20el%20Subsidio%20de%20Sectores%20Medios&#038;url=https:\/\/radiorevelacionfm.cl\/?p=23194' aria-hidden='false' data-av_icon='\ue8f1' data-av_iconfont='entypo-fontello' title='' data-avia-related-tooltip='Compartir en Twitter' rel=\"noopener\"><span class='avia_hidden_link_text'>Compartir en Twitter<\/span><\/a><\/li><li class='av-share-link av-social-link-whatsapp' ><a target=\"_blank\" aria-label=\"Compartir en Whatsapp\" href='https:\/\/api.whatsapp.com\/send?text=https:\/\/radiorevelacionfm.cl\/?p=23194' aria-hidden='false' data-av_icon='\uf232' data-av_iconfont='entypo-fontello' title='' data-avia-related-tooltip='Compartir en Whatsapp' rel=\"noopener\"><span class='avia_hidden_link_text'>Compartir en Whatsapp<\/span><\/a><\/li><li class='av-share-link av-social-link-linkedin' ><a target=\"_blank\" aria-label=\"Compartir en LinkedIn\" href='https:\/\/linkedin.com\/shareArticle?mini=true&#038;title=Inicia%20postulaci%C3%B3n%20al%20segundo%20llamado%20del%20a%C3%B1o%20para%20el%20Subsidio%20de%20Sectores%20Medios&#038;url=https:\/\/radiorevelacionfm.cl\/?p=23194' aria-hidden='false' data-av_icon='\ue8fc' data-av_iconfont='entypo-fontello' title='' data-avia-related-tooltip='Compartir en LinkedIn' rel=\"noopener\"><span class='avia_hidden_link_text'>Compartir en LinkedIn<\/span><\/a><\/li><li class='av-share-link av-social-link-mail' ><a  aria-label=\"Compartir por correo\" href='mailto:?subject=Inicia%20postulaci%C3%B3n%20al%20segundo%20llamado%20del%20a%C3%B1o%20para%20el%20Subsidio%20de%20Sectores%20Medios&#038;body=https:\/\/radiorevelacionfm.cl\/?p=23194' aria-hidden='false' data-av_icon='\ue805' data-av_iconfont='entypo-fontello' title='' data-avia-related-tooltip='Compartir por correo'><span class='avia_hidden_link_text'>Compartir por correo<\/span><\/a><\/li><\/ul><\/div><\/div>\n<div  style='height:50px' class='hr hr-invisible   avia-builder-el-8  el_after_av_social_share  el_before_av_comments_list '><span class='hr-inner ' ><span class='hr-inner-style'><\/span><\/span><\/div>\n<div  class='av-buildercomment  av-blog-meta-html-info-disabled av-blog-meta-tag-disabled  '><\/div>\n","protected":false},"excerpt":{"rendered":"","protected":false},"author":1,"featured_media":23195,"comment_status":"open","ping_status":"open","sticky":false,"template":"","format":"standard","meta":{"footnotes":""},"categories":[57],"tags":[],"class_list":["post-23194","post","type-post","status-publish","format-standard","has-post-thumbnail","hentry","category-vivienda"],"jetpack_featured_media_url":"https:\/\/radiorevelacionfm.cl\/wp-content\/uploads\/2022\/10\/image001-2-1-1.jpg","_links":{"self":[{"href":"https:\/\/radiorevelacionfm.cl\/index.php?rest_route=\/wp\/v2\/posts\/23194","targetHints":{"allow":["GET"]}}],"collection":[{"href":"https:\/\/radiorevelacionfm.cl\/index.php?rest_route=\/wp\/v2\/posts"}],"about":[{"href":"https:\/\/radiorevelacionfm.cl\/index.php?rest_route=\/wp\/v2\/types\/post"}],"author":[{"embeddable":true,"href":"https:\/\/radiorevelacionfm.cl\/index.php?rest_route=\/wp\/v2\/users\/1"}],"replies":[{"embeddable":true,"href":"https:\/\/radiorevelacionfm.cl\/index.php?rest_route=%2Fwp%2Fv2%2Fcomments&post=23194"}],"version-history":[{"count":2,"href":"https:\/\/radiorevelacionfm.cl\/index.php?rest_route=\/wp\/v2\/posts\/23194\/revisions"}],"predecessor-version":[{"id":23197,"href":"https:\/\/radiorevelacionfm.cl\/index.php?rest_route=\/wp\/v2\/posts\/23194\/revisions\/23197"}],"wp:featuredmedia":[{"embeddable":true,"href":"https:\/\/radiorevelacionfm.cl\/index.php?rest_route=\/wp\/v2\/media\/23195"}],"wp:attachment":[{"href":"https:\/\/radiorevelacionfm.cl\/index.php?rest_route=%2Fwp%2Fv2%2Fmedia&parent=23194"}],"wp:term":[{"taxonomy":"category","embeddable":true,"href":"https:\/\/radiorevelacionfm.cl\/index.php?rest_route=%2Fwp%2Fv2%2Fcategories&post=23194"},{"taxonomy":"post_tag","embeddable":true,"href":"https:\/\/radiorevelacionfm.cl\/index.php?rest_route=%2Fwp%2Fv2%2Ftags&post=23194"}],"curies":[{"name":"wp","href":"https:\/\/api.w.org\/{rel}","templated":true}]}}